{"id":3099,"date":"2026-04-30T02:53:25","date_gmt":"2026-04-30T05:53:25","guid":{"rendered":"https:\/\/hiox.com.ar\/hiox\/dos-maestras-de-un-jardin-de-cordoba-fueron-detenidas-por-maltrato-infantil\/"},"modified":"2026-04-30T02:53:25","modified_gmt":"2026-04-30T05:53:25","slug":"dos-maestras-de-un-jardin-de-cordoba-fueron-detenidas-por-maltrato-infantil","status":"publish","type":"post","link":"https:\/\/hiox.com.ar\/hiox\/dos-maestras-de-un-jardin-de-cordoba-fueron-detenidas-por-maltrato-infantil\/","title":{"rendered":"Dos maestras de un jard\u00edn de C\u00f3rdoba fueron detenidas por maltrato infantil"},"content":{"rendered":"<p>Informaci\u00f3n detallada sobre <strong>Dos maestras de un jard\u00edn de C\u00f3rdoba fueron detenidas por maltrato infantil<\/strong>. Te traemos las \u00faltimas noticias sobre Noticia Infobae, un tema de gran inter\u00e9s para hoy 30 April, 2026.<\/p>\n<div class=\"entry-content-body\">\n<div><img loading=\"lazy\" decoding=\"async\" src=\"https:\/\/www.infobae.com\/resizer\/v2\/VRJUPURVD5D2HDHM5YIGMGGQRE.jpg?auth=decd4fb4b812190bb30232b85a8523e58ee77e594bcbd72f4adb419c953e4dc6&amp;smart=true&amp;width=5472&amp;height=3648\" alt=\"La Justicia est\u00e1 a la espera de conocer los informes t\u00e9cnicos y pericias del caso\" height=\"3648\" width=\"5472\"><\/p>\n<p>Dos docentes de un jard\u00edn de infantes de<b> Villa Carlos Paz<\/b>, provincia de <b>C\u00f3rdoba<\/b>, fueron detenidas en el marco de una causa por presunto <a href=\"https:\/\/www.infobae.com\/tag\/maltrato-infantil\/\" target=\"_blank\" rel=\"noreferrer\" title=\"https:\/\/www.infobae.com\/tag\/maltrato-infantil\/\"><b>maltrato infantil<\/b><\/a>. No se descarta que se sumen nuevas denuncias a la causa. El caso tiene como v\u00edctimas a ni\u00f1as de 4 a\u00f1os que asist\u00edan a la misma sala dentro de la instituci\u00f3n.<\/p>\n<p>Desde que el caso tom\u00f3 estado p\u00fablico, entre 10 y 14 familias habr\u00edan optado por retirar a sus hijos del jard\u00edn de infantes, preocupadas por la falta de respuestas y el avance de la causa judicial. Mientras tanto, la Justicia trabaja en la recolecci\u00f3n de testimonios y pruebas que permitan determinar la existencia o no de hechos vinculados entre las denuncias.<\/p>\n<p>A ra\u00edz de esto, este mismo mi\u00e9rcoles la Fiscal\u00eda de Instrucci\u00f3n del Distrito III Turno 6, a cargo de Iv\u00e1n Rodr\u00edguez, confirm\u00f3 la detenci\u00f3n de dos docentes que podr\u00edan estar implicadas en el caso por presuntos maltratos. <\/p>\n<p>Seg\u00fan el Ministerio P\u00fablico Fiscal, la primera detenida se trat\u00f3 de la docente que estaba a cargo de la sala donde habr\u00edan ocurrido los hechos. El arresto se produjo hace varios d\u00edas, por lo que se le tomar\u00e1 declaraci\u00f3n en car\u00e1cter de imputada. En l\u00ednea con esto, el fiscal a cargo del caso le atribuir\u00eda cargos como presunta autora de <b>lesiones leves calificadas por alevos\u00eda reiteradas<\/b>.<\/p>\n<p>En cuanto a la segunda detenida, afirmaron que se trata la directora de la instituci\u00f3n. El pedido fue argumentado bajo la premisa de que la acusada<b> habr\u00eda tenido conocimiento de los hechos<\/b>, por lo que fue imputada por el delito de encubrimiento.<\/p>\n<p><img loading=\"lazy\" decoding=\"async\" src=\"https:\/\/www.infobae.com\/resizer\/v2\/7KBIKCSCXRCGVN6W3VETSINZWE.png?auth=af5efb7f040ee55fd4db83123b49e3fab5d76f2e763ce1d55afb375189b34226&amp;smart=true&amp;width=1920&amp;height=1080\" alt=\"En los pr\u00f3ximos d\u00edas, se le tomar\u00eda declaraci\u00f3n a las docentes detenidas\" height=\"1080\" width=\"1920\"><\/p>\n<p>La m\u00e1s reciente denuncia fue presentada por la madre de una alumna, quien advirti\u00f3 cambios de conducta y episodios de pesadillas en su hija a lo largo de varios meses. Seg\u00fan explic\u00f3 la abogada <b>Macarena Mart\u00edn Ubiergo<\/b>, representante de las familias, <b>la comunicaci\u00f3n entre las madres permiti\u00f3 detectar similitudes en los relatos de las menores<\/b>.<\/p>\n<p>En esta tercera denuncia, a diferencia de las anteriores, no se pudo establecer una fecha precisa del supuesto abuso, aunque los relatos ubicaron el episodio en un per\u00edodo cercano al de las primeras presentaciones. Asimismo, trascendi\u00f3 que se tratar\u00eda de una menor que tambi\u00e9n compart\u00eda la misma sala que las primeras dos denunciantes.<\/p>\n<p>De acuerdo con la informaci\u00f3n publicada por <i>El Doce.tv<\/i>, las familias denunciantes tambi\u00e9n manifestaron disconformidad con la respuesta brindada por la instituci\u00f3n educativa. Seg\u00fan indic\u00f3 la abogada, el \u00fanico contacto formal fue una reuni\u00f3n breve con<b> el representante legal del colegio, quien les inform\u00f3 que \u201cya se investigar\u00e1\u201d<\/b>. No obstante, sostuvo que la situaci\u00f3n no tendr\u00eda relaci\u00f3n con el \u00e1mbito escolar.<\/p>\n<p>Frente a esto, Mart\u00edn Ubiergo cuestion\u00f3 la actitud de la instituci\u00f3n al se\u00f1alar: \u201cEstamos hablando de familias que han tenido a sus hijos por m\u00e1s de 10 a\u00f1os en la instituci\u00f3n y la realidad es que las respuestas han sido pr\u00e1cticamente nulas\u201d.<\/p>\n<p><img loading=\"lazy\" decoding=\"async\" src=\"https:\/\/www.infobae.com\/resizer\/v2\/55YCXPSVSFEALLPGGSAAMS7GME.jpg?auth=d4b59323975d58968ca92b8ab20295d4b315ac244782cb1bf8604b1a51032a36&amp;smart=true&amp;width=1920&amp;height=1280\" alt=\"Algunas de las v\u00edctimas ser\u00edan nenas de cuatro a\u00f1os (GVA EDUCACI\u00d3)\n\" height=\"1280\" width=\"1920\"><\/p>\n<h2>El relato de la mam\u00e1 de uno de los menores que habr\u00eda sido v\u00edctima<\/h2>\n<p>Una madre denunci\u00f3 que su hijo de ocho meses result\u00f3 con m\u00faltiples lesiones tras asistir a un jard\u00edn de infantes en C\u00f3rdoba el pasado 19 de febrero, d\u00eda del paro general. <b>Fernanda<\/b>, madre del menor, relat\u00f3 que fue notificada por la directora del establecimiento a las 10:50 horas mientras trabajaba. Seg\u00fan su testimonio, le informaron que <b>\u201cse hab\u00eda golpeado\u201d<\/b> y acus\u00f3 a la escuela de intentar minimizar la situaci\u00f3n al asegurar que solo presentaba un <b>\u201cgolpecito en la cara\u201d<\/b>.<\/p>\n<p>Al no poder acudir de inmediato, la mujer le pidi\u00f3 a su madre que retirara al ni\u00f1o, pero se encontr\u00f3 con obst\u00e1culos para que la dejara ingresar. La situaci\u00f3n le gener\u00f3 sospechas sobre la gravedad del incidente. Finalmente, al llegar al jard\u00edn, <b>hall\u00f3 a su hijo con m\u00faltiples golpes <\/b>y consult\u00f3 si se hab\u00eda llamado a emergencias, pero la directora respondi\u00f3 que no lo consider\u00f3 necesario, ya que \u201cestaba bien \u00e9l\u201d.<\/p>\n<p>Fernanda narr\u00f3 que la explicaci\u00f3n de la docente difer\u00eda de la versi\u00f3n de la directora. Mientras que la primera asegur\u00f3 que el ni\u00f1o solo \u201cse hab\u00eda raspado\u201d, la segunda insist\u00eda en que el golpe era menor. Ambas versiones fueron ofrecidas tanto a Fernanda como a su madre.<\/p>\n<p><img loading=\"lazy\" decoding=\"async\" src=\"https:\/\/www.infobae.com\/resizer\/v2\/SA4Z7JIMW5BMPH2PK525FYHX7Y.jpg?auth=ecedfa43c3089a5266ab79f85466eb9958141ffe2877a7b072fc769220251ea6&amp;smart=true&amp;width=450&amp;height=300\" alt=\"Una de las v\u00edctimas se tratar\u00eda de un beb\u00e9 que ten\u00eda 18 meses al momento de radicarse la denuncia (Cortes\u00eda: Beb\u00e9s y m\u00e1s)\" height=\"300\" width=\"450\"><\/p>\n<p>Debido a que no se pidi\u00f3 asistencia m\u00e9dica, la mujer llev\u00f3 al menor de inmediato a una cl\u00ednica, donde permaneci\u00f3 bajo observaci\u00f3n durante seis horas.<b> \u201cLe hicieron tomograf\u00eda, le hicieron laboratorio, lo tuvieron en observaci\u00f3n seis horas\u201d<\/b>, precis\u00f3.<\/p>\n<p>Por recomendaci\u00f3n m\u00e9dica, Fernanda present\u00f3 la denuncia ante la Justicia. Incluso, intent\u00f3 acceder a las grabaciones de las c\u00e1maras de seguridad del jard\u00edn, pero la respuesta no fue inmediata, ya que le indicaron que requer\u00eda autorizaci\u00f3n de los padres de los dem\u00e1s alumnos.<\/p>\n<p>En l\u00ednea con esto, la madre indic\u00f3 que no era la primera vez que detectaba marcas en su hijo tras asistir al jard\u00edn. En una oportunidad, <b>record\u00f3 haber observado un hematoma en el ojo, un corte en la oreja y, en la \u00faltima oportunidad, lesiones m\u00e1s evidentes<\/b>.<\/p>\n<p>\u201cOtra vez al mes que iba mi hijo hab\u00eda venido una vez con el ojo medio morado, que yo dije \u2018se ha golpeado\u2019, ellas lo minimizaron, yo lo minimic\u00e9. Dos veces m\u00e1s con un corte en la oreja y la \u00faltima vez que fue demasiado obvio, que algo m\u00e1s hab\u00eda pasado\u201d, relat\u00f3.<\/p>\n<\/div>\n<\/div>\n<hr \/>\n<p>Esta noticia sobre <strong>Dos maestras de un jard\u00edn de C\u00f3rdoba fueron detenidas por maltrato infantil<\/strong> fue publicada originalmente en <a href=\"https:\/\/www.infobae.com\/arc\/outboundfeeds\/rss\/\" target=\"_blank\" rel=\"nofollow\">Infobae.com<\/a>. Puedes ampliar la informaci\u00f3n siguiendo el enlace a la fuente original: <a href=\"https:\/\/www.infobae.com\/sociedad\/policiales\/2026\/04\/30\/dos-maestras-de-un-jardin-de-cordoba-fueron-detenidas-por-maltrato-infantil\/\" target=\"_blank\" rel=\"noopener noreferrer\">Dos maestras de un jard\u00edn de C\u00f3rdoba fueron detenidas por maltrato infantil<\/a>.<\/p>\n<p><small>Categor\u00eda: Noticia Infobae | Fecha: 30 April, 2026<\/small><\/p>\n","protected":false},"excerpt":{"rendered":"<div>Mientras la Fiscal\u00eda espera los resultados de informes y pericias, anticiparon que en los pr\u00f3ximos d\u00edas le tomar\u00e1n declaraci\u00f3n a las docentes acusadas. Una de las familias cont\u00f3 que su hijo lleg\u00f3 \u201ctodo golpeado\u201d tras asistir a la instituci\u00f3n<\/div>\n","protected":false},"author":3,"featured_media":0,"comment_status":"open","ping_status":"open","sticky":false,"template":"","format":"standard","meta":{"site-sidebar-layout":"default","site-content-layout":"","ast-site-content-layout":"default","site-content-style":"default","site-sidebar-style":"default","ast-global-header-display":"","ast-banner-title-visibility":"","ast-main-header-display":"","ast-hfb-above-header-display":"","ast-hfb-below-header-display":"","ast-hfb-mobile-header-display":"","site-post-title":"","ast-breadcrumbs-content":"","ast-featured-img":"","footer-sml-layout":"","ast-disable-related-posts":"","theme-transparent-header-meta":"","adv-header-id-meta":"","stick-header-meta":"","header-above-stick-meta":"","header-main-stick-meta":"","header-below-stick-meta":"","astra-migrate-meta-layouts":"default","ast-page-background-enabled":"default","ast-page-background-meta":{"desktop":{"background-color":"var(--ast-global-color-5)","background-image":"","background-repeat":"repeat","background-position":"center center","background-size":"auto","background-attachment":"scroll","background-type":"","background-media":"","overlay-type":"","overlay-color":"","overlay-opacity":"","overlay-gradient":""},"tablet":{"background-color":"","background-image":"","background-repeat":"repeat","background-position":"center center","background-size":"auto","background-attachment":"scroll","background-type":"","background-media":"","overlay-type":"","overlay-color":"","overlay-opacity":"","overlay-gradient":""},"mobile":{"background-color":"","background-image":"","background-repeat":"repeat","background-position":"center center","background-size":"auto","background-attachment":"scroll","background-type":"","background-media":"","overlay-type":"","overlay-color":"","overlay-opacity":"","overlay-gradient":""}},"ast-content-background-meta":{"desktop":{"background-color":"var(--ast-global-color-4)","background-image":"","background-repeat":"repeat","background-position":"center center","background-size":"auto","background-attachment":"scroll","background-type":"","background-media":"","overlay-type":"","overlay-color":"","overlay-opacity":"","overlay-gradient":""},"tablet":{"background-color":"var(--ast-global-color-4)","background-image":"","background-repeat":"repeat","background-position":"center center","background-size":"auto","background-attachment":"scroll","background-type":"","background-media":"","overlay-type":"","overlay-color":"","overlay-opacity":"","overlay-gradient":""},"mobile":{"background-color":"var(--ast-global-color-4)","background-image":"","background-repeat":"repeat","background-position":"center center","background-size":"auto","background-attachment":"scroll","background-type":"","background-media":"","overlay-type":"","overlay-color":"","overlay-opacity":"","overlay-gradient":""}},"fifu_image_url":"","fifu_image_alt":"","footnotes":""},"categories":[23],"tags":[25,27,24,26],"class_list":["post-3099","post","type-post","status-publish","format-standard","hentry","category-noticias","tag-infobae","tag-informacion-general","tag-noticias","tag-novedades"],"yoast_head":"<!-- This site is optimized with the Yoast SEO plugin v27.5 - https:\/\/yoast.com\/product\/yoast-seo-wordpress\/ -->\n<title>Dos maestras de un jard\u00edn de C\u00f3rdoba fueron detenidas por maltrato infantil - HIOX<\/title>\n<meta name=\"description\" content=\"Dos maestras de un jard\u00edn de C\u00f3rdoba fueron detenidas por maltrato infantil. Mientras la Fiscal\u00eda espera los resultados de informes y pericias, anticiparon que en los pr\u00f3ximos d\u00edas le tomar\u00e1n declaraci\u00f3n a las docentes acusadas. Una de las familias cont\u00f3 que su hijo lleg\u00f3 \u201ctodo golpeado\u201d tras asistir a la instituci\u00f3n\" \/>\n<meta name=\"robots\" content=\"index, follow, max-snippet:-1, max-image-preview:large, max-video-preview:-1\" \/>\n<link rel=\"canonical\" href=\"https:\/\/hiox.com.ar\/hiox\/dos-maestras-de-un-jardin-de-cordoba-fueron-detenidas-por-maltrato-infantil\/\" \/>\n<meta property=\"og:locale\" content=\"es_ES\" \/>\n<meta property=\"og:type\" content=\"article\" \/>\n<meta property=\"og:title\" content=\"Dos maestras de un jard\u00edn de C\u00f3rdoba fueron detenidas por maltrato infantil - HIOX\" \/>\n<meta property=\"og:description\" content=\"Dos maestras de un jard\u00edn de C\u00f3rdoba fueron detenidas por maltrato infantil. Mientras la Fiscal\u00eda espera los resultados de informes y pericias, anticiparon que en los pr\u00f3ximos d\u00edas le tomar\u00e1n declaraci\u00f3n a las docentes acusadas. Una de las familias cont\u00f3 que su hijo lleg\u00f3 \u201ctodo golpeado\u201d tras asistir a la instituci\u00f3n\" \/>\n<meta property=\"og:url\" content=\"https:\/\/hiox.com.ar\/hiox\/dos-maestras-de-un-jardin-de-cordoba-fueron-detenidas-por-maltrato-infantil\/\" \/>\n<meta property=\"og:site_name\" content=\"HIOX\" \/>\n<meta property=\"article:published_time\" content=\"2026-04-30T05:53:25+00:00\" \/>\n<meta property=\"og:image\" content=\"https:\/\/www.infobae.com\/resizer\/v2\/VRJUPURVD5D2HDHM5YIGMGGQRE.jpg?auth=decd4fb4b812190bb30232b85a8523e58ee77e594bcbd72f4adb419c953e4dc6&amp;smart=true&amp;width=5472&amp;height=3648\" \/>\n<meta name=\"author\" content=\"Source Author\" \/>\n<meta name=\"twitter:card\" content=\"summary_large_image\" \/>\n<meta name=\"twitter:label1\" content=\"Escrito por\" \/>\n\t<meta name=\"twitter:data1\" content=\"Source Author\" \/>\n\t<meta name=\"twitter:label2\" content=\"Tiempo de lectura\" \/>\n\t<meta name=\"twitter:data2\" content=\"5 minutos\" \/>\n<script type=\"application\/ld+json\" class=\"yoast-schema-graph\">{\"@context\":\"https:\\\/\\\/schema.org\",\"@graph\":[{\"@type\":\"NewsArticle\",\"@id\":\"https:\\\/\\\/hiox.com.ar\\\/hiox\\\/dos-maestras-de-un-jardin-de-cordoba-fueron-detenidas-por-maltrato-infantil\\\/#article\",\"isPartOf\":{\"@id\":\"https:\\\/\\\/hiox.com.ar\\\/hiox\\\/dos-maestras-de-un-jardin-de-cordoba-fueron-detenidas-por-maltrato-infantil\\\/\"},\"author\":{\"name\":\"Source Author\",\"@id\":\"https:\\\/\\\/hiox.com.ar\\\/hiox\\\/#\\\/schema\\\/person\\\/f70183b020df72016f0614086c3cf170\"},\"headline\":\"Dos maestras de un jard\u00edn de C\u00f3rdoba fueron detenidas por maltrato infantil\",\"datePublished\":\"2026-04-30T05:53:25+00:00\",\"mainEntityOfPage\":{\"@id\":\"https:\\\/\\\/hiox.com.ar\\\/hiox\\\/dos-maestras-de-un-jardin-de-cordoba-fueron-detenidas-por-maltrato-infantil\\\/\"},\"wordCount\":1056,\"commentCount\":0,\"publisher\":{\"@id\":\"https:\\\/\\\/hiox.com.ar\\\/hiox\\\/#organization\"},\"image\":{\"@id\":\"https:\\\/\\\/hiox.com.ar\\\/hiox\\\/dos-maestras-de-un-jardin-de-cordoba-fueron-detenidas-por-maltrato-infantil\\\/#primaryimage\"},\"thumbnailUrl\":\"https:\\\/\\\/www.infobae.com\\\/resizer\\\/v2\\\/VRJUPURVD5D2HDHM5YIGMGGQRE.jpg?auth=decd4fb4b812190bb30232b85a8523e58ee77e594bcbd72f4adb419c953e4dc6&amp;smart=true&amp;width=5472&amp;height=3648\",\"keywords\":[\"Infobae\",\"Informaci\u00f3n General\",\"Noticias\",\"Novedades\"],\"articleSection\":[\"\ud83d\udcf0 Noticias \ud83d\uddde\ufe0f\"],\"inLanguage\":\"es\",\"potentialAction\":[{\"@type\":\"CommentAction\",\"name\":\"Comment\",\"target\":[\"https:\\\/\\\/hiox.com.ar\\\/hiox\\\/dos-maestras-de-un-jardin-de-cordoba-fueron-detenidas-por-maltrato-infantil\\\/#respond\"]}]},{\"@type\":[\"WebPage\",\"ItemPage\"],\"@id\":\"https:\\\/\\\/hiox.com.ar\\\/hiox\\\/dos-maestras-de-un-jardin-de-cordoba-fueron-detenidas-por-maltrato-infantil\\\/\",\"url\":\"https:\\\/\\\/hiox.com.ar\\\/hiox\\\/dos-maestras-de-un-jardin-de-cordoba-fueron-detenidas-por-maltrato-infantil\\\/\",\"name\":\"Dos maestras de un jard\u00edn de C\u00f3rdoba fueron detenidas por maltrato infantil - HIOX\",\"isPartOf\":{\"@id\":\"https:\\\/\\\/hiox.com.ar\\\/hiox\\\/#website\"},\"primaryImageOfPage\":{\"@id\":\"https:\\\/\\\/hiox.com.ar\\\/hiox\\\/dos-maestras-de-un-jardin-de-cordoba-fueron-detenidas-por-maltrato-infantil\\\/#primaryimage\"},\"image\":{\"@id\":\"https:\\\/\\\/hiox.com.ar\\\/hiox\\\/dos-maestras-de-un-jardin-de-cordoba-fueron-detenidas-por-maltrato-infantil\\\/#primaryimage\"},\"thumbnailUrl\":\"https:\\\/\\\/www.infobae.com\\\/resizer\\\/v2\\\/VRJUPURVD5D2HDHM5YIGMGGQRE.jpg?auth=decd4fb4b812190bb30232b85a8523e58ee77e594bcbd72f4adb419c953e4dc6&amp;smart=true&amp;width=5472&amp;height=3648\",\"datePublished\":\"2026-04-30T05:53:25+00:00\",\"description\":\"Dos maestras de un jard\u00edn de C\u00f3rdoba fueron detenidas por maltrato infantil. Mientras la Fiscal\u00eda espera los resultados de informes y pericias, anticiparon que en los pr\u00f3ximos d\u00edas le tomar\u00e1n declaraci\u00f3n a las docentes acusadas. Una de las familias cont\u00f3 que su hijo lleg\u00f3 \u201ctodo golpeado\u201d tras asistir a la instituci\u00f3n\",\"breadcrumb\":{\"@id\":\"https:\\\/\\\/hiox.com.ar\\\/hiox\\\/dos-maestras-de-un-jardin-de-cordoba-fueron-detenidas-por-maltrato-infantil\\\/#breadcrumb\"},\"inLanguage\":\"es\",\"potentialAction\":[{\"@type\":\"ReadAction\",\"target\":[\"https:\\\/\\\/hiox.com.ar\\\/hiox\\\/dos-maestras-de-un-jardin-de-cordoba-fueron-detenidas-por-maltrato-infantil\\\/\"]}]},{\"@type\":\"ImageObject\",\"inLanguage\":\"es\",\"@id\":\"https:\\\/\\\/hiox.com.ar\\\/hiox\\\/dos-maestras-de-un-jardin-de-cordoba-fueron-detenidas-por-maltrato-infantil\\\/#primaryimage\",\"url\":\"https:\\\/\\\/www.infobae.com\\\/resizer\\\/v2\\\/VRJUPURVD5D2HDHM5YIGMGGQRE.jpg?auth=decd4fb4b812190bb30232b85a8523e58ee77e594bcbd72f4adb419c953e4dc6&amp;smart=true&amp;width=5472&amp;height=3648\",\"contentUrl\":\"https:\\\/\\\/www.infobae.com\\\/resizer\\\/v2\\\/VRJUPURVD5D2HDHM5YIGMGGQRE.jpg?auth=decd4fb4b812190bb30232b85a8523e58ee77e594bcbd72f4adb419c953e4dc6&amp;smart=true&amp;width=5472&amp;height=3648\"},{\"@type\":\"BreadcrumbList\",\"@id\":\"https:\\\/\\\/hiox.com.ar\\\/hiox\\\/dos-maestras-de-un-jardin-de-cordoba-fueron-detenidas-por-maltrato-infantil\\\/#breadcrumb\",\"itemListElement\":[{\"@type\":\"ListItem\",\"position\":1,\"name\":\"Portada\",\"item\":\"https:\\\/\\\/hiox.com.ar\\\/hiox\\\/\"},{\"@type\":\"ListItem\",\"position\":2,\"name\":\"Dos maestras de un jard\u00edn de C\u00f3rdoba fueron detenidas por maltrato infantil\"}]},{\"@type\":\"WebSite\",\"@id\":\"https:\\\/\\\/hiox.com.ar\\\/hiox\\\/#website\",\"url\":\"https:\\\/\\\/hiox.com.ar\\\/hiox\\\/\",\"name\":\"HIOX\",\"description\":\"Comercio Electronico\",\"publisher\":{\"@id\":\"https:\\\/\\\/hiox.com.ar\\\/hiox\\\/#organization\"},\"potentialAction\":[{\"@type\":\"SearchAction\",\"target\":{\"@type\":\"EntryPoint\",\"urlTemplate\":\"https:\\\/\\\/hiox.com.ar\\\/hiox\\\/?s={search_term_string}\"},\"query-input\":{\"@type\":\"PropertyValueSpecification\",\"valueRequired\":true,\"valueName\":\"search_term_string\"}}],\"inLanguage\":\"es\"},{\"@type\":\"Organization\",\"@id\":\"https:\\\/\\\/hiox.com.ar\\\/hiox\\\/#organization\",\"name\":\"HIOX\",\"url\":\"https:\\\/\\\/hiox.com.ar\\\/hiox\\\/\",\"logo\":{\"@type\":\"ImageObject\",\"inLanguage\":\"es\",\"@id\":\"https:\\\/\\\/hiox.com.ar\\\/hiox\\\/#\\\/schema\\\/logo\\\/image\\\/\",\"url\":\"https:\\\/\\\/hiox.com.ar\\\/hiox\\\/wp-content\\\/uploads\\\/2025\\\/09\\\/cropped-hiox_logo-1.png\",\"contentUrl\":\"https:\\\/\\\/hiox.com.ar\\\/hiox\\\/wp-content\\\/uploads\\\/2025\\\/09\\\/cropped-hiox_logo-1.png\",\"width\":491,\"height\":158,\"caption\":\"HIOX\"},\"image\":{\"@id\":\"https:\\\/\\\/hiox.com.ar\\\/hiox\\\/#\\\/schema\\\/logo\\\/image\\\/\"}},{\"@type\":\"Person\",\"@id\":\"https:\\\/\\\/hiox.com.ar\\\/hiox\\\/#\\\/schema\\\/person\\\/f70183b020df72016f0614086c3cf170\",\"name\":\"Source Author\",\"image\":{\"@type\":\"ImageObject\",\"inLanguage\":\"es\",\"@id\":\"https:\\\/\\\/secure.gravatar.com\\\/avatar\\\/428a8106f8313bec42aca4e38ea86950b6e88a21b0f2764f9f7a4365dc1017a5?s=96&d=mm&r=g\",\"url\":\"https:\\\/\\\/secure.gravatar.com\\\/avatar\\\/428a8106f8313bec42aca4e38ea86950b6e88a21b0f2764f9f7a4365dc1017a5?s=96&d=mm&r=g\",\"contentUrl\":\"https:\\\/\\\/secure.gravatar.com\\\/avatar\\\/428a8106f8313bec42aca4e38ea86950b6e88a21b0f2764f9f7a4365dc1017a5?s=96&d=mm&r=g\",\"caption\":\"Source Author\"},\"url\":\"https:\\\/\\\/hiox.com.ar\\\/hiox\\\/author\\\/wpra-source-author-site-1\\\/\"}]}<\/script>\n<!-- \/ Yoast SEO plugin. -->","yoast_head_json":{"title":"Dos maestras de un jard\u00edn de C\u00f3rdoba fueron detenidas por maltrato infantil - HIOX","description":"Dos maestras de un jard\u00edn de C\u00f3rdoba fueron detenidas por maltrato infantil. Mientras la Fiscal\u00eda espera los resultados de informes y pericias, anticiparon que en los pr\u00f3ximos d\u00edas le tomar\u00e1n declaraci\u00f3n a las docentes acusadas. Una de las familias cont\u00f3 que su hijo lleg\u00f3 \u201ctodo golpeado\u201d tras asistir a la instituci\u00f3n","robots":{"index":"index","follow":"follow","max-snippet":"max-snippet:-1","max-image-preview":"max-image-preview:large","max-video-preview":"max-video-preview:-1"},"canonical":"https:\/\/hiox.com.ar\/hiox\/dos-maestras-de-un-jardin-de-cordoba-fueron-detenidas-por-maltrato-infantil\/","og_locale":"es_ES","og_type":"article","og_title":"Dos maestras de un jard\u00edn de C\u00f3rdoba fueron detenidas por maltrato infantil - HIOX","og_description":"Dos maestras de un jard\u00edn de C\u00f3rdoba fueron detenidas por maltrato infantil. Mientras la Fiscal\u00eda espera los resultados de informes y pericias, anticiparon que en los pr\u00f3ximos d\u00edas le tomar\u00e1n declaraci\u00f3n a las docentes acusadas. Una de las familias cont\u00f3 que su hijo lleg\u00f3 \u201ctodo golpeado\u201d tras asistir a la instituci\u00f3n","og_url":"https:\/\/hiox.com.ar\/hiox\/dos-maestras-de-un-jardin-de-cordoba-fueron-detenidas-por-maltrato-infantil\/","og_site_name":"HIOX","article_published_time":"2026-04-30T05:53:25+00:00","og_image":[{"url":"https:\/\/www.infobae.com\/resizer\/v2\/VRJUPURVD5D2HDHM5YIGMGGQRE.jpg?auth=decd4fb4b812190bb30232b85a8523e58ee77e594bcbd72f4adb419c953e4dc6&amp;smart=true&amp;width=5472&amp;height=3648","type":"","width":"","height":""}],"author":"Source Author","twitter_card":"summary_large_image","twitter_misc":{"Escrito por":"Source Author","Tiempo de lectura":"5 minutos"},"schema":{"@context":"https:\/\/schema.org","@graph":[{"@type":"NewsArticle","@id":"https:\/\/hiox.com.ar\/hiox\/dos-maestras-de-un-jardin-de-cordoba-fueron-detenidas-por-maltrato-infantil\/#article","isPartOf":{"@id":"https:\/\/hiox.com.ar\/hiox\/dos-maestras-de-un-jardin-de-cordoba-fueron-detenidas-por-maltrato-infantil\/"},"author":{"name":"Source Author","@id":"https:\/\/hiox.com.ar\/hiox\/#\/schema\/person\/f70183b020df72016f0614086c3cf170"},"headline":"Dos maestras de un jard\u00edn de C\u00f3rdoba fueron detenidas por maltrato infantil","datePublished":"2026-04-30T05:53:25+00:00","mainEntityOfPage":{"@id":"https:\/\/hiox.com.ar\/hiox\/dos-maestras-de-un-jardin-de-cordoba-fueron-detenidas-por-maltrato-infantil\/"},"wordCount":1056,"commentCount":0,"publisher":{"@id":"https:\/\/hiox.com.ar\/hiox\/#organization"},"image":{"@id":"https:\/\/hiox.com.ar\/hiox\/dos-maestras-de-un-jardin-de-cordoba-fueron-detenidas-por-maltrato-infantil\/#primaryimage"},"thumbnailUrl":"https:\/\/www.infobae.com\/resizer\/v2\/VRJUPURVD5D2HDHM5YIGMGGQRE.jpg?auth=decd4fb4b812190bb30232b85a8523e58ee77e594bcbd72f4adb419c953e4dc6&amp;smart=true&amp;width=5472&amp;height=3648","keywords":["Infobae","Informaci\u00f3n General","Noticias","Novedades"],"articleSection":["\ud83d\udcf0 Noticias \ud83d\uddde\ufe0f"],"inLanguage":"es","potentialAction":[{"@type":"CommentAction","name":"Comment","target":["https:\/\/hiox.com.ar\/hiox\/dos-maestras-de-un-jardin-de-cordoba-fueron-detenidas-por-maltrato-infantil\/#respond"]}]},{"@type":["WebPage","ItemPage"],"@id":"https:\/\/hiox.com.ar\/hiox\/dos-maestras-de-un-jardin-de-cordoba-fueron-detenidas-por-maltrato-infantil\/","url":"https:\/\/hiox.com.ar\/hiox\/dos-maestras-de-un-jardin-de-cordoba-fueron-detenidas-por-maltrato-infantil\/","name":"Dos maestras de un jard\u00edn de C\u00f3rdoba fueron detenidas por maltrato infantil - HIOX","isPartOf":{"@id":"https:\/\/hiox.com.ar\/hiox\/#website"},"primaryImageOfPage":{"@id":"https:\/\/hiox.com.ar\/hiox\/dos-maestras-de-un-jardin-de-cordoba-fueron-detenidas-por-maltrato-infantil\/#primaryimage"},"image":{"@id":"https:\/\/hiox.com.ar\/hiox\/dos-maestras-de-un-jardin-de-cordoba-fueron-detenidas-por-maltrato-infantil\/#primaryimage"},"thumbnailUrl":"https:\/\/www.infobae.com\/resizer\/v2\/VRJUPURVD5D2HDHM5YIGMGGQRE.jpg?auth=decd4fb4b812190bb30232b85a8523e58ee77e594bcbd72f4adb419c953e4dc6&amp;smart=true&amp;width=5472&amp;height=3648","datePublished":"2026-04-30T05:53:25+00:00","description":"Dos maestras de un jard\u00edn de C\u00f3rdoba fueron detenidas por maltrato infantil. Mientras la Fiscal\u00eda espera los resultados de informes y pericias, anticiparon que en los pr\u00f3ximos d\u00edas le tomar\u00e1n declaraci\u00f3n a las docentes acusadas. Una de las familias cont\u00f3 que su hijo lleg\u00f3 \u201ctodo golpeado\u201d tras asistir a la instituci\u00f3n","breadcrumb":{"@id":"https:\/\/hiox.com.ar\/hiox\/dos-maestras-de-un-jardin-de-cordoba-fueron-detenidas-por-maltrato-infantil\/#breadcrumb"},"inLanguage":"es","potentialAction":[{"@type":"ReadAction","target":["https:\/\/hiox.com.ar\/hiox\/dos-maestras-de-un-jardin-de-cordoba-fueron-detenidas-por-maltrato-infantil\/"]}]},{"@type":"ImageObject","inLanguage":"es","@id":"https:\/\/hiox.com.ar\/hiox\/dos-maestras-de-un-jardin-de-cordoba-fueron-detenidas-por-maltrato-infantil\/#primaryimage","url":"https:\/\/www.infobae.com\/resizer\/v2\/VRJUPURVD5D2HDHM5YIGMGGQRE.jpg?auth=decd4fb4b812190bb30232b85a8523e58ee77e594bcbd72f4adb419c953e4dc6&amp;smart=true&amp;width=5472&amp;height=3648","contentUrl":"https:\/\/www.infobae.com\/resizer\/v2\/VRJUPURVD5D2HDHM5YIGMGGQRE.jpg?auth=decd4fb4b812190bb30232b85a8523e58ee77e594bcbd72f4adb419c953e4dc6&amp;smart=true&amp;width=5472&amp;height=3648"},{"@type":"BreadcrumbList","@id":"https:\/\/hiox.com.ar\/hiox\/dos-maestras-de-un-jardin-de-cordoba-fueron-detenidas-por-maltrato-infantil\/#breadcrumb","itemListElement":[{"@type":"ListItem","position":1,"name":"Portada","item":"https:\/\/hiox.com.ar\/hiox\/"},{"@type":"ListItem","position":2,"name":"Dos maestras de un jard\u00edn de C\u00f3rdoba fueron detenidas por maltrato infantil"}]},{"@type":"WebSite","@id":"https:\/\/hiox.com.ar\/hiox\/#website","url":"https:\/\/hiox.com.ar\/hiox\/","name":"HIOX","description":"Comercio Electronico","publisher":{"@id":"https:\/\/hiox.com.ar\/hiox\/#organization"},"potentialAction":[{"@type":"SearchAction","target":{"@type":"EntryPoint","urlTemplate":"https:\/\/hiox.com.ar\/hiox\/?s={search_term_string}"},"query-input":{"@type":"PropertyValueSpecification","valueRequired":true,"valueName":"search_term_string"}}],"inLanguage":"es"},{"@type":"Organization","@id":"https:\/\/hiox.com.ar\/hiox\/#organization","name":"HIOX","url":"https:\/\/hiox.com.ar\/hiox\/","logo":{"@type":"ImageObject","inLanguage":"es","@id":"https:\/\/hiox.com.ar\/hiox\/#\/schema\/logo\/image\/","url":"https:\/\/hiox.com.ar\/hiox\/wp-content\/uploads\/2025\/09\/cropped-hiox_logo-1.png","contentUrl":"https:\/\/hiox.com.ar\/hiox\/wp-content\/uploads\/2025\/09\/cropped-hiox_logo-1.png","width":491,"height":158,"caption":"HIOX"},"image":{"@id":"https:\/\/hiox.com.ar\/hiox\/#\/schema\/logo\/image\/"}},{"@type":"Person","@id":"https:\/\/hiox.com.ar\/hiox\/#\/schema\/person\/f70183b020df72016f0614086c3cf170","name":"Source Author","image":{"@type":"ImageObject","inLanguage":"es","@id":"https:\/\/secure.gravatar.com\/avatar\/428a8106f8313bec42aca4e38ea86950b6e88a21b0f2764f9f7a4365dc1017a5?s=96&d=mm&r=g","url":"https:\/\/secure.gravatar.com\/avatar\/428a8106f8313bec42aca4e38ea86950b6e88a21b0f2764f9f7a4365dc1017a5?s=96&d=mm&r=g","contentUrl":"https:\/\/secure.gravatar.com\/avatar\/428a8106f8313bec42aca4e38ea86950b6e88a21b0f2764f9f7a4365dc1017a5?s=96&d=mm&r=g","caption":"Source Author"},"url":"https:\/\/hiox.com.ar\/hiox\/author\/wpra-source-author-site-1\/"}]}},"_links":{"self":[{"href":"https:\/\/hiox.com.ar\/hiox\/wp-json\/wp\/v2\/posts\/3099","targetHints":{"allow":["GET"]}}],"collection":[{"href":"https:\/\/hiox.com.ar\/hiox\/wp-json\/wp\/v2\/posts"}],"about":[{"href":"https:\/\/hiox.com.ar\/hiox\/wp-json\/wp\/v2\/types\/post"}],"author":[{"embeddable":true,"href":"https:\/\/hiox.com.ar\/hiox\/wp-json\/wp\/v2\/users\/3"}],"replies":[{"embeddable":true,"href":"https:\/\/hiox.com.ar\/hiox\/wp-json\/wp\/v2\/comments?post=3099"}],"version-history":[{"count":0,"href":"https:\/\/hiox.com.ar\/hiox\/wp-json\/wp\/v2\/posts\/3099\/revisions"}],"wp:attachment":[{"href":"https:\/\/hiox.com.ar\/hiox\/wp-json\/wp\/v2\/media?parent=3099"}],"wp:term":[{"taxonomy":"category","embeddable":true,"href":"https:\/\/hiox.com.ar\/hiox\/wp-json\/wp\/v2\/categories?post=3099"},{"taxonomy":"post_tag","embeddable":true,"href":"https:\/\/hiox.com.ar\/hiox\/wp-json\/wp\/v2\/tags?post=3099"}],"curies":[{"name":"wp","href":"https:\/\/api.w.org\/{rel}","templated":true}]}}