{"id":3086,"date":"2026-04-29T02:54:30","date_gmt":"2026-04-29T05:54:30","guid":{"rendered":"https:\/\/hiox.com.ar\/hiox\/mayores-de-65-anos-estar-solo-impacta-en-la-memoria-con-el-tiempo\/"},"modified":"2026-04-29T02:54:30","modified_gmt":"2026-04-29T05:54:30","slug":"mayores-de-65-anos-estar-solo-impacta-en-la-memoria-con-el-tiempo","status":"publish","type":"post","link":"https:\/\/hiox.com.ar\/hiox\/mayores-de-65-anos-estar-solo-impacta-en-la-memoria-con-el-tiempo\/","title":{"rendered":"Mayores de 65 a\u00f1os: \u00bfestar solo impacta en la memoria con el tiempo?"},"content":{"rendered":"<p>Informaci\u00f3n detallada sobre <strong>Mayores de 65 a\u00f1os: \u00bfestar solo impacta en la memoria con el tiempo?<\/strong>. Te traemos las \u00faltimas noticias sobre Noticia Infobae, un tema de gran inter\u00e9s para hoy 29 April, 2026.<\/p>\n<div class=\"entry-content-body\">\n<div><img loading=\"lazy\" decoding=\"async\" src=\"https:\/\/www.infobae.com\/resizer\/v2\/KBGU7HKCNBF6JPSMNJECZRYKT4.jpg?auth=c05c2c8ca9e28f9edda13839ad767dc5c4d4d325124c369d9fd35fdbfb48150f&amp;smart=true&amp;width=1456&amp;height=816\" alt=\"El estudio europeo revel\u00f3 que la soledad se asocia con un rendimiento inicial m\u00e1s bajo en pruebas de memoria en adultos mayores pero no influye en la velocidad del deterioro cognitivo a lo largo del tiempo (Imagen Ilustrativa Infobae)\" height=\"816\" width=\"1456\"><\/p>\n<p>La <a href=\"https:\/\/www.infobae.com\/tag\/soledad\/\" target=\"_blank\" rel=\"\" title=\"https:\/\/www.infobae.com\/tag\/soledad\/\"><b>soledad <\/b><\/a><b>no elegida<\/b> se asocia de manera directa con un deterioro en la salud mental, incrementando el <b>riesgo de <\/b><a href=\"https:\/\/www.infobae.com\/tag\/depresion\/\" target=\"_blank\" rel=\"\" title=\"https:\/\/www.infobae.com\/tag\/depresion\/\"><b>depresi\u00f3n<\/b><\/a><b>, trastornos de ansiedad y baja autoestima<\/b>. <\/p>\n<p>Un <a href=\"https:\/\/www.tandfonline.com\/doi\/full\/10.1080\/13607863.2026.2624569#abstract\" target=\"_blank\" rel=\"\" title=\"https:\/\/www.tandfonline.com\/doi\/full\/10.1080\/13607863.2026.2624569#abstract\">estudio <\/a>reciente examin\u00f3 adem\u00e1s c\u00f3mo esta condici\u00f3n impacta la memoria y otras funciones cognitivas y obtuvo una sorpresa. El an\u00e1lisis realizado con m\u00e1s de <b>10 mil<\/b> personas mayores, revel\u00f3 que <b>la soledad<\/b> se vincula con un rendimiento inicial m\u00e1s bajo en pruebas de <b>memoria<\/b>, pero <b>no influye en la velocidad del deterioro cognitivo a lo largo del tiempo. <\/b><\/p>\n<p>Los resultados de la investigaci\u00f3n, publicados en la revista <i>Aging &amp; Mental Health<\/i>, sugieren que, si bien quienes se sienten solos pueden partir de una <b>desventaja <\/b>en su capacidad de <b>recordar informaci\u00f3n<\/b>, el <b>aislamiento no resulta ser un factor que acelere el declive progresivo de la memoria<\/b>, lo que aporta una perspectiva matizada sobre el impacto emocional en la funci\u00f3n cerebral de los adultos mayores.<\/p>\n<p><img loading=\"lazy\" decoding=\"async\" src=\"https:\/\/www.infobae.com\/resizer\/v2\/5HQXFQBOPRDNNPOV3RLRLBAYJU.png?auth=399c9c4b6c5f1aa5eb9bd847d284b660a3f8152b1e0c15fa9b95834c164bf077&amp;smart=true&amp;width=2752&amp;height=1536\" alt=\"Quienes se sienten solos pueden partir de una desventaja en la capacidad de recordar informaci\u00f3n pero no ven acelerado el declive de la memoria (Imagen Ilustrativa Infobae)\" height=\"1536\" width=\"2752\"><\/p>\n<p>El autor principal, <b>Luis Carlos Venegas-Sanabria<\/b>, destac\u00f3 que el hallazgo m\u00e1s sobresaliente fue comprobar que<b> la soledad est\u00e1 \u201cafectando significativamente a la memoria\u201d en el punto de partida<\/b>, \u201cpero <b>no a la velocidad de su deterioro a lo largo del tiempo<\/b>\u201d, lo que calific\u00f3 como \u201cun resultado sorprendente\u201d. <\/p>\n<p>Venegas-Sanabria puntualiz\u00f3 que \u201cla soledad podr\u00eda desempe\u00f1ar un papel m\u00e1s destacado en el estado inicial de la memoria que en su deterioro progresivo\u201d.<\/p>\n<p>Un estudio anterior, <a href=\"https:\/\/www.pnas.org\/doi\/epdf\/10.1073\/pnas.2505936122\" target=\"_blank\" rel=\"\" title=\"https:\/\/www.pnas.org\/doi\/epdf\/10.1073\/pnas.2505936122\"><b>publicado<\/b><\/a> en la revista <i>Proceedings of the National Academy of Sciences<\/i>(PNAS) mostr\u00f3 que las <a href=\"https:\/\/www.infobae.com\/generacion-silver\/2025\/11\/04\/la-soledad-es-el-peor-enemigo-del-envejecimiento-saludable-advierte-jose-jauregui-el-gerontologo-mas-reconocido-de-la-argentina\/\" target=\"_blank\" rel=\"\" title=\"https:\/\/www.infobae.com\/generacion-silver\/2025\/11\/04\/la-soledad-es-el-peor-enemigo-del-envejecimiento-saludable-advierte-jose-jauregui-el-gerontologo-mas-reconocido-de-la-argentina\/\"><b>interacciones sociales <\/b><\/a>no solo enriquecen la vida cotidiana, sino que tambi\u00e9n cumplen una funci\u00f3n esencial en la formaci\u00f3n de <b>memorias duraderas.<\/b><\/p>\n<p>La <a href=\"https:\/\/www.infobae.com\/salud\/2025\/11\/05\/un-estudio-confirmo-que-la-amistad-protege-el-cerebro-y-una-vida-social-activa-fortalece-la-memoria\/\" target=\"_blank\" rel=\"\" title=\"https:\/\/www.infobae.com\/salud\/2025\/11\/05\/un-estudio-confirmo-que-la-amistad-protege-el-cerebro-y-una-vida-social-activa-fortalece-la-memoria\/\">investigaci\u00f3n <\/a>demostr\u00f3 que la <b>actividad social activa <\/b>mecanismos espec\u00edficos en el cerebro, capaces de transformar vivencias moment\u00e1neas en recuerdos persistentes, un descubrimiento que redefine la comprensi\u00f3n de la salud cerebral y la prevenci\u00f3n del deterioro cognitivo.<\/p>\n<h2>Soledad, memoria y deterioro cognitivo<\/h2>\n<p><img loading=\"lazy\" decoding=\"async\" src=\"https:\/\/www.infobae.com\/resizer\/v2\/KBOFNQQY5ZHO7BEK55ASCI3SOE.jpg?auth=427b3ef218cecf289192801cc4a1c3aa95391016f33157a007cba2bb35ea57cd&amp;smart=true&amp;width=1456&amp;height=816\" alt=\"El sentimiento de soledad representa una desventaja inicial pero no incide en el deterioro progresivo de la memoria (Imagen Ilustrativa Infobae)\" height=\"816\" width=\"1456\"><\/p>\n<p>El an\u00e1lisis, liderado por investigadores de la <b>Cl\u00ednica Universitaria de Navarra<\/b>, la <b>Universidad de Valencia<\/b>, la <b>Universidad del Rosario en Colombia<\/b> y el <b>Instituto Karolinska en Suecia<\/b>, se bas\u00f3 en los datos recolectados entre 2012 y 2019 en la <b>Encuesta sobre salud, envejecimiento y jubilaci\u00f3n en Europa<\/b>. <\/p>\n<p>La muestra consider\u00f3 a participantes de entre 65 y 94 a\u00f1os de pa\u00edses como <b>Espa\u00f1a<\/b>, <b>Alemania<\/b>, <b>Suecia<\/b> y <b>Eslovenia<\/b>, garantizando as\u00ed una comparativa regional precisa de los efectos del aislamiento en la memoria.<\/p>\n<p>En el sur de Europa se registr\u00f3 el mayor porcentaje de personas con elevados niveles de soledad: <b>el 12%<\/b> frente al <b>9%<\/b> de la regi\u00f3n oriental y septentrional, y el <b>6%<\/b> en Europa central, seg\u00fan la investigaci\u00f3n. Adem\u00e1s, solo <b>el 8%<\/b> del total de los participantes presentaron niveles altos de soledad al inicio del estudio, mientras que <b>el 92%<\/b> refiri\u00f3 sentirse poco o moderadamente solos, cifra que recorta el universo de riesgo percibido habitualmente en debates sobre el envejecimiento poblacional.<\/p>\n<p>A nivel individual, quienes reportaron mayor soledad sol\u00edan ser <b>personas de mayor edad<\/b>, predominantemente <b>mujeres<\/b> y con un estado de salud m\u00e1s comprometido. En este subgrupo se observ\u00f3 mayor incidencia de <b>depresi\u00f3n, hipertensi\u00f3n arterial<\/b> y <b>diabetes<\/b>, condiciones que tradicionalmente se asocian tanto con el aislamiento social como con la vulnerabilidad cognitiva.<b> <\/b><\/p>\n<p><b>La investigaci\u00f3n no identific\u00f3, sin embargo, una correlaci\u00f3n entre la soledad y el ritmo de deterioro<\/b> en pruebas de memoria durante el periodo de seguimiento de siete a\u00f1os.<\/p>\n<p><img loading=\"lazy\" decoding=\"async\" src=\"https:\/\/www.infobae.com\/resizer\/v2\/C2YN2I7PP5GF7N4HGXJXGV46GU.png?auth=0c9ab91cb585af793ee9c2ba4e5e6f24aa246dacaa3081fc507ad8a295013771&amp;smart=true&amp;width=1408&amp;height=768\" alt=\"El aislamiento social no resulta ser un factor que acelera el deterioro progresivo de la memoria en personas mayores de 65 a\u00f1os (Imagen Ilustrativa Infobae)\" height=\"768\" width=\"1408\"><\/p>\n<p>Hasta el momento, la hip\u00f3tesis sostenida por algunos especialistas propon\u00eda que el aislamiento ten\u00eda un rol determinante en el avance de enfermedades como la demencia. <\/p>\n<p>Este estudio desestima esa relaci\u00f3n directa e introduce una distinci\u00f3n clave: <b>la soledad se asocia con un menor rendimiento al inicio de las pruebas, pero no anticipa un declive m\u00e1s acelerado de la funci\u00f3n cognitiva<\/b>, seg\u00fan el equipo internacional.<\/p>\n<p>A lo largo de los siete a\u00f1os de seguimiento, la evoluci\u00f3n de la memoria de quienes manifestaban sentirse solos fue equivalente a la de quienes reportaban niveles bajos o moderados de soledad. Este resultado confirma que aunque el sentimiento de soledad representa una desventaja en el punto de partida, <b>no incide en el deterioro progresivo<\/b> de la memoria entre personas de 65 a\u00f1os o m\u00e1s.<\/p>\n<p>Tal hallazgo refuerza que los \u201cfuertes v\u00ednculos que existen entre el sentimiento de soledad y la funci\u00f3n cerebral en las personas mayores\u201d <b>no implican necesariamente un mayor riesgo de enfermedades neurodegenerativas<\/b>, lo que contribuye a redefinir el papel del aislamiento social en las estrategias de prevenci\u00f3n y atenci\u00f3n del deterioro cognitivo en la vejez.<\/p>\n<\/div>\n<\/div>\n<hr \/>\n<p>Esta noticia sobre <strong>Mayores de 65 a\u00f1os: \u00bfestar solo impacta en la memoria con el tiempo?<\/strong> fue publicada originalmente en <a href=\"https:\/\/www.infobae.com\/arc\/outboundfeeds\/rss\/\" target=\"_blank\" rel=\"nofollow\">Infobae.com<\/a>. Puedes ampliar la informaci\u00f3n siguiendo el enlace a la fuente original: <a href=\"https:\/\/www.infobae.com\/generacion-silver\/2026\/04\/29\/mayores-de-65-anos-estar-solo-impacta-en-la-memoria-con-el-tiempo\/\" target=\"_blank\" rel=\"noopener noreferrer\">Mayores de 65 a\u00f1os: \u00bfestar solo impacta en la memoria con el tiempo?<\/a>.<\/p>\n<p><small>Categor\u00eda: Noticia Infobae | Fecha: 29 April, 2026<\/small><\/p>\n","protected":false},"excerpt":{"rendered":"<div>Un trabajo de investigaci\u00f3n reuni\u00f3 datos sobre salud, envejecimiento y jubilaci\u00f3n para comprender c\u00f3mo influye el aislamiento social en la funci\u00f3n cognitiva<\/div>\n","protected":false},"author":3,"featured_media":0,"comment_status":"open","ping_status":"open","sticky":false,"template":"","format":"standard","meta":{"site-sidebar-layout":"default","site-content-layout":"","ast-site-content-layout":"default","site-content-style":"default","site-sidebar-style":"default","ast-global-header-display":"","ast-banner-title-visibility":"","ast-main-header-display":"","ast-hfb-above-header-display":"","ast-hfb-below-header-display":"","ast-hfb-mobile-header-display":"","site-post-title":"","ast-breadcrumbs-content":"","ast-featured-img":"","footer-sml-layout":"","ast-disable-related-posts":"","theme-transparent-header-meta":"","adv-header-id-meta":"","stick-header-meta":"","header-above-stick-meta":"","header-main-stick-meta":"","header-below-stick-meta":"","astra-migrate-meta-layouts":"default","ast-page-background-enabled":"default","ast-page-background-meta":{"desktop":{"background-color":"var(--ast-global-color-5)","background-image":"","background-repeat":"repeat","background-position":"center center","background-size":"auto","background-attachment":"scroll","background-type":"","background-media":"","overlay-type":"","overlay-color":"","overlay-opacity":"","overlay-gradient":""},"tablet":{"background-color":"","background-image":"","background-repeat":"repeat","background-position":"center center","background-size":"auto","background-attachment":"scroll","background-type":"","background-media":"","overlay-type":"","overlay-color":"","overlay-opacity":"","overlay-gradient":""},"mobile":{"background-color":"","background-image":"","background-repeat":"repeat","background-position":"center center","background-size":"auto","background-attachment":"scroll","background-type":"","background-media":"","overlay-type":"","overlay-color":"","overlay-opacity":"","overlay-gradient":""}},"ast-content-background-meta":{"desktop":{"background-color":"var(--ast-global-color-4)","background-image":"","background-repeat":"repeat","background-position":"center center","background-size":"auto","background-attachment":"scroll","background-type":"","background-media":"","overlay-type":"","overlay-color":"","overlay-opacity":"","overlay-gradient":""},"tablet":{"background-color":"var(--ast-global-color-4)","background-image":"","background-repeat":"repeat","background-position":"center center","background-size":"auto","background-attachment":"scroll","background-type":"","background-media":"","overlay-type":"","overlay-color":"","overlay-opacity":"","overlay-gradient":""},"mobile":{"background-color":"var(--ast-global-color-4)","background-image":"","background-repeat":"repeat","background-position":"center center","background-size":"auto","background-attachment":"scroll","background-type":"","background-media":"","overlay-type":"","overlay-color":"","overlay-opacity":"","overlay-gradient":""}},"fifu_image_url":"","fifu_image_alt":"","footnotes":""},"categories":[23],"tags":[25,27,24,26],"class_list":["post-3086","post","type-post","status-publish","format-standard","hentry","category-noticias","tag-infobae","tag-informacion-general","tag-noticias","tag-novedades"],"yoast_head":"<!-- This site is optimized with the Yoast SEO plugin v27.5 - https:\/\/yoast.com\/product\/yoast-seo-wordpress\/ -->\n<title>Mayores de 65 a\u00f1os: \u00bfestar solo impacta en la memoria con el tiempo? - HIOX<\/title>\n<meta name=\"description\" content=\"Mayores de 65 a\u00f1os: \u00bfestar solo impacta en la memoria con el tiempo?. Un trabajo de investigaci\u00f3n reuni\u00f3 datos sobre salud, envejecimiento y jubilaci\u00f3n para comprender c\u00f3mo influye el aislamiento social en la funci\u00f3n cognitiva\" \/>\n<meta name=\"robots\" content=\"index, follow, max-snippet:-1, max-image-preview:large, max-video-preview:-1\" \/>\n<link rel=\"canonical\" href=\"https:\/\/hiox.com.ar\/hiox\/mayores-de-65-anos-estar-solo-impacta-en-la-memoria-con-el-tiempo\/\" \/>\n<meta property=\"og:locale\" content=\"es_ES\" \/>\n<meta property=\"og:type\" content=\"article\" \/>\n<meta property=\"og:title\" content=\"Mayores de 65 a\u00f1os: \u00bfestar solo impacta en la memoria con el tiempo? - HIOX\" \/>\n<meta property=\"og:description\" content=\"Mayores de 65 a\u00f1os: \u00bfestar solo impacta en la memoria con el tiempo?. Un trabajo de investigaci\u00f3n reuni\u00f3 datos sobre salud, envejecimiento y jubilaci\u00f3n para comprender c\u00f3mo influye el aislamiento social en la funci\u00f3n cognitiva\" \/>\n<meta property=\"og:url\" content=\"https:\/\/hiox.com.ar\/hiox\/mayores-de-65-anos-estar-solo-impacta-en-la-memoria-con-el-tiempo\/\" \/>\n<meta property=\"og:site_name\" content=\"HIOX\" \/>\n<meta property=\"article:published_time\" content=\"2026-04-29T05:54:30+00:00\" \/>\n<meta property=\"og:image\" content=\"https:\/\/www.infobae.com\/resizer\/v2\/KBGU7HKCNBF6JPSMNJECZRYKT4.jpg?auth=c05c2c8ca9e28f9edda13839ad767dc5c4d4d325124c369d9fd35fdbfb48150f&amp;smart=true&amp;width=1456&amp;height=816\" \/>\n<meta name=\"author\" content=\"Source Author\" \/>\n<meta name=\"twitter:card\" content=\"summary_large_image\" \/>\n<meta name=\"twitter:label1\" content=\"Escrito por\" \/>\n\t<meta name=\"twitter:data1\" content=\"Source Author\" \/>\n\t<meta name=\"twitter:label2\" content=\"Tiempo de lectura\" \/>\n\t<meta name=\"twitter:data2\" content=\"4 minutos\" \/>\n<script type=\"application\/ld+json\" class=\"yoast-schema-graph\">{\"@context\":\"https:\\\/\\\/schema.org\",\"@graph\":[{\"@type\":\"NewsArticle\",\"@id\":\"https:\\\/\\\/hiox.com.ar\\\/hiox\\\/mayores-de-65-anos-estar-solo-impacta-en-la-memoria-con-el-tiempo\\\/#article\",\"isPartOf\":{\"@id\":\"https:\\\/\\\/hiox.com.ar\\\/hiox\\\/mayores-de-65-anos-estar-solo-impacta-en-la-memoria-con-el-tiempo\\\/\"},\"author\":{\"name\":\"Source Author\",\"@id\":\"https:\\\/\\\/hiox.com.ar\\\/hiox\\\/#\\\/schema\\\/person\\\/f70183b020df72016f0614086c3cf170\"},\"headline\":\"Mayores de 65 a\u00f1os: \u00bfestar solo impacta en la memoria con el tiempo?\",\"datePublished\":\"2026-04-29T05:54:30+00:00\",\"mainEntityOfPage\":{\"@id\":\"https:\\\/\\\/hiox.com.ar\\\/hiox\\\/mayores-de-65-anos-estar-solo-impacta-en-la-memoria-con-el-tiempo\\\/\"},\"wordCount\":869,\"commentCount\":0,\"publisher\":{\"@id\":\"https:\\\/\\\/hiox.com.ar\\\/hiox\\\/#organization\"},\"image\":{\"@id\":\"https:\\\/\\\/hiox.com.ar\\\/hiox\\\/mayores-de-65-anos-estar-solo-impacta-en-la-memoria-con-el-tiempo\\\/#primaryimage\"},\"thumbnailUrl\":\"https:\\\/\\\/www.infobae.com\\\/resizer\\\/v2\\\/KBGU7HKCNBF6JPSMNJECZRYKT4.jpg?auth=c05c2c8ca9e28f9edda13839ad767dc5c4d4d325124c369d9fd35fdbfb48150f&amp;smart=true&amp;width=1456&amp;height=816\",\"keywords\":[\"Infobae\",\"Informaci\u00f3n General\",\"Noticias\",\"Novedades\"],\"articleSection\":[\"\ud83d\udcf0 Noticias \ud83d\uddde\ufe0f\"],\"inLanguage\":\"es\",\"potentialAction\":[{\"@type\":\"CommentAction\",\"name\":\"Comment\",\"target\":[\"https:\\\/\\\/hiox.com.ar\\\/hiox\\\/mayores-de-65-anos-estar-solo-impacta-en-la-memoria-con-el-tiempo\\\/#respond\"]}]},{\"@type\":[\"WebPage\",\"ItemPage\"],\"@id\":\"https:\\\/\\\/hiox.com.ar\\\/hiox\\\/mayores-de-65-anos-estar-solo-impacta-en-la-memoria-con-el-tiempo\\\/\",\"url\":\"https:\\\/\\\/hiox.com.ar\\\/hiox\\\/mayores-de-65-anos-estar-solo-impacta-en-la-memoria-con-el-tiempo\\\/\",\"name\":\"Mayores de 65 a\u00f1os: \u00bfestar solo impacta en la memoria con el tiempo? - HIOX\",\"isPartOf\":{\"@id\":\"https:\\\/\\\/hiox.com.ar\\\/hiox\\\/#website\"},\"primaryImageOfPage\":{\"@id\":\"https:\\\/\\\/hiox.com.ar\\\/hiox\\\/mayores-de-65-anos-estar-solo-impacta-en-la-memoria-con-el-tiempo\\\/#primaryimage\"},\"image\":{\"@id\":\"https:\\\/\\\/hiox.com.ar\\\/hiox\\\/mayores-de-65-anos-estar-solo-impacta-en-la-memoria-con-el-tiempo\\\/#primaryimage\"},\"thumbnailUrl\":\"https:\\\/\\\/www.infobae.com\\\/resizer\\\/v2\\\/KBGU7HKCNBF6JPSMNJECZRYKT4.jpg?auth=c05c2c8ca9e28f9edda13839ad767dc5c4d4d325124c369d9fd35fdbfb48150f&amp;smart=true&amp;width=1456&amp;height=816\",\"datePublished\":\"2026-04-29T05:54:30+00:00\",\"description\":\"Mayores de 65 a\u00f1os: \u00bfestar solo impacta en la memoria con el tiempo?. Un trabajo de investigaci\u00f3n reuni\u00f3 datos sobre salud, envejecimiento y jubilaci\u00f3n para comprender c\u00f3mo influye el aislamiento social en la funci\u00f3n cognitiva\",\"breadcrumb\":{\"@id\":\"https:\\\/\\\/hiox.com.ar\\\/hiox\\\/mayores-de-65-anos-estar-solo-impacta-en-la-memoria-con-el-tiempo\\\/#breadcrumb\"},\"inLanguage\":\"es\",\"potentialAction\":[{\"@type\":\"ReadAction\",\"target\":[\"https:\\\/\\\/hiox.com.ar\\\/hiox\\\/mayores-de-65-anos-estar-solo-impacta-en-la-memoria-con-el-tiempo\\\/\"]}]},{\"@type\":\"ImageObject\",\"inLanguage\":\"es\",\"@id\":\"https:\\\/\\\/hiox.com.ar\\\/hiox\\\/mayores-de-65-anos-estar-solo-impacta-en-la-memoria-con-el-tiempo\\\/#primaryimage\",\"url\":\"https:\\\/\\\/www.infobae.com\\\/resizer\\\/v2\\\/KBGU7HKCNBF6JPSMNJECZRYKT4.jpg?auth=c05c2c8ca9e28f9edda13839ad767dc5c4d4d325124c369d9fd35fdbfb48150f&amp;smart=true&amp;width=1456&amp;height=816\",\"contentUrl\":\"https:\\\/\\\/www.infobae.com\\\/resizer\\\/v2\\\/KBGU7HKCNBF6JPSMNJECZRYKT4.jpg?auth=c05c2c8ca9e28f9edda13839ad767dc5c4d4d325124c369d9fd35fdbfb48150f&amp;smart=true&amp;width=1456&amp;height=816\"},{\"@type\":\"BreadcrumbList\",\"@id\":\"https:\\\/\\\/hiox.com.ar\\\/hiox\\\/mayores-de-65-anos-estar-solo-impacta-en-la-memoria-con-el-tiempo\\\/#breadcrumb\",\"itemListElement\":[{\"@type\":\"ListItem\",\"position\":1,\"name\":\"Portada\",\"item\":\"https:\\\/\\\/hiox.com.ar\\\/hiox\\\/\"},{\"@type\":\"ListItem\",\"position\":2,\"name\":\"Mayores de 65 a\u00f1os: \u00bfestar solo impacta en la memoria con el tiempo?\"}]},{\"@type\":\"WebSite\",\"@id\":\"https:\\\/\\\/hiox.com.ar\\\/hiox\\\/#website\",\"url\":\"https:\\\/\\\/hiox.com.ar\\\/hiox\\\/\",\"name\":\"HIOX\",\"description\":\"Comercio Electronico\",\"publisher\":{\"@id\":\"https:\\\/\\\/hiox.com.ar\\\/hiox\\\/#organization\"},\"potentialAction\":[{\"@type\":\"SearchAction\",\"target\":{\"@type\":\"EntryPoint\",\"urlTemplate\":\"https:\\\/\\\/hiox.com.ar\\\/hiox\\\/?s={search_term_string}\"},\"query-input\":{\"@type\":\"PropertyValueSpecification\",\"valueRequired\":true,\"valueName\":\"search_term_string\"}}],\"inLanguage\":\"es\"},{\"@type\":\"Organization\",\"@id\":\"https:\\\/\\\/hiox.com.ar\\\/hiox\\\/#organization\",\"name\":\"HIOX\",\"url\":\"https:\\\/\\\/hiox.com.ar\\\/hiox\\\/\",\"logo\":{\"@type\":\"ImageObject\",\"inLanguage\":\"es\",\"@id\":\"https:\\\/\\\/hiox.com.ar\\\/hiox\\\/#\\\/schema\\\/logo\\\/image\\\/\",\"url\":\"https:\\\/\\\/hiox.com.ar\\\/hiox\\\/wp-content\\\/uploads\\\/2025\\\/09\\\/cropped-hiox_logo-1.png\",\"contentUrl\":\"https:\\\/\\\/hiox.com.ar\\\/hiox\\\/wp-content\\\/uploads\\\/2025\\\/09\\\/cropped-hiox_logo-1.png\",\"width\":491,\"height\":158,\"caption\":\"HIOX\"},\"image\":{\"@id\":\"https:\\\/\\\/hiox.com.ar\\\/hiox\\\/#\\\/schema\\\/logo\\\/image\\\/\"}},{\"@type\":\"Person\",\"@id\":\"https:\\\/\\\/hiox.com.ar\\\/hiox\\\/#\\\/schema\\\/person\\\/f70183b020df72016f0614086c3cf170\",\"name\":\"Source Author\",\"image\":{\"@type\":\"ImageObject\",\"inLanguage\":\"es\",\"@id\":\"https:\\\/\\\/secure.gravatar.com\\\/avatar\\\/428a8106f8313bec42aca4e38ea86950b6e88a21b0f2764f9f7a4365dc1017a5?s=96&d=mm&r=g\",\"url\":\"https:\\\/\\\/secure.gravatar.com\\\/avatar\\\/428a8106f8313bec42aca4e38ea86950b6e88a21b0f2764f9f7a4365dc1017a5?s=96&d=mm&r=g\",\"contentUrl\":\"https:\\\/\\\/secure.gravatar.com\\\/avatar\\\/428a8106f8313bec42aca4e38ea86950b6e88a21b0f2764f9f7a4365dc1017a5?s=96&d=mm&r=g\",\"caption\":\"Source Author\"},\"url\":\"https:\\\/\\\/hiox.com.ar\\\/hiox\\\/author\\\/wpra-source-author-site-1\\\/\"}]}<\/script>\n<!-- \/ Yoast SEO plugin. -->","yoast_head_json":{"title":"Mayores de 65 a\u00f1os: \u00bfestar solo impacta en la memoria con el tiempo? - HIOX","description":"Mayores de 65 a\u00f1os: \u00bfestar solo impacta en la memoria con el tiempo?. Un trabajo de investigaci\u00f3n reuni\u00f3 datos sobre salud, envejecimiento y jubilaci\u00f3n para comprender c\u00f3mo influye el aislamiento social en la funci\u00f3n cognitiva","robots":{"index":"index","follow":"follow","max-snippet":"max-snippet:-1","max-image-preview":"max-image-preview:large","max-video-preview":"max-video-preview:-1"},"canonical":"https:\/\/hiox.com.ar\/hiox\/mayores-de-65-anos-estar-solo-impacta-en-la-memoria-con-el-tiempo\/","og_locale":"es_ES","og_type":"article","og_title":"Mayores de 65 a\u00f1os: \u00bfestar solo impacta en la memoria con el tiempo? - HIOX","og_description":"Mayores de 65 a\u00f1os: \u00bfestar solo impacta en la memoria con el tiempo?. Un trabajo de investigaci\u00f3n reuni\u00f3 datos sobre salud, envejecimiento y jubilaci\u00f3n para comprender c\u00f3mo influye el aislamiento social en la funci\u00f3n cognitiva","og_url":"https:\/\/hiox.com.ar\/hiox\/mayores-de-65-anos-estar-solo-impacta-en-la-memoria-con-el-tiempo\/","og_site_name":"HIOX","article_published_time":"2026-04-29T05:54:30+00:00","og_image":[{"url":"https:\/\/www.infobae.com\/resizer\/v2\/KBGU7HKCNBF6JPSMNJECZRYKT4.jpg?auth=c05c2c8ca9e28f9edda13839ad767dc5c4d4d325124c369d9fd35fdbfb48150f&amp;smart=true&amp;width=1456&amp;height=816","type":"","width":"","height":""}],"author":"Source Author","twitter_card":"summary_large_image","twitter_misc":{"Escrito por":"Source Author","Tiempo de lectura":"4 minutos"},"schema":{"@context":"https:\/\/schema.org","@graph":[{"@type":"NewsArticle","@id":"https:\/\/hiox.com.ar\/hiox\/mayores-de-65-anos-estar-solo-impacta-en-la-memoria-con-el-tiempo\/#article","isPartOf":{"@id":"https:\/\/hiox.com.ar\/hiox\/mayores-de-65-anos-estar-solo-impacta-en-la-memoria-con-el-tiempo\/"},"author":{"name":"Source Author","@id":"https:\/\/hiox.com.ar\/hiox\/#\/schema\/person\/f70183b020df72016f0614086c3cf170"},"headline":"Mayores de 65 a\u00f1os: \u00bfestar solo impacta en la memoria con el tiempo?","datePublished":"2026-04-29T05:54:30+00:00","mainEntityOfPage":{"@id":"https:\/\/hiox.com.ar\/hiox\/mayores-de-65-anos-estar-solo-impacta-en-la-memoria-con-el-tiempo\/"},"wordCount":869,"commentCount":0,"publisher":{"@id":"https:\/\/hiox.com.ar\/hiox\/#organization"},"image":{"@id":"https:\/\/hiox.com.ar\/hiox\/mayores-de-65-anos-estar-solo-impacta-en-la-memoria-con-el-tiempo\/#primaryimage"},"thumbnailUrl":"https:\/\/www.infobae.com\/resizer\/v2\/KBGU7HKCNBF6JPSMNJECZRYKT4.jpg?auth=c05c2c8ca9e28f9edda13839ad767dc5c4d4d325124c369d9fd35fdbfb48150f&amp;smart=true&amp;width=1456&amp;height=816","keywords":["Infobae","Informaci\u00f3n General","Noticias","Novedades"],"articleSection":["\ud83d\udcf0 Noticias \ud83d\uddde\ufe0f"],"inLanguage":"es","potentialAction":[{"@type":"CommentAction","name":"Comment","target":["https:\/\/hiox.com.ar\/hiox\/mayores-de-65-anos-estar-solo-impacta-en-la-memoria-con-el-tiempo\/#respond"]}]},{"@type":["WebPage","ItemPage"],"@id":"https:\/\/hiox.com.ar\/hiox\/mayores-de-65-anos-estar-solo-impacta-en-la-memoria-con-el-tiempo\/","url":"https:\/\/hiox.com.ar\/hiox\/mayores-de-65-anos-estar-solo-impacta-en-la-memoria-con-el-tiempo\/","name":"Mayores de 65 a\u00f1os: \u00bfestar solo impacta en la memoria con el tiempo? - HIOX","isPartOf":{"@id":"https:\/\/hiox.com.ar\/hiox\/#website"},"primaryImageOfPage":{"@id":"https:\/\/hiox.com.ar\/hiox\/mayores-de-65-anos-estar-solo-impacta-en-la-memoria-con-el-tiempo\/#primaryimage"},"image":{"@id":"https:\/\/hiox.com.ar\/hiox\/mayores-de-65-anos-estar-solo-impacta-en-la-memoria-con-el-tiempo\/#primaryimage"},"thumbnailUrl":"https:\/\/www.infobae.com\/resizer\/v2\/KBGU7HKCNBF6JPSMNJECZRYKT4.jpg?auth=c05c2c8ca9e28f9edda13839ad767dc5c4d4d325124c369d9fd35fdbfb48150f&amp;smart=true&amp;width=1456&amp;height=816","datePublished":"2026-04-29T05:54:30+00:00","description":"Mayores de 65 a\u00f1os: \u00bfestar solo impacta en la memoria con el tiempo?. Un trabajo de investigaci\u00f3n reuni\u00f3 datos sobre salud, envejecimiento y jubilaci\u00f3n para comprender c\u00f3mo influye el aislamiento social en la funci\u00f3n cognitiva","breadcrumb":{"@id":"https:\/\/hiox.com.ar\/hiox\/mayores-de-65-anos-estar-solo-impacta-en-la-memoria-con-el-tiempo\/#breadcrumb"},"inLanguage":"es","potentialAction":[{"@type":"ReadAction","target":["https:\/\/hiox.com.ar\/hiox\/mayores-de-65-anos-estar-solo-impacta-en-la-memoria-con-el-tiempo\/"]}]},{"@type":"ImageObject","inLanguage":"es","@id":"https:\/\/hiox.com.ar\/hiox\/mayores-de-65-anos-estar-solo-impacta-en-la-memoria-con-el-tiempo\/#primaryimage","url":"https:\/\/www.infobae.com\/resizer\/v2\/KBGU7HKCNBF6JPSMNJECZRYKT4.jpg?auth=c05c2c8ca9e28f9edda13839ad767dc5c4d4d325124c369d9fd35fdbfb48150f&amp;smart=true&amp;width=1456&amp;height=816","contentUrl":"https:\/\/www.infobae.com\/resizer\/v2\/KBGU7HKCNBF6JPSMNJECZRYKT4.jpg?auth=c05c2c8ca9e28f9edda13839ad767dc5c4d4d325124c369d9fd35fdbfb48150f&amp;smart=true&amp;width=1456&amp;height=816"},{"@type":"BreadcrumbList","@id":"https:\/\/hiox.com.ar\/hiox\/mayores-de-65-anos-estar-solo-impacta-en-la-memoria-con-el-tiempo\/#breadcrumb","itemListElement":[{"@type":"ListItem","position":1,"name":"Portada","item":"https:\/\/hiox.com.ar\/hiox\/"},{"@type":"ListItem","position":2,"name":"Mayores de 65 a\u00f1os: \u00bfestar solo impacta en la memoria con el tiempo?"}]},{"@type":"WebSite","@id":"https:\/\/hiox.com.ar\/hiox\/#website","url":"https:\/\/hiox.com.ar\/hiox\/","name":"HIOX","description":"Comercio Electronico","publisher":{"@id":"https:\/\/hiox.com.ar\/hiox\/#organization"},"potentialAction":[{"@type":"SearchAction","target":{"@type":"EntryPoint","urlTemplate":"https:\/\/hiox.com.ar\/hiox\/?s={search_term_string}"},"query-input":{"@type":"PropertyValueSpecification","valueRequired":true,"valueName":"search_term_string"}}],"inLanguage":"es"},{"@type":"Organization","@id":"https:\/\/hiox.com.ar\/hiox\/#organization","name":"HIOX","url":"https:\/\/hiox.com.ar\/hiox\/","logo":{"@type":"ImageObject","inLanguage":"es","@id":"https:\/\/hiox.com.ar\/hiox\/#\/schema\/logo\/image\/","url":"https:\/\/hiox.com.ar\/hiox\/wp-content\/uploads\/2025\/09\/cropped-hiox_logo-1.png","contentUrl":"https:\/\/hiox.com.ar\/hiox\/wp-content\/uploads\/2025\/09\/cropped-hiox_logo-1.png","width":491,"height":158,"caption":"HIOX"},"image":{"@id":"https:\/\/hiox.com.ar\/hiox\/#\/schema\/logo\/image\/"}},{"@type":"Person","@id":"https:\/\/hiox.com.ar\/hiox\/#\/schema\/person\/f70183b020df72016f0614086c3cf170","name":"Source Author","image":{"@type":"ImageObject","inLanguage":"es","@id":"https:\/\/secure.gravatar.com\/avatar\/428a8106f8313bec42aca4e38ea86950b6e88a21b0f2764f9f7a4365dc1017a5?s=96&d=mm&r=g","url":"https:\/\/secure.gravatar.com\/avatar\/428a8106f8313bec42aca4e38ea86950b6e88a21b0f2764f9f7a4365dc1017a5?s=96&d=mm&r=g","contentUrl":"https:\/\/secure.gravatar.com\/avatar\/428a8106f8313bec42aca4e38ea86950b6e88a21b0f2764f9f7a4365dc1017a5?s=96&d=mm&r=g","caption":"Source Author"},"url":"https:\/\/hiox.com.ar\/hiox\/author\/wpra-source-author-site-1\/"}]}},"_links":{"self":[{"href":"https:\/\/hiox.com.ar\/hiox\/wp-json\/wp\/v2\/posts\/3086","targetHints":{"allow":["GET"]}}],"collection":[{"href":"https:\/\/hiox.com.ar\/hiox\/wp-json\/wp\/v2\/posts"}],"about":[{"href":"https:\/\/hiox.com.ar\/hiox\/wp-json\/wp\/v2\/types\/post"}],"author":[{"embeddable":true,"href":"https:\/\/hiox.com.ar\/hiox\/wp-json\/wp\/v2\/users\/3"}],"replies":[{"embeddable":true,"href":"https:\/\/hiox.com.ar\/hiox\/wp-json\/wp\/v2\/comments?post=3086"}],"version-history":[{"count":0,"href":"https:\/\/hiox.com.ar\/hiox\/wp-json\/wp\/v2\/posts\/3086\/revisions"}],"wp:attachment":[{"href":"https:\/\/hiox.com.ar\/hiox\/wp-json\/wp\/v2\/media?parent=3086"}],"wp:term":[{"taxonomy":"category","embeddable":true,"href":"https:\/\/hiox.com.ar\/hiox\/wp-json\/wp\/v2\/categories?post=3086"},{"taxonomy":"post_tag","embeddable":true,"href":"https:\/\/hiox.com.ar\/hiox\/wp-json\/wp\/v2\/tags?post=3086"}],"curies":[{"name":"wp","href":"https:\/\/api.w.org\/{rel}","templated":true}]}}