{"id":3085,"date":"2026-04-29T02:54:10","date_gmt":"2026-04-29T05:54:10","guid":{"rendered":"https:\/\/hiox.com.ar\/hiox\/en-medio-de-la-interna-con-kicillof-el-pj-se-reune-y-pone-en-agenda-la-libertad-de-cristina-kirchner\/"},"modified":"2026-04-29T02:54:10","modified_gmt":"2026-04-29T05:54:10","slug":"en-medio-de-la-interna-con-kicillof-el-pj-se-reune-y-pone-en-agenda-la-libertad-de-cristina-kirchner","status":"publish","type":"post","link":"https:\/\/hiox.com.ar\/hiox\/en-medio-de-la-interna-con-kicillof-el-pj-se-reune-y-pone-en-agenda-la-libertad-de-cristina-kirchner\/","title":{"rendered":"En medio de la interna con Kicillof, el PJ se re\u00fane y pone en agenda la libertad de Cristina Kirchner"},"content":{"rendered":"<p>Informaci\u00f3n detallada sobre <strong>En medio de la interna con Kicillof, el PJ se re\u00fane y pone en agenda la libertad de Cristina Kirchner<\/strong>. Te traemos las \u00faltimas noticias sobre Noticia Infobae, un tema de gran inter\u00e9s para hoy 29 April, 2026.<\/p>\n<div class=\"entry-content-body\">\n<div><img loading=\"lazy\" decoding=\"async\" src=\"https:\/\/www.infobae.com\/resizer\/v2\/QY2DGTUNSJBT5FQQHC7BNP7TCE.jpeg?auth=3bd5f2fbeff66b414cdd4e7f797fc6d0ada31f1c21a84f577a2e83faccc5f34b&amp;smart=true&amp;width=1040&amp;height=694\" alt=\"El consejo nacional del PJ volver\u00e1 a reunirse luego de cinco meses\" height=\"694\" width=\"1040\"><\/p>\n<p>Este jueves, a las<b> 11 de la ma\u00f1ana<\/b>, en Matheu 130, se reunir\u00e1 el <b>consejo nacional del PJ <\/b>tras cinco meses. La \u00faltima vez que se encontraron fue el 18 de noviembre del a\u00f1o pasado, pocos d\u00edas despu\u00e9s de la dura derrota en las elecciones nacionales frente al gobierno de Javier Milei. <\/p>\n<p>Al encuentro asistir\u00e1n los cinco vicepresidentes que est\u00e1n en funciones y que llevan adelante el partido, debido a la imposibilidad de <b>Cristina Kirchner <\/b>de estar presente. La ex presidenta de la Naci\u00f3n monitorea los movimientos del partido a trav\u00e9s de los ojos del formose\u00f1o <b>Jos\u00e9 Mayans<\/b>, vicepresidente primero del PJ. <\/p>\n<p>En el orden del d\u00eda aparecen cinco puntos: <b>la lectura y consideraci\u00f3n del acta anterior; la situaci\u00f3n de las intervenciones en Salta y Jujuy; el informe de normalizaci\u00f3n del PJ de Misiones; la convocatoria al Congreso Nacional y el an\u00e1lisis de la situaci\u00f3n pol\u00edtica nacional. <\/b><\/p>\n<p>Se seguir\u00e1n los pasos formales que regularizan la situaci\u00f3n del partido, para despejar algunos rumores que advert\u00edan sobre la posibilidad de una intervenci\u00f3n intempestiva. \u201cNo hay ninguna posibilidad de que eso suceda. Siempre generan rumores malintencionados\u201d, le dijo a <b>Infobae<\/b> una de las principales autoridades del partido. <\/p>\n<p><img loading=\"lazy\" decoding=\"async\" src=\"https:\/\/www.infobae.com\/resizer\/v2\/YZNA5MRBBNEOVJRSZYFXB3MILU.jpeg?auth=4a6a093021ac4c4a00b79c4ca6a50b1c03ea3593e12884347f87bebfb0e4b1f7&amp;smart=true&amp;width=1600&amp;height=1066\" alt=\"La reuni\u00f3n la llevar\u00e1n adelante los cinco vicepresidentes que tiene el partido \" height=\"1066\" width=\"1600\"><\/p>\n<p>El encuentro se dar\u00e1 en un contexto caliente. En el medio de las peleas internas que agobian, una vez m\u00e1s, al peronismo bonaerense, y algunas horas despu\u00e9s de que el Jefe de Gabinete, <b>Manuel Adorni,<\/b> presente el informe de gesti\u00f3n en el C\u00e1mara de Diputados, acompa\u00f1ado por el presidente Javier Milei. Ser\u00e1n horas efervescentes las que sigan desde hoy hasta el fin de semana. <\/p>\n<p>En el quinto punto de la convocatoria, cuando se trate la situaci\u00f3n nacional, varios dirigentes pondr\u00e1n sobre la mesa la necesidad de mantener en alto el reclamo por la <b>libertad de Cristina Kirchner.<\/b> Ese tema gener\u00f3 un nuevo enfrentamiento con el kicillofismo en los \u00faltimos d\u00edas, luego de que el Jefe de Gabinete bonaerense, Carlos Bianco, dijera que <b>\u201cCristina est\u00e1 proscripta, pero el peronismo no\u201d<\/b>, lo que desat\u00f3 una cadena de cr\u00edticas por parte del cristinismo a la mano derecha del Gobernador. <\/p>\n<p>Aunque est\u00e9 detenida en San Jos\u00e9 1111, CFK es la presidenta del partido, se mantiene en l\u00ednea con lo que sucede y, sobre todo, hace valer su conducci\u00f3n sobre muchos de los dirigentes que son parte del consejo nacional. Por eso el reclamo por su libertad estar\u00e1 presente y atravesar\u00e1 el debate en el primer piso del edificio partidario. <\/p>\n<p>En paralelo a la reuni\u00f3n del consejo, <b>Axel Kicillof<\/b> va a estar en el centro porte\u00f1o encabezando una marcha por el Dia del Trabajador como presidente del PJ Bonaerense. Ya que es el partido de la provincia el que hizo la convocatoria, a las 12, bajo la consigna: \u201dMarchamos en defensa de los derechos del pueblo trabajador\u201c.<\/p>\n<p>En lo que respecta a las intervenciones en los PJ del norte, la situaci\u00f3n m\u00e1s amigable para la conducci\u00f3n kirchnerista es la de Salta, donde la intervenci\u00f3n cambi\u00f3 de manos un pu\u00f1ado de semanas atr\u00e1s y est\u00e1 en una instancia de organizaci\u00f3n, auditoria y convocatoria a elecciones. <\/p>\n<p><img loading=\"lazy\" decoding=\"async\" src=\"https:\/\/www.infobae.com\/resizer\/v2\/GCN7IMUE4ZGD3PBPUMO7FV2MKU.JPG?auth=d77ecf668e2dddc940d60adfa022d60d37161e419c93e60b9f5e7166063022b7&amp;smart=true&amp;width=2904&amp;height=1936\" alt=\"Cristina Kirchner se mantiene informada de lo que sucede en el partido a trav\u00e9s de Jos\u00e9 Mayans (REUTERS\/Martin Cossarini)\" height=\"1936\" width=\"2904\"><\/p>\n<p>Hasta el mes pasado Sergio Berni y Mar\u00eda Luz \u201cLuchy\u201d Alonso estaban a cargo del partido. En un cambio de estrategia evidente, CFK dio luz verde a que la intervenci\u00f3n quede en manos de <b>Pablo Kosiner<\/b>, un hombre de confianza de<b> Juan Manuel Urtubey<\/b>. Esa conducci\u00f3n, al igual que la anterior, es resistida por el gobernador de Salta, <b>Gustavo S\u00e1enz<\/b>, que presiona para que haya elecciones y se abra la competencia a todos los sectores. <\/p>\n<p>S\u00e1enz hoy tiene una parte importante del peronismo dentro de su esquema provincial, pero no al partido. Sin claridad plena sobre qu\u00e9 camino seguir\u00e1 el a\u00f1o que viene en t\u00e9rminos electorales, mantiene un enfrentamiento abierto con el kirchnerismo, desde donde se lo cuestiona cada vez que levanta la voz o que queda asociado a Javier Milei a trav\u00e9s de su apoyo en iniciativas parlamentarias. <\/p>\n<p>En lo que tiene que ver con el PJ de Jujuy, el grupo de los gobernadores norte\u00f1os, que integran S\u00e1enz junto a <b>Osvaldo Jaldo<\/b> (Tucum\u00e1n) y <b>Ra\u00fal Jalil <\/b>(Catamarca), y del que tambi\u00e9n es parte la senadora juje\u00f1a <b>Carolina Mois\u00e9s<\/b>, se alz\u00f3 con un triunfo pol\u00edtico cuando la justicia federal de la provincia design\u00f3 como interventor a <b>Ricardo Villada<\/b>, un ex funcionario del gobierno de S\u00e1enz y hombre de mucha confianza del Gobernador. <\/p>\n<p>Mois\u00e9s, que est\u00e1 en pie de guerra con el kirchnerismo, dej\u00f3 en claro tiempo atr\u00e1s, cuando se conoci\u00f3 el ingreso de Villada, que debe existir un espacio de participaci\u00f3n nuevo dentro del partido y tras la intervenci\u00f3n de CFK. El peronismo del norte mantiene una disputa abierta con el sector que lidera la ex jefa de Estado. <\/p>\n<p><img loading=\"lazy\" decoding=\"async\" src=\"https:\/\/www.infobae.com\/resizer\/v2\/KHHJZN3DXBGTZPATZNRGIXR4VI.jpg?auth=11a95986d4ef06f77d0f8b281c4ddc2d6e4bc16f3a6dfbbc1dccbaf39956228d&amp;smart=true&amp;width=7627&amp;height=5085\" alt=\"Tras varios tironeos, Kicillof asumi\u00f3 la conducci\u00f3n del PJ Bonaerense la semana pasada \" height=\"5085\" width=\"7627\"><\/p>\n<p>\u201cLa conducci\u00f3n del PJ Nacional hoy debe reconsiderar sus decisiones pol\u00edticas, porque con Jujuy quisieron dar un mensaje claro: si pens\u00e1s distinto, te castigan.<b> Mi mensaje tambi\u00e9n es claro: no son due\u00f1os del peronismo y mucho menos de pensar que pueden pisotearnos,<\/b> vamos a seguir defendiendo lo que pensamos en todos los \u00e1mbitos\u201d, dijo la senadora a principios de abril, cuando se conoci\u00f3 el cambio de mando en el partido. <\/p>\n<p>Lo cierto es que hay una tensi\u00f3n permanente entre la conducci\u00f3n nacional del PJ y las dirigentes que son parte o rodean las delegaciones partidarias en Salta y Jujuy. Conflictos que tienen un correlato en el Congreso y tambi\u00e9n en la discusi\u00f3n p\u00fablica sobre hacia d\u00f3nde debe ir el armado nacional del peronismo de cara a las elecciones del a\u00f1o que viene. <\/p>\n<\/div>\n<\/div>\n<hr \/>\n<p>Esta noticia sobre <strong>En medio de la interna con Kicillof, el PJ se re\u00fane y pone en agenda la libertad de Cristina Kirchner<\/strong> fue publicada originalmente en <a href=\"https:\/\/www.infobae.com\/arc\/outboundfeeds\/rss\/\" target=\"_blank\" rel=\"nofollow\">Infobae.com<\/a>. Puedes ampliar la informaci\u00f3n siguiendo el enlace a la fuente original: <a href=\"https:\/\/www.infobae.com\/politica\/2026\/04\/29\/en-medio-de-la-interna-con-kicillof-el-pj-se-reune-y-pone-en-agenda-la-libertad-de-cristina-kirchner\/\" target=\"_blank\" rel=\"noopener noreferrer\">En medio de la interna con Kicillof, el PJ se re\u00fane y pone en agenda la libertad de Cristina Kirchner<\/a>.<\/p>\n<p><small>Categor\u00eda: Noticia Infobae | Fecha: 29 April, 2026<\/small><\/p>\n","protected":false},"excerpt":{"rendered":"<div>El encuentro del consejo nacional ser\u00e1 este jueves a las 11. Se tratar\u00e1n las intervenciones de los PJ de Salta y Jujuy. La reuni\u00f3n se da tras varios cruces en el peronismo bonaerense<\/div>\n","protected":false},"author":3,"featured_media":0,"comment_status":"open","ping_status":"open","sticky":false,"template":"","format":"standard","meta":{"site-sidebar-layout":"default","site-content-layout":"","ast-site-content-layout":"default","site-content-style":"default","site-sidebar-style":"default","ast-global-header-display":"","ast-banner-title-visibility":"","ast-main-header-display":"","ast-hfb-above-header-display":"","ast-hfb-below-header-display":"","ast-hfb-mobile-header-display":"","site-post-title":"","ast-breadcrumbs-content":"","ast-featured-img":"","footer-sml-layout":"","ast-disable-related-posts":"","theme-transparent-header-meta":"","adv-header-id-meta":"","stick-header-meta":"","header-above-stick-meta":"","header-main-stick-meta":"","header-below-stick-meta":"","astra-migrate-meta-layouts":"default","ast-page-background-enabled":"default","ast-page-background-meta":{"desktop":{"background-color":"var(--ast-global-color-5)","background-image":"","background-repeat":"repeat","background-position":"center center","background-size":"auto","background-attachment":"scroll","background-type":"","background-media":"","overlay-type":"","overlay-color":"","overlay-opacity":"","overlay-gradient":""},"tablet":{"background-color":"","background-image":"","background-repeat":"repeat","background-position":"center center","background-size":"auto","background-attachment":"scroll","background-type":"","background-media":"","overlay-type":"","overlay-color":"","overlay-opacity":"","overlay-gradient":""},"mobile":{"background-color":"","background-image":"","background-repeat":"repeat","background-position":"center center","background-size":"auto","background-attachment":"scroll","background-type":"","background-media":"","overlay-type":"","overlay-color":"","overlay-opacity":"","overlay-gradient":""}},"ast-content-background-meta":{"desktop":{"background-color":"var(--ast-global-color-4)","background-image":"","background-repeat":"repeat","background-position":"center center","background-size":"auto","background-attachment":"scroll","background-type":"","background-media":"","overlay-type":"","overlay-color":"","overlay-opacity":"","overlay-gradient":""},"tablet":{"background-color":"var(--ast-global-color-4)","background-image":"","background-repeat":"repeat","background-position":"center center","background-size":"auto","background-attachment":"scroll","background-type":"","background-media":"","overlay-type":"","overlay-color":"","overlay-opacity":"","overlay-gradient":""},"mobile":{"background-color":"var(--ast-global-color-4)","background-image":"","background-repeat":"repeat","background-position":"center center","background-size":"auto","background-attachment":"scroll","background-type":"","background-media":"","overlay-type":"","overlay-color":"","overlay-opacity":"","overlay-gradient":""}},"fifu_image_url":"","fifu_image_alt":"","footnotes":""},"categories":[23],"tags":[25,27,24,26],"class_list":["post-3085","post","type-post","status-publish","format-standard","hentry","category-noticias","tag-infobae","tag-informacion-general","tag-noticias","tag-novedades"],"yoast_head":"<!-- This site is optimized with the Yoast SEO plugin v27.5 - https:\/\/yoast.com\/product\/yoast-seo-wordpress\/ -->\n<title>En medio de la interna con Kicillof, el PJ se re\u00fane y pone en agenda la libertad de Cristina Kirchner - HIOX<\/title>\n<meta name=\"description\" content=\"En medio de la interna con Kicillof, el PJ se re\u00fane y pone en agenda la libertad de Cristina Kirchner. El encuentro del consejo nacional ser\u00e1 este jueves a las 11. Se tratar\u00e1n las intervenciones de los PJ de Salta y Jujuy. La reuni\u00f3n se da tras varios cruces en el peronismo bonaerense\" \/>\n<meta name=\"robots\" content=\"index, follow, max-snippet:-1, max-image-preview:large, max-video-preview:-1\" \/>\n<link rel=\"canonical\" href=\"https:\/\/hiox.com.ar\/hiox\/en-medio-de-la-interna-con-kicillof-el-pj-se-reune-y-pone-en-agenda-la-libertad-de-cristina-kirchner\/\" \/>\n<meta property=\"og:locale\" content=\"es_ES\" \/>\n<meta property=\"og:type\" content=\"article\" \/>\n<meta property=\"og:title\" content=\"En medio de la interna con Kicillof, el PJ se re\u00fane y pone en agenda la libertad de Cristina Kirchner - HIOX\" \/>\n<meta property=\"og:description\" content=\"En medio de la interna con Kicillof, el PJ se re\u00fane y pone en agenda la libertad de Cristina Kirchner. El encuentro del consejo nacional ser\u00e1 este jueves a las 11. Se tratar\u00e1n las intervenciones de los PJ de Salta y Jujuy. La reuni\u00f3n se da tras varios cruces en el peronismo bonaerense\" \/>\n<meta property=\"og:url\" content=\"https:\/\/hiox.com.ar\/hiox\/en-medio-de-la-interna-con-kicillof-el-pj-se-reune-y-pone-en-agenda-la-libertad-de-cristina-kirchner\/\" \/>\n<meta property=\"og:site_name\" content=\"HIOX\" \/>\n<meta property=\"article:published_time\" content=\"2026-04-29T05:54:10+00:00\" \/>\n<meta property=\"og:image\" content=\"https:\/\/www.infobae.com\/resizer\/v2\/QY2DGTUNSJBT5FQQHC7BNP7TCE.jpeg?auth=3bd5f2fbeff66b414cdd4e7f797fc6d0ada31f1c21a84f577a2e83faccc5f34b&amp;smart=true&amp;width=1040&amp;height=694\" \/>\n<meta name=\"author\" content=\"Source Author\" \/>\n<meta name=\"twitter:card\" content=\"summary_large_image\" \/>\n<meta name=\"twitter:label1\" content=\"Escrito por\" \/>\n\t<meta name=\"twitter:data1\" content=\"Source Author\" \/>\n\t<meta name=\"twitter:label2\" content=\"Tiempo de lectura\" \/>\n\t<meta name=\"twitter:data2\" content=\"5 minutos\" \/>\n<script type=\"application\/ld+json\" class=\"yoast-schema-graph\">{\"@context\":\"https:\\\/\\\/schema.org\",\"@graph\":[{\"@type\":\"NewsArticle\",\"@id\":\"https:\\\/\\\/hiox.com.ar\\\/hiox\\\/en-medio-de-la-interna-con-kicillof-el-pj-se-reune-y-pone-en-agenda-la-libertad-de-cristina-kirchner\\\/#article\",\"isPartOf\":{\"@id\":\"https:\\\/\\\/hiox.com.ar\\\/hiox\\\/en-medio-de-la-interna-con-kicillof-el-pj-se-reune-y-pone-en-agenda-la-libertad-de-cristina-kirchner\\\/\"},\"author\":{\"name\":\"Source Author\",\"@id\":\"https:\\\/\\\/hiox.com.ar\\\/hiox\\\/#\\\/schema\\\/person\\\/f70183b020df72016f0614086c3cf170\"},\"headline\":\"En medio de la interna con Kicillof, el PJ se re\u00fane y pone en agenda la libertad de Cristina Kirchner\",\"datePublished\":\"2026-04-29T05:54:10+00:00\",\"mainEntityOfPage\":{\"@id\":\"https:\\\/\\\/hiox.com.ar\\\/hiox\\\/en-medio-de-la-interna-con-kicillof-el-pj-se-reune-y-pone-en-agenda-la-libertad-de-cristina-kirchner\\\/\"},\"wordCount\":1105,\"commentCount\":0,\"publisher\":{\"@id\":\"https:\\\/\\\/hiox.com.ar\\\/hiox\\\/#organization\"},\"image\":{\"@id\":\"https:\\\/\\\/hiox.com.ar\\\/hiox\\\/en-medio-de-la-interna-con-kicillof-el-pj-se-reune-y-pone-en-agenda-la-libertad-de-cristina-kirchner\\\/#primaryimage\"},\"thumbnailUrl\":\"https:\\\/\\\/www.infobae.com\\\/resizer\\\/v2\\\/QY2DGTUNSJBT5FQQHC7BNP7TCE.jpeg?auth=3bd5f2fbeff66b414cdd4e7f797fc6d0ada31f1c21a84f577a2e83faccc5f34b&amp;smart=true&amp;width=1040&amp;height=694\",\"keywords\":[\"Infobae\",\"Informaci\u00f3n General\",\"Noticias\",\"Novedades\"],\"articleSection\":[\"\ud83d\udcf0 Noticias \ud83d\uddde\ufe0f\"],\"inLanguage\":\"es\",\"potentialAction\":[{\"@type\":\"CommentAction\",\"name\":\"Comment\",\"target\":[\"https:\\\/\\\/hiox.com.ar\\\/hiox\\\/en-medio-de-la-interna-con-kicillof-el-pj-se-reune-y-pone-en-agenda-la-libertad-de-cristina-kirchner\\\/#respond\"]}]},{\"@type\":[\"WebPage\",\"ItemPage\"],\"@id\":\"https:\\\/\\\/hiox.com.ar\\\/hiox\\\/en-medio-de-la-interna-con-kicillof-el-pj-se-reune-y-pone-en-agenda-la-libertad-de-cristina-kirchner\\\/\",\"url\":\"https:\\\/\\\/hiox.com.ar\\\/hiox\\\/en-medio-de-la-interna-con-kicillof-el-pj-se-reune-y-pone-en-agenda-la-libertad-de-cristina-kirchner\\\/\",\"name\":\"En medio de la interna con Kicillof, el PJ se re\u00fane y pone en agenda la libertad de Cristina Kirchner - HIOX\",\"isPartOf\":{\"@id\":\"https:\\\/\\\/hiox.com.ar\\\/hiox\\\/#website\"},\"primaryImageOfPage\":{\"@id\":\"https:\\\/\\\/hiox.com.ar\\\/hiox\\\/en-medio-de-la-interna-con-kicillof-el-pj-se-reune-y-pone-en-agenda-la-libertad-de-cristina-kirchner\\\/#primaryimage\"},\"image\":{\"@id\":\"https:\\\/\\\/hiox.com.ar\\\/hiox\\\/en-medio-de-la-interna-con-kicillof-el-pj-se-reune-y-pone-en-agenda-la-libertad-de-cristina-kirchner\\\/#primaryimage\"},\"thumbnailUrl\":\"https:\\\/\\\/www.infobae.com\\\/resizer\\\/v2\\\/QY2DGTUNSJBT5FQQHC7BNP7TCE.jpeg?auth=3bd5f2fbeff66b414cdd4e7f797fc6d0ada31f1c21a84f577a2e83faccc5f34b&amp;smart=true&amp;width=1040&amp;height=694\",\"datePublished\":\"2026-04-29T05:54:10+00:00\",\"description\":\"En medio de la interna con Kicillof, el PJ se re\u00fane y pone en agenda la libertad de Cristina Kirchner. El encuentro del consejo nacional ser\u00e1 este jueves a las 11. Se tratar\u00e1n las intervenciones de los PJ de Salta y Jujuy. La reuni\u00f3n se da tras varios cruces en el peronismo bonaerense\",\"breadcrumb\":{\"@id\":\"https:\\\/\\\/hiox.com.ar\\\/hiox\\\/en-medio-de-la-interna-con-kicillof-el-pj-se-reune-y-pone-en-agenda-la-libertad-de-cristina-kirchner\\\/#breadcrumb\"},\"inLanguage\":\"es\",\"potentialAction\":[{\"@type\":\"ReadAction\",\"target\":[\"https:\\\/\\\/hiox.com.ar\\\/hiox\\\/en-medio-de-la-interna-con-kicillof-el-pj-se-reune-y-pone-en-agenda-la-libertad-de-cristina-kirchner\\\/\"]}]},{\"@type\":\"ImageObject\",\"inLanguage\":\"es\",\"@id\":\"https:\\\/\\\/hiox.com.ar\\\/hiox\\\/en-medio-de-la-interna-con-kicillof-el-pj-se-reune-y-pone-en-agenda-la-libertad-de-cristina-kirchner\\\/#primaryimage\",\"url\":\"https:\\\/\\\/www.infobae.com\\\/resizer\\\/v2\\\/QY2DGTUNSJBT5FQQHC7BNP7TCE.jpeg?auth=3bd5f2fbeff66b414cdd4e7f797fc6d0ada31f1c21a84f577a2e83faccc5f34b&amp;smart=true&amp;width=1040&amp;height=694\",\"contentUrl\":\"https:\\\/\\\/www.infobae.com\\\/resizer\\\/v2\\\/QY2DGTUNSJBT5FQQHC7BNP7TCE.jpeg?auth=3bd5f2fbeff66b414cdd4e7f797fc6d0ada31f1c21a84f577a2e83faccc5f34b&amp;smart=true&amp;width=1040&amp;height=694\"},{\"@type\":\"BreadcrumbList\",\"@id\":\"https:\\\/\\\/hiox.com.ar\\\/hiox\\\/en-medio-de-la-interna-con-kicillof-el-pj-se-reune-y-pone-en-agenda-la-libertad-de-cristina-kirchner\\\/#breadcrumb\",\"itemListElement\":[{\"@type\":\"ListItem\",\"position\":1,\"name\":\"Portada\",\"item\":\"https:\\\/\\\/hiox.com.ar\\\/hiox\\\/\"},{\"@type\":\"ListItem\",\"position\":2,\"name\":\"En medio de la interna con Kicillof, el PJ se re\u00fane y pone en agenda la libertad de Cristina Kirchner\"}]},{\"@type\":\"WebSite\",\"@id\":\"https:\\\/\\\/hiox.com.ar\\\/hiox\\\/#website\",\"url\":\"https:\\\/\\\/hiox.com.ar\\\/hiox\\\/\",\"name\":\"HIOX\",\"description\":\"Comercio Electronico\",\"publisher\":{\"@id\":\"https:\\\/\\\/hiox.com.ar\\\/hiox\\\/#organization\"},\"potentialAction\":[{\"@type\":\"SearchAction\",\"target\":{\"@type\":\"EntryPoint\",\"urlTemplate\":\"https:\\\/\\\/hiox.com.ar\\\/hiox\\\/?s={search_term_string}\"},\"query-input\":{\"@type\":\"PropertyValueSpecification\",\"valueRequired\":true,\"valueName\":\"search_term_string\"}}],\"inLanguage\":\"es\"},{\"@type\":\"Organization\",\"@id\":\"https:\\\/\\\/hiox.com.ar\\\/hiox\\\/#organization\",\"name\":\"HIOX\",\"url\":\"https:\\\/\\\/hiox.com.ar\\\/hiox\\\/\",\"logo\":{\"@type\":\"ImageObject\",\"inLanguage\":\"es\",\"@id\":\"https:\\\/\\\/hiox.com.ar\\\/hiox\\\/#\\\/schema\\\/logo\\\/image\\\/\",\"url\":\"https:\\\/\\\/hiox.com.ar\\\/hiox\\\/wp-content\\\/uploads\\\/2025\\\/09\\\/cropped-hiox_logo-1.png\",\"contentUrl\":\"https:\\\/\\\/hiox.com.ar\\\/hiox\\\/wp-content\\\/uploads\\\/2025\\\/09\\\/cropped-hiox_logo-1.png\",\"width\":491,\"height\":158,\"caption\":\"HIOX\"},\"image\":{\"@id\":\"https:\\\/\\\/hiox.com.ar\\\/hiox\\\/#\\\/schema\\\/logo\\\/image\\\/\"}},{\"@type\":\"Person\",\"@id\":\"https:\\\/\\\/hiox.com.ar\\\/hiox\\\/#\\\/schema\\\/person\\\/f70183b020df72016f0614086c3cf170\",\"name\":\"Source Author\",\"image\":{\"@type\":\"ImageObject\",\"inLanguage\":\"es\",\"@id\":\"https:\\\/\\\/secure.gravatar.com\\\/avatar\\\/428a8106f8313bec42aca4e38ea86950b6e88a21b0f2764f9f7a4365dc1017a5?s=96&d=mm&r=g\",\"url\":\"https:\\\/\\\/secure.gravatar.com\\\/avatar\\\/428a8106f8313bec42aca4e38ea86950b6e88a21b0f2764f9f7a4365dc1017a5?s=96&d=mm&r=g\",\"contentUrl\":\"https:\\\/\\\/secure.gravatar.com\\\/avatar\\\/428a8106f8313bec42aca4e38ea86950b6e88a21b0f2764f9f7a4365dc1017a5?s=96&d=mm&r=g\",\"caption\":\"Source Author\"},\"url\":\"https:\\\/\\\/hiox.com.ar\\\/hiox\\\/author\\\/wpra-source-author-site-1\\\/\"}]}<\/script>\n<!-- \/ Yoast SEO plugin. -->","yoast_head_json":{"title":"En medio de la interna con Kicillof, el PJ se re\u00fane y pone en agenda la libertad de Cristina Kirchner - HIOX","description":"En medio de la interna con Kicillof, el PJ se re\u00fane y pone en agenda la libertad de Cristina Kirchner. El encuentro del consejo nacional ser\u00e1 este jueves a las 11. Se tratar\u00e1n las intervenciones de los PJ de Salta y Jujuy. La reuni\u00f3n se da tras varios cruces en el peronismo bonaerense","robots":{"index":"index","follow":"follow","max-snippet":"max-snippet:-1","max-image-preview":"max-image-preview:large","max-video-preview":"max-video-preview:-1"},"canonical":"https:\/\/hiox.com.ar\/hiox\/en-medio-de-la-interna-con-kicillof-el-pj-se-reune-y-pone-en-agenda-la-libertad-de-cristina-kirchner\/","og_locale":"es_ES","og_type":"article","og_title":"En medio de la interna con Kicillof, el PJ se re\u00fane y pone en agenda la libertad de Cristina Kirchner - HIOX","og_description":"En medio de la interna con Kicillof, el PJ se re\u00fane y pone en agenda la libertad de Cristina Kirchner. El encuentro del consejo nacional ser\u00e1 este jueves a las 11. Se tratar\u00e1n las intervenciones de los PJ de Salta y Jujuy. La reuni\u00f3n se da tras varios cruces en el peronismo bonaerense","og_url":"https:\/\/hiox.com.ar\/hiox\/en-medio-de-la-interna-con-kicillof-el-pj-se-reune-y-pone-en-agenda-la-libertad-de-cristina-kirchner\/","og_site_name":"HIOX","article_published_time":"2026-04-29T05:54:10+00:00","og_image":[{"url":"https:\/\/www.infobae.com\/resizer\/v2\/QY2DGTUNSJBT5FQQHC7BNP7TCE.jpeg?auth=3bd5f2fbeff66b414cdd4e7f797fc6d0ada31f1c21a84f577a2e83faccc5f34b&amp;smart=true&amp;width=1040&amp;height=694","type":"","width":"","height":""}],"author":"Source Author","twitter_card":"summary_large_image","twitter_misc":{"Escrito por":"Source Author","Tiempo de lectura":"5 minutos"},"schema":{"@context":"https:\/\/schema.org","@graph":[{"@type":"NewsArticle","@id":"https:\/\/hiox.com.ar\/hiox\/en-medio-de-la-interna-con-kicillof-el-pj-se-reune-y-pone-en-agenda-la-libertad-de-cristina-kirchner\/#article","isPartOf":{"@id":"https:\/\/hiox.com.ar\/hiox\/en-medio-de-la-interna-con-kicillof-el-pj-se-reune-y-pone-en-agenda-la-libertad-de-cristina-kirchner\/"},"author":{"name":"Source Author","@id":"https:\/\/hiox.com.ar\/hiox\/#\/schema\/person\/f70183b020df72016f0614086c3cf170"},"headline":"En medio de la interna con Kicillof, el PJ se re\u00fane y pone en agenda la libertad de Cristina Kirchner","datePublished":"2026-04-29T05:54:10+00:00","mainEntityOfPage":{"@id":"https:\/\/hiox.com.ar\/hiox\/en-medio-de-la-interna-con-kicillof-el-pj-se-reune-y-pone-en-agenda-la-libertad-de-cristina-kirchner\/"},"wordCount":1105,"commentCount":0,"publisher":{"@id":"https:\/\/hiox.com.ar\/hiox\/#organization"},"image":{"@id":"https:\/\/hiox.com.ar\/hiox\/en-medio-de-la-interna-con-kicillof-el-pj-se-reune-y-pone-en-agenda-la-libertad-de-cristina-kirchner\/#primaryimage"},"thumbnailUrl":"https:\/\/www.infobae.com\/resizer\/v2\/QY2DGTUNSJBT5FQQHC7BNP7TCE.jpeg?auth=3bd5f2fbeff66b414cdd4e7f797fc6d0ada31f1c21a84f577a2e83faccc5f34b&amp;smart=true&amp;width=1040&amp;height=694","keywords":["Infobae","Informaci\u00f3n General","Noticias","Novedades"],"articleSection":["\ud83d\udcf0 Noticias \ud83d\uddde\ufe0f"],"inLanguage":"es","potentialAction":[{"@type":"CommentAction","name":"Comment","target":["https:\/\/hiox.com.ar\/hiox\/en-medio-de-la-interna-con-kicillof-el-pj-se-reune-y-pone-en-agenda-la-libertad-de-cristina-kirchner\/#respond"]}]},{"@type":["WebPage","ItemPage"],"@id":"https:\/\/hiox.com.ar\/hiox\/en-medio-de-la-interna-con-kicillof-el-pj-se-reune-y-pone-en-agenda-la-libertad-de-cristina-kirchner\/","url":"https:\/\/hiox.com.ar\/hiox\/en-medio-de-la-interna-con-kicillof-el-pj-se-reune-y-pone-en-agenda-la-libertad-de-cristina-kirchner\/","name":"En medio de la interna con Kicillof, el PJ se re\u00fane y pone en agenda la libertad de Cristina Kirchner - HIOX","isPartOf":{"@id":"https:\/\/hiox.com.ar\/hiox\/#website"},"primaryImageOfPage":{"@id":"https:\/\/hiox.com.ar\/hiox\/en-medio-de-la-interna-con-kicillof-el-pj-se-reune-y-pone-en-agenda-la-libertad-de-cristina-kirchner\/#primaryimage"},"image":{"@id":"https:\/\/hiox.com.ar\/hiox\/en-medio-de-la-interna-con-kicillof-el-pj-se-reune-y-pone-en-agenda-la-libertad-de-cristina-kirchner\/#primaryimage"},"thumbnailUrl":"https:\/\/www.infobae.com\/resizer\/v2\/QY2DGTUNSJBT5FQQHC7BNP7TCE.jpeg?auth=3bd5f2fbeff66b414cdd4e7f797fc6d0ada31f1c21a84f577a2e83faccc5f34b&amp;smart=true&amp;width=1040&amp;height=694","datePublished":"2026-04-29T05:54:10+00:00","description":"En medio de la interna con Kicillof, el PJ se re\u00fane y pone en agenda la libertad de Cristina Kirchner. El encuentro del consejo nacional ser\u00e1 este jueves a las 11. Se tratar\u00e1n las intervenciones de los PJ de Salta y Jujuy. La reuni\u00f3n se da tras varios cruces en el peronismo bonaerense","breadcrumb":{"@id":"https:\/\/hiox.com.ar\/hiox\/en-medio-de-la-interna-con-kicillof-el-pj-se-reune-y-pone-en-agenda-la-libertad-de-cristina-kirchner\/#breadcrumb"},"inLanguage":"es","potentialAction":[{"@type":"ReadAction","target":["https:\/\/hiox.com.ar\/hiox\/en-medio-de-la-interna-con-kicillof-el-pj-se-reune-y-pone-en-agenda-la-libertad-de-cristina-kirchner\/"]}]},{"@type":"ImageObject","inLanguage":"es","@id":"https:\/\/hiox.com.ar\/hiox\/en-medio-de-la-interna-con-kicillof-el-pj-se-reune-y-pone-en-agenda-la-libertad-de-cristina-kirchner\/#primaryimage","url":"https:\/\/www.infobae.com\/resizer\/v2\/QY2DGTUNSJBT5FQQHC7BNP7TCE.jpeg?auth=3bd5f2fbeff66b414cdd4e7f797fc6d0ada31f1c21a84f577a2e83faccc5f34b&amp;smart=true&amp;width=1040&amp;height=694","contentUrl":"https:\/\/www.infobae.com\/resizer\/v2\/QY2DGTUNSJBT5FQQHC7BNP7TCE.jpeg?auth=3bd5f2fbeff66b414cdd4e7f797fc6d0ada31f1c21a84f577a2e83faccc5f34b&amp;smart=true&amp;width=1040&amp;height=694"},{"@type":"BreadcrumbList","@id":"https:\/\/hiox.com.ar\/hiox\/en-medio-de-la-interna-con-kicillof-el-pj-se-reune-y-pone-en-agenda-la-libertad-de-cristina-kirchner\/#breadcrumb","itemListElement":[{"@type":"ListItem","position":1,"name":"Portada","item":"https:\/\/hiox.com.ar\/hiox\/"},{"@type":"ListItem","position":2,"name":"En medio de la interna con Kicillof, el PJ se re\u00fane y pone en agenda la libertad de Cristina Kirchner"}]},{"@type":"WebSite","@id":"https:\/\/hiox.com.ar\/hiox\/#website","url":"https:\/\/hiox.com.ar\/hiox\/","name":"HIOX","description":"Comercio Electronico","publisher":{"@id":"https:\/\/hiox.com.ar\/hiox\/#organization"},"potentialAction":[{"@type":"SearchAction","target":{"@type":"EntryPoint","urlTemplate":"https:\/\/hiox.com.ar\/hiox\/?s={search_term_string}"},"query-input":{"@type":"PropertyValueSpecification","valueRequired":true,"valueName":"search_term_string"}}],"inLanguage":"es"},{"@type":"Organization","@id":"https:\/\/hiox.com.ar\/hiox\/#organization","name":"HIOX","url":"https:\/\/hiox.com.ar\/hiox\/","logo":{"@type":"ImageObject","inLanguage":"es","@id":"https:\/\/hiox.com.ar\/hiox\/#\/schema\/logo\/image\/","url":"https:\/\/hiox.com.ar\/hiox\/wp-content\/uploads\/2025\/09\/cropped-hiox_logo-1.png","contentUrl":"https:\/\/hiox.com.ar\/hiox\/wp-content\/uploads\/2025\/09\/cropped-hiox_logo-1.png","width":491,"height":158,"caption":"HIOX"},"image":{"@id":"https:\/\/hiox.com.ar\/hiox\/#\/schema\/logo\/image\/"}},{"@type":"Person","@id":"https:\/\/hiox.com.ar\/hiox\/#\/schema\/person\/f70183b020df72016f0614086c3cf170","name":"Source Author","image":{"@type":"ImageObject","inLanguage":"es","@id":"https:\/\/secure.gravatar.com\/avatar\/428a8106f8313bec42aca4e38ea86950b6e88a21b0f2764f9f7a4365dc1017a5?s=96&d=mm&r=g","url":"https:\/\/secure.gravatar.com\/avatar\/428a8106f8313bec42aca4e38ea86950b6e88a21b0f2764f9f7a4365dc1017a5?s=96&d=mm&r=g","contentUrl":"https:\/\/secure.gravatar.com\/avatar\/428a8106f8313bec42aca4e38ea86950b6e88a21b0f2764f9f7a4365dc1017a5?s=96&d=mm&r=g","caption":"Source Author"},"url":"https:\/\/hiox.com.ar\/hiox\/author\/wpra-source-author-site-1\/"}]}},"_links":{"self":[{"href":"https:\/\/hiox.com.ar\/hiox\/wp-json\/wp\/v2\/posts\/3085","targetHints":{"allow":["GET"]}}],"collection":[{"href":"https:\/\/hiox.com.ar\/hiox\/wp-json\/wp\/v2\/posts"}],"about":[{"href":"https:\/\/hiox.com.ar\/hiox\/wp-json\/wp\/v2\/types\/post"}],"author":[{"embeddable":true,"href":"https:\/\/hiox.com.ar\/hiox\/wp-json\/wp\/v2\/users\/3"}],"replies":[{"embeddable":true,"href":"https:\/\/hiox.com.ar\/hiox\/wp-json\/wp\/v2\/comments?post=3085"}],"version-history":[{"count":0,"href":"https:\/\/hiox.com.ar\/hiox\/wp-json\/wp\/v2\/posts\/3085\/revisions"}],"wp:attachment":[{"href":"https:\/\/hiox.com.ar\/hiox\/wp-json\/wp\/v2\/media?parent=3085"}],"wp:term":[{"taxonomy":"category","embeddable":true,"href":"https:\/\/hiox.com.ar\/hiox\/wp-json\/wp\/v2\/categories?post=3085"},{"taxonomy":"post_tag","embeddable":true,"href":"https:\/\/hiox.com.ar\/hiox\/wp-json\/wp\/v2\/tags?post=3085"}],"curies":[{"name":"wp","href":"https:\/\/api.w.org\/{rel}","templated":true}]}}