{"id":3077,"date":"2026-04-28T02:49:06","date_gmt":"2026-04-28T05:49:06","guid":{"rendered":"https:\/\/hiox.com.ar\/hiox\/oficializaron-la-salida-de-carlos-frugoni-y-el-nombramiento-del-nuevo-secretario-de-coordinacion-de-infraestructura\/"},"modified":"2026-04-28T02:49:06","modified_gmt":"2026-04-28T05:49:06","slug":"oficializaron-la-salida-de-carlos-frugoni-y-el-nombramiento-del-nuevo-secretario-de-coordinacion-de-infraestructura","status":"publish","type":"post","link":"https:\/\/hiox.com.ar\/hiox\/oficializaron-la-salida-de-carlos-frugoni-y-el-nombramiento-del-nuevo-secretario-de-coordinacion-de-infraestructura\/","title":{"rendered":"Oficializaron la salida de Carlos Frugoni y el nombramiento del nuevo secretario de Coordinaci\u00f3n de Infraestructura"},"content":{"rendered":"<p>Informaci\u00f3n detallada sobre <strong>Oficializaron la salida de Carlos Frugoni y el nombramiento del nuevo secretario de Coordinaci\u00f3n de Infraestructura<\/strong>. Te traemos las \u00faltimas noticias sobre Noticia Infobae, un tema de gran inter\u00e9s para hoy 28 April, 2026.<\/p>\n<div class=\"entry-content-body\">\n<div><img loading=\"lazy\" decoding=\"async\" src=\"https:\/\/www.infobae.com\/resizer\/v2\/J3WSWJXPIZDKREWCGFRNSBXXC4.png?auth=b302b694b7229eee3e77e6354b3475073f32c5aa581852c3ccc67b2aa01ab234&amp;smart=true&amp;width=1090&amp;height=633\" alt=\"Carlos Frugoni renunci\u00f3 a su cargo de secretario de Coordinaci\u00f3n de Infraestructura luego de que se conociera que no declar\u00f3\u00a0siete propiedades inmobiliarias\u00a0en Estados Unidos\" height=\"633\" width=\"1090\"><\/p>\n<p>El <b>Poder Ejecutivo <\/b>acept\u00f3 oficialmente la renuncia de<b> <\/b><a href=\"https:\/\/www.infobae.com\/politica\/2026\/04\/26\/renuncio-carlos-frugoni-el-funcionario-que-reconocio-que-tiene-propiedades-sin-declarar-en-miami\/\" target=\"_blank\" rel=\"noreferrer\" title=\"https:\/\/www.infobae.com\/politica\/2026\/04\/26\/renuncio-carlos-frugoni-el-funcionario-que-reconocio-que-tiene-propiedades-sin-declarar-en-miami\/\"><i><b>Carlos Frugoni<\/b><\/i><\/a><b> <\/b>al cargo de <b>Secretario de Coordinaci\u00f3n de Infraestructura,<\/b> luego de que se conociera que ten\u00eda <b>siete propiedades <\/b>en <b>Miami sin declarar <\/b>ante la <b>Oficina Anticorrupci\u00f3n<\/b> y <b>ARCA<\/b>. Los inmuebles hab\u00edan sido adquiridos <b>entre 2020 y 2022<\/b>.<\/p>\n<p>La desvinculaci\u00f3n se hizo mediante el <b>decreto<\/b> <b>286\/2026<\/b> de <b>Bolet\u00edn Oficial<\/b>, en donde tambi\u00e9n se public\u00f3 la designaci\u00f3n del nuevo funcionario que queda a cargo. La decisi\u00f3n de poner al frente del \u00e1rea de Coordinaci\u00f3n de Infraestructura, al arquitecto<b> Fernando Herrmann,<\/b> hab\u00eda sido anticipada este lunes a trav\u00e9s de una publicaci\u00f3n que el <a href=\"https:\/\/www.infobae.com\/politica\/2026\/04\/27\/nombraron-al-reemplazo-de-carlos-frugoni-quien-sera-el-nuevo-secretario-de-coordinacion-de-infraestructura\/\" target=\"_blank\" rel=\"\" title=\"https:\/\/www.infobae.com\/politica\/2026\/04\/27\/nombraron-al-reemplazo-de-carlos-frugoni-quien-sera-el-nuevo-secretario-de-coordinacion-de-infraestructura\/\"><i><b>Ministerio de Econom\u00eda hizo en X. <\/b><\/i><\/a><\/p>\n<p>Hasta ayer, Herrmann se desempe\u00f1aba como <b>Secretario de Transporte<\/b>, luego de haber sido nombrado en enero de este a\u00f1o por el <b>decreto 47\/2026. <\/b>Arquitecto de profesi\u00f3n, asumi\u00f3 la conducci\u00f3n tras la salida de Luis Octavio Pierrini. Pero a partir de la reciente normativa, ese cargo qued\u00f3 ocupado por el <b>licenciado Mariano Ignacio Plencovich<\/b>.<\/p>\n<p><img loading=\"lazy\" decoding=\"async\" src=\"https:\/\/www.infobae.com\/resizer\/v2\/3BGY4GHC3REHLIKHSGLBDU23N4.jpg?auth=93ff33cd493ef1de728cfb2087cd119bc60090bb634463d8d7e484a36387f121&amp;smart=true&amp;width=1920&amp;height=1080\" alt=\"El arquitecto Fernando Herrmann reemplazar\u00e1 a Frugoni\" height=\"1080\" width=\"1920\"><\/p>\n<p>Respecto a la salida de Frugoni, este reconoci\u00f3 ante el periodista Nicol\u00e1s Wi\u00f1aski que se hab\u00eda equivocado: <b>\u201cComet\u00ed un error. Estaba rectificando esta situaci\u00f3n porque ahora soy funcionario nacional. Me equivoqu\u00e9. Tambi\u00e9n voy a incluir a los departamentos en ARCA\u201d<\/b>, reconoci\u00f3. Seg\u00fan los registros oficiales del condado de <b>Palm Beach<\/b>, se identificaron al menos <b>cinco propiedades<\/b> con valores que oscilan entre <b>USD 215.000 y USD 216.000<\/b>. <\/p>\n<p>Entre ellas figuran el <b>apartamento 626 ubicado en 5187 Oak Hill Lane, Delray Beach; el departamento 309 en 300 Waterway Drive South, Lantana; una unidad en 13212 Glenmoor Drive, West Palm Beach; el departamento 203 en 3516 Whitehall Drive, West Palm Beach; y el apartamento 125 en 3605 South Ocean Boulevard, South Palm Beach.<\/b><\/p>\n<p>El incremento en el patrimonio de Frugoni increment\u00f3 las dudas sobre la transparencia de su desempe\u00f1o. En 2019, <b>declar\u00f3 USD 98.000 <\/b>en efectivo y tres millones de pesos en acciones. Luego de adquirir propiedades en Miami, en 2023 inform\u00f3 tener acciones por m\u00e1s de 40 millones de pesos, inversiones en 16 compa\u00f1\u00edas y dep\u00f3sitos por USD 400.000 en el extranjero.<\/p>\n<p>Las revelaciones motivaron la presentaci\u00f3n de denuncias judiciales encabezadas por el abogado Alejandro D\u00edaz Pascual y el legislador Facundo Del Gaiso. Las investigaciones recayeron en el juzgado federal de Daniel Rafecas y est\u00e1n vinculadas a presuntos delitos por ocultar un patrimonio superior a USD 1,5 millones.<\/p>\n<p><img loading=\"lazy\" decoding=\"async\" src=\"https:\/\/www.infobae.com\/resizer\/v2\/IKS4TNWHB5BSLPR5KGSMSCE5PE.JPG?auth=fe5cc552dcdc436a6d5bf33f040f500c54b607c5189105cb2d08014acc6558ed&amp;smart=true&amp;width=465&amp;height=292\" alt=\"La cartera que conduce Luis Caputo anticip\u00f3 por X al nuevo secretario de Coordinaci\u00f3n de Infraestructura\" height=\"292\" width=\"465\"><\/p>\n<p>Facundo Del Gaiso critic\u00f3 la situaci\u00f3n y, a trav\u00e9s de<i> X<\/i>, afirm\u00f3: \u201cGran a\u00f1o el 2022 para Frugoni. Despu\u00e9s de comprar 7 propiedades en Miami y olvidarse de declararlas, le sobr\u00f3 dinero para que en el a\u00f1o 2023 haga inversiones en 16 empresas por 40 millones de pesos, con el d\u00f3lar a $200.\u201d Adem\u00e1s, destac\u00f3 que el exfuncionario percibi\u00f3 salarios oficiales al mismo tiempo que transfer\u00eda fondos personales al exterior.<\/p>\n<p>El caso gener\u00f3 distintas reacciones dentro del gobierno. Un funcionario de alto rango lo consider\u00f3 \u201cgrav\u00edsimo\u201d y sostuvo que Frugoni \u201ctiene que explicarlo\u201d, seg\u00fan inform\u00f3 <b>Infobae<\/b>. Otros consultados por el mismo medio opinaron que el episodio resulta m\u00e1s grave que antecedentes recientes, como el del jefe de Gabinete, Manuel Adorni. <\/p>\n<p>Una fuente vinculada a la Presidencia remarc\u00f3 la diferencia: \u201cNos llama la atenci\u00f3n que los medios sean tan diferentes con el que es un esc\u00e1ndalo en serio que con lo que fueron con Manuel, que todos saben que es una pelotudez sin corrupci\u00f3n ni omisi\u00f3n\u201d. Otro funcionario compar\u00f3 la magnitud de los bienes: \u201cEst\u00e1s comparando siete casas en Miami con dos propiedades en Argentina. Tiene que aclarar el tema\u201d.<\/p>\n<p>Incluso, la <b>Oficina de Integridad P\u00fablica porte\u00f1a (OIP) lo hab\u00eda sancionado <\/b>en reiteradas oportunidades por incumplimiento en la presentaci\u00f3n de declaraciones juradas. Esta situaci\u00f3n deriv\u00f3 en su <b>inhabilitaci\u00f3n temporal <\/b>para postularse a cargos p\u00fablicos en la administraci\u00f3n de la Ciudad de Buenos Aires.<\/p>\n<p><iframe loading=\"lazy\" src=\"https:\/\/drive.google.com\/file\/d\/1CPdFFgptVzR4LNuys2AxiE3DRTFH5IYw\/preview\" width=\"100%\" height=\"480\"><\/iframe><\/p>\n<\/div>\n<\/div>\n<hr \/>\n<p>Esta noticia sobre <strong>Oficializaron la salida de Carlos Frugoni y el nombramiento del nuevo secretario de Coordinaci\u00f3n de Infraestructura<\/strong> fue publicada originalmente en <a href=\"https:\/\/www.infobae.com\/arc\/outboundfeeds\/rss\/\" target=\"_blank\" rel=\"nofollow\">Infobae.com<\/a>. Puedes ampliar la informaci\u00f3n siguiendo el enlace a la fuente original: <a href=\"https:\/\/www.infobae.com\/politica\/2026\/04\/28\/oficializaron-la-renuncia-de-carlos-frugoni-y-el-nombramiento-del-nuevo-secretario-de-coordinacion-de-infraestructura\/\" target=\"_blank\" rel=\"noopener noreferrer\">Oficializaron la salida de Carlos Frugoni y el nombramiento del nuevo secretario de Coordinaci\u00f3n de Infraestructura<\/a>.<\/p>\n<p><small>Categor\u00eda: Noticia Infobae | Fecha: 28 April, 2026<\/small><\/p>\n","protected":false},"excerpt":{"rendered":"<div>El Gobierno public\u00f3 un decreto en Bolet\u00edn Oficial en donde qued\u00f3 confirmada la salida del funcionario que reconoci\u00f3 tener propiedades sin declarar en Miami. En su lugar qued\u00f3 Fernando Herrmann<\/div>\n","protected":false},"author":3,"featured_media":0,"comment_status":"open","ping_status":"open","sticky":false,"template":"","format":"standard","meta":{"site-sidebar-layout":"default","site-content-layout":"","ast-site-content-layout":"default","site-content-style":"default","site-sidebar-style":"default","ast-global-header-display":"","ast-banner-title-visibility":"","ast-main-header-display":"","ast-hfb-above-header-display":"","ast-hfb-below-header-display":"","ast-hfb-mobile-header-display":"","site-post-title":"","ast-breadcrumbs-content":"","ast-featured-img":"","footer-sml-layout":"","ast-disable-related-posts":"","theme-transparent-header-meta":"","adv-header-id-meta":"","stick-header-meta":"","header-above-stick-meta":"","header-main-stick-meta":"","header-below-stick-meta":"","astra-migrate-meta-layouts":"default","ast-page-background-enabled":"default","ast-page-background-meta":{"desktop":{"background-color":"var(--ast-global-color-5)","background-image":"","background-repeat":"repeat","background-position":"center center","background-size":"auto","background-attachment":"scroll","background-type":"","background-media":"","overlay-type":"","overlay-color":"","overlay-opacity":"","overlay-gradient":""},"tablet":{"background-color":"","background-image":"","background-repeat":"repeat","background-position":"center center","background-size":"auto","background-attachment":"scroll","background-type":"","background-media":"","overlay-type":"","overlay-color":"","overlay-opacity":"","overlay-gradient":""},"mobile":{"background-color":"","background-image":"","background-repeat":"repeat","background-position":"center center","background-size":"auto","background-attachment":"scroll","background-type":"","background-media":"","overlay-type":"","overlay-color":"","overlay-opacity":"","overlay-gradient":""}},"ast-content-background-meta":{"desktop":{"background-color":"var(--ast-global-color-4)","background-image":"","background-repeat":"repeat","background-position":"center center","background-size":"auto","background-attachment":"scroll","background-type":"","background-media":"","overlay-type":"","overlay-color":"","overlay-opacity":"","overlay-gradient":""},"tablet":{"background-color":"var(--ast-global-color-4)","background-image":"","background-repeat":"repeat","background-position":"center center","background-size":"auto","background-attachment":"scroll","background-type":"","background-media":"","overlay-type":"","overlay-color":"","overlay-opacity":"","overlay-gradient":""},"mobile":{"background-color":"var(--ast-global-color-4)","background-image":"","background-repeat":"repeat","background-position":"center center","background-size":"auto","background-attachment":"scroll","background-type":"","background-media":"","overlay-type":"","overlay-color":"","overlay-opacity":"","overlay-gradient":""}},"fifu_image_url":"","fifu_image_alt":"","footnotes":""},"categories":[23],"tags":[25,27,24,26],"class_list":["post-3077","post","type-post","status-publish","format-standard","hentry","category-noticias","tag-infobae","tag-informacion-general","tag-noticias","tag-novedades"],"yoast_head":"<!-- This site is optimized with the Yoast SEO plugin v27.5 - https:\/\/yoast.com\/product\/yoast-seo-wordpress\/ -->\n<title>Oficializaron la salida de Carlos Frugoni y el nombramiento del nuevo secretario de Coordinaci\u00f3n de Infraestructura - HIOX<\/title>\n<meta name=\"description\" content=\"Oficializaron la salida de Carlos Frugoni y el nombramiento del nuevo secretario de Coordinaci\u00f3n de Infraestructura. El Gobierno public\u00f3 un decreto en Bolet\u00edn Oficial en donde qued\u00f3 confirmada la salida del funcionario que reconoci\u00f3 tener propiedades sin declarar en Miami. En su lugar qued\u00f3 Fernando Herrmann\" \/>\n<meta name=\"robots\" content=\"index, follow, max-snippet:-1, max-image-preview:large, max-video-preview:-1\" \/>\n<link rel=\"canonical\" href=\"https:\/\/hiox.com.ar\/hiox\/oficializaron-la-salida-de-carlos-frugoni-y-el-nombramiento-del-nuevo-secretario-de-coordinacion-de-infraestructura\/\" \/>\n<meta property=\"og:locale\" content=\"es_ES\" \/>\n<meta property=\"og:type\" content=\"article\" \/>\n<meta property=\"og:title\" content=\"Oficializaron la salida de Carlos Frugoni y el nombramiento del nuevo secretario de Coordinaci\u00f3n de Infraestructura - HIOX\" \/>\n<meta property=\"og:description\" content=\"Oficializaron la salida de Carlos Frugoni y el nombramiento del nuevo secretario de Coordinaci\u00f3n de Infraestructura. El Gobierno public\u00f3 un decreto en Bolet\u00edn Oficial en donde qued\u00f3 confirmada la salida del funcionario que reconoci\u00f3 tener propiedades sin declarar en Miami. En su lugar qued\u00f3 Fernando Herrmann\" \/>\n<meta property=\"og:url\" content=\"https:\/\/hiox.com.ar\/hiox\/oficializaron-la-salida-de-carlos-frugoni-y-el-nombramiento-del-nuevo-secretario-de-coordinacion-de-infraestructura\/\" \/>\n<meta property=\"og:site_name\" content=\"HIOX\" \/>\n<meta property=\"article:published_time\" content=\"2026-04-28T05:49:06+00:00\" \/>\n<meta property=\"og:image\" content=\"https:\/\/www.infobae.com\/resizer\/v2\/J3WSWJXPIZDKREWCGFRNSBXXC4.png?auth=b302b694b7229eee3e77e6354b3475073f32c5aa581852c3ccc67b2aa01ab234&amp;smart=true&amp;width=1090&amp;height=633\" \/>\n<meta name=\"author\" content=\"Source Author\" \/>\n<meta name=\"twitter:card\" content=\"summary_large_image\" \/>\n<meta name=\"twitter:label1\" content=\"Escrito por\" \/>\n\t<meta name=\"twitter:data1\" content=\"Source Author\" \/>\n\t<meta name=\"twitter:label2\" content=\"Tiempo de lectura\" \/>\n\t<meta name=\"twitter:data2\" content=\"4 minutos\" \/>\n<script type=\"application\/ld+json\" class=\"yoast-schema-graph\">{\"@context\":\"https:\\\/\\\/schema.org\",\"@graph\":[{\"@type\":\"NewsArticle\",\"@id\":\"https:\\\/\\\/hiox.com.ar\\\/hiox\\\/oficializaron-la-salida-de-carlos-frugoni-y-el-nombramiento-del-nuevo-secretario-de-coordinacion-de-infraestructura\\\/#article\",\"isPartOf\":{\"@id\":\"https:\\\/\\\/hiox.com.ar\\\/hiox\\\/oficializaron-la-salida-de-carlos-frugoni-y-el-nombramiento-del-nuevo-secretario-de-coordinacion-de-infraestructura\\\/\"},\"author\":{\"name\":\"Source Author\",\"@id\":\"https:\\\/\\\/hiox.com.ar\\\/hiox\\\/#\\\/schema\\\/person\\\/f70183b020df72016f0614086c3cf170\"},\"headline\":\"Oficializaron la salida de Carlos Frugoni y el nombramiento del nuevo secretario de Coordinaci\u00f3n de Infraestructura\",\"datePublished\":\"2026-04-28T05:49:06+00:00\",\"mainEntityOfPage\":{\"@id\":\"https:\\\/\\\/hiox.com.ar\\\/hiox\\\/oficializaron-la-salida-de-carlos-frugoni-y-el-nombramiento-del-nuevo-secretario-de-coordinacion-de-infraestructura\\\/\"},\"wordCount\":759,\"commentCount\":0,\"publisher\":{\"@id\":\"https:\\\/\\\/hiox.com.ar\\\/hiox\\\/#organization\"},\"image\":{\"@id\":\"https:\\\/\\\/hiox.com.ar\\\/hiox\\\/oficializaron-la-salida-de-carlos-frugoni-y-el-nombramiento-del-nuevo-secretario-de-coordinacion-de-infraestructura\\\/#primaryimage\"},\"thumbnailUrl\":\"https:\\\/\\\/www.infobae.com\\\/resizer\\\/v2\\\/J3WSWJXPIZDKREWCGFRNSBXXC4.png?auth=b302b694b7229eee3e77e6354b3475073f32c5aa581852c3ccc67b2aa01ab234&amp;smart=true&amp;width=1090&amp;height=633\",\"keywords\":[\"Infobae\",\"Informaci\u00f3n General\",\"Noticias\",\"Novedades\"],\"articleSection\":[\"\ud83d\udcf0 Noticias \ud83d\uddde\ufe0f\"],\"inLanguage\":\"es\",\"potentialAction\":[{\"@type\":\"CommentAction\",\"name\":\"Comment\",\"target\":[\"https:\\\/\\\/hiox.com.ar\\\/hiox\\\/oficializaron-la-salida-de-carlos-frugoni-y-el-nombramiento-del-nuevo-secretario-de-coordinacion-de-infraestructura\\\/#respond\"]}]},{\"@type\":[\"WebPage\",\"ItemPage\"],\"@id\":\"https:\\\/\\\/hiox.com.ar\\\/hiox\\\/oficializaron-la-salida-de-carlos-frugoni-y-el-nombramiento-del-nuevo-secretario-de-coordinacion-de-infraestructura\\\/\",\"url\":\"https:\\\/\\\/hiox.com.ar\\\/hiox\\\/oficializaron-la-salida-de-carlos-frugoni-y-el-nombramiento-del-nuevo-secretario-de-coordinacion-de-infraestructura\\\/\",\"name\":\"Oficializaron la salida de Carlos Frugoni y el nombramiento del nuevo secretario de Coordinaci\u00f3n de Infraestructura - HIOX\",\"isPartOf\":{\"@id\":\"https:\\\/\\\/hiox.com.ar\\\/hiox\\\/#website\"},\"primaryImageOfPage\":{\"@id\":\"https:\\\/\\\/hiox.com.ar\\\/hiox\\\/oficializaron-la-salida-de-carlos-frugoni-y-el-nombramiento-del-nuevo-secretario-de-coordinacion-de-infraestructura\\\/#primaryimage\"},\"image\":{\"@id\":\"https:\\\/\\\/hiox.com.ar\\\/hiox\\\/oficializaron-la-salida-de-carlos-frugoni-y-el-nombramiento-del-nuevo-secretario-de-coordinacion-de-infraestructura\\\/#primaryimage\"},\"thumbnailUrl\":\"https:\\\/\\\/www.infobae.com\\\/resizer\\\/v2\\\/J3WSWJXPIZDKREWCGFRNSBXXC4.png?auth=b302b694b7229eee3e77e6354b3475073f32c5aa581852c3ccc67b2aa01ab234&amp;smart=true&amp;width=1090&amp;height=633\",\"datePublished\":\"2026-04-28T05:49:06+00:00\",\"description\":\"Oficializaron la salida de Carlos Frugoni y el nombramiento del nuevo secretario de Coordinaci\u00f3n de Infraestructura. El Gobierno public\u00f3 un decreto en Bolet\u00edn Oficial en donde qued\u00f3 confirmada la salida del funcionario que reconoci\u00f3 tener propiedades sin declarar en Miami. En su lugar qued\u00f3 Fernando Herrmann\",\"breadcrumb\":{\"@id\":\"https:\\\/\\\/hiox.com.ar\\\/hiox\\\/oficializaron-la-salida-de-carlos-frugoni-y-el-nombramiento-del-nuevo-secretario-de-coordinacion-de-infraestructura\\\/#breadcrumb\"},\"inLanguage\":\"es\",\"potentialAction\":[{\"@type\":\"ReadAction\",\"target\":[\"https:\\\/\\\/hiox.com.ar\\\/hiox\\\/oficializaron-la-salida-de-carlos-frugoni-y-el-nombramiento-del-nuevo-secretario-de-coordinacion-de-infraestructura\\\/\"]}]},{\"@type\":\"ImageObject\",\"inLanguage\":\"es\",\"@id\":\"https:\\\/\\\/hiox.com.ar\\\/hiox\\\/oficializaron-la-salida-de-carlos-frugoni-y-el-nombramiento-del-nuevo-secretario-de-coordinacion-de-infraestructura\\\/#primaryimage\",\"url\":\"https:\\\/\\\/www.infobae.com\\\/resizer\\\/v2\\\/J3WSWJXPIZDKREWCGFRNSBXXC4.png?auth=b302b694b7229eee3e77e6354b3475073f32c5aa581852c3ccc67b2aa01ab234&amp;smart=true&amp;width=1090&amp;height=633\",\"contentUrl\":\"https:\\\/\\\/www.infobae.com\\\/resizer\\\/v2\\\/J3WSWJXPIZDKREWCGFRNSBXXC4.png?auth=b302b694b7229eee3e77e6354b3475073f32c5aa581852c3ccc67b2aa01ab234&amp;smart=true&amp;width=1090&amp;height=633\"},{\"@type\":\"BreadcrumbList\",\"@id\":\"https:\\\/\\\/hiox.com.ar\\\/hiox\\\/oficializaron-la-salida-de-carlos-frugoni-y-el-nombramiento-del-nuevo-secretario-de-coordinacion-de-infraestructura\\\/#breadcrumb\",\"itemListElement\":[{\"@type\":\"ListItem\",\"position\":1,\"name\":\"Portada\",\"item\":\"https:\\\/\\\/hiox.com.ar\\\/hiox\\\/\"},{\"@type\":\"ListItem\",\"position\":2,\"name\":\"Oficializaron la salida de Carlos Frugoni y el nombramiento del nuevo secretario de Coordinaci\u00f3n de Infraestructura\"}]},{\"@type\":\"WebSite\",\"@id\":\"https:\\\/\\\/hiox.com.ar\\\/hiox\\\/#website\",\"url\":\"https:\\\/\\\/hiox.com.ar\\\/hiox\\\/\",\"name\":\"HIOX\",\"description\":\"Comercio Electronico\",\"publisher\":{\"@id\":\"https:\\\/\\\/hiox.com.ar\\\/hiox\\\/#organization\"},\"potentialAction\":[{\"@type\":\"SearchAction\",\"target\":{\"@type\":\"EntryPoint\",\"urlTemplate\":\"https:\\\/\\\/hiox.com.ar\\\/hiox\\\/?s={search_term_string}\"},\"query-input\":{\"@type\":\"PropertyValueSpecification\",\"valueRequired\":true,\"valueName\":\"search_term_string\"}}],\"inLanguage\":\"es\"},{\"@type\":\"Organization\",\"@id\":\"https:\\\/\\\/hiox.com.ar\\\/hiox\\\/#organization\",\"name\":\"HIOX\",\"url\":\"https:\\\/\\\/hiox.com.ar\\\/hiox\\\/\",\"logo\":{\"@type\":\"ImageObject\",\"inLanguage\":\"es\",\"@id\":\"https:\\\/\\\/hiox.com.ar\\\/hiox\\\/#\\\/schema\\\/logo\\\/image\\\/\",\"url\":\"https:\\\/\\\/hiox.com.ar\\\/hiox\\\/wp-content\\\/uploads\\\/2025\\\/09\\\/cropped-hiox_logo-1.png\",\"contentUrl\":\"https:\\\/\\\/hiox.com.ar\\\/hiox\\\/wp-content\\\/uploads\\\/2025\\\/09\\\/cropped-hiox_logo-1.png\",\"width\":491,\"height\":158,\"caption\":\"HIOX\"},\"image\":{\"@id\":\"https:\\\/\\\/hiox.com.ar\\\/hiox\\\/#\\\/schema\\\/logo\\\/image\\\/\"}},{\"@type\":\"Person\",\"@id\":\"https:\\\/\\\/hiox.com.ar\\\/hiox\\\/#\\\/schema\\\/person\\\/f70183b020df72016f0614086c3cf170\",\"name\":\"Source Author\",\"image\":{\"@type\":\"ImageObject\",\"inLanguage\":\"es\",\"@id\":\"https:\\\/\\\/secure.gravatar.com\\\/avatar\\\/428a8106f8313bec42aca4e38ea86950b6e88a21b0f2764f9f7a4365dc1017a5?s=96&d=mm&r=g\",\"url\":\"https:\\\/\\\/secure.gravatar.com\\\/avatar\\\/428a8106f8313bec42aca4e38ea86950b6e88a21b0f2764f9f7a4365dc1017a5?s=96&d=mm&r=g\",\"contentUrl\":\"https:\\\/\\\/secure.gravatar.com\\\/avatar\\\/428a8106f8313bec42aca4e38ea86950b6e88a21b0f2764f9f7a4365dc1017a5?s=96&d=mm&r=g\",\"caption\":\"Source Author\"},\"url\":\"https:\\\/\\\/hiox.com.ar\\\/hiox\\\/author\\\/wpra-source-author-site-1\\\/\"}]}<\/script>\n<!-- \/ Yoast SEO plugin. -->","yoast_head_json":{"title":"Oficializaron la salida de Carlos Frugoni y el nombramiento del nuevo secretario de Coordinaci\u00f3n de Infraestructura - HIOX","description":"Oficializaron la salida de Carlos Frugoni y el nombramiento del nuevo secretario de Coordinaci\u00f3n de Infraestructura. El Gobierno public\u00f3 un decreto en Bolet\u00edn Oficial en donde qued\u00f3 confirmada la salida del funcionario que reconoci\u00f3 tener propiedades sin declarar en Miami. En su lugar qued\u00f3 Fernando Herrmann","robots":{"index":"index","follow":"follow","max-snippet":"max-snippet:-1","max-image-preview":"max-image-preview:large","max-video-preview":"max-video-preview:-1"},"canonical":"https:\/\/hiox.com.ar\/hiox\/oficializaron-la-salida-de-carlos-frugoni-y-el-nombramiento-del-nuevo-secretario-de-coordinacion-de-infraestructura\/","og_locale":"es_ES","og_type":"article","og_title":"Oficializaron la salida de Carlos Frugoni y el nombramiento del nuevo secretario de Coordinaci\u00f3n de Infraestructura - HIOX","og_description":"Oficializaron la salida de Carlos Frugoni y el nombramiento del nuevo secretario de Coordinaci\u00f3n de Infraestructura. El Gobierno public\u00f3 un decreto en Bolet\u00edn Oficial en donde qued\u00f3 confirmada la salida del funcionario que reconoci\u00f3 tener propiedades sin declarar en Miami. En su lugar qued\u00f3 Fernando Herrmann","og_url":"https:\/\/hiox.com.ar\/hiox\/oficializaron-la-salida-de-carlos-frugoni-y-el-nombramiento-del-nuevo-secretario-de-coordinacion-de-infraestructura\/","og_site_name":"HIOX","article_published_time":"2026-04-28T05:49:06+00:00","og_image":[{"url":"https:\/\/www.infobae.com\/resizer\/v2\/J3WSWJXPIZDKREWCGFRNSBXXC4.png?auth=b302b694b7229eee3e77e6354b3475073f32c5aa581852c3ccc67b2aa01ab234&amp;smart=true&amp;width=1090&amp;height=633","type":"","width":"","height":""}],"author":"Source Author","twitter_card":"summary_large_image","twitter_misc":{"Escrito por":"Source Author","Tiempo de lectura":"4 minutos"},"schema":{"@context":"https:\/\/schema.org","@graph":[{"@type":"NewsArticle","@id":"https:\/\/hiox.com.ar\/hiox\/oficializaron-la-salida-de-carlos-frugoni-y-el-nombramiento-del-nuevo-secretario-de-coordinacion-de-infraestructura\/#article","isPartOf":{"@id":"https:\/\/hiox.com.ar\/hiox\/oficializaron-la-salida-de-carlos-frugoni-y-el-nombramiento-del-nuevo-secretario-de-coordinacion-de-infraestructura\/"},"author":{"name":"Source Author","@id":"https:\/\/hiox.com.ar\/hiox\/#\/schema\/person\/f70183b020df72016f0614086c3cf170"},"headline":"Oficializaron la salida de Carlos Frugoni y el nombramiento del nuevo secretario de Coordinaci\u00f3n de Infraestructura","datePublished":"2026-04-28T05:49:06+00:00","mainEntityOfPage":{"@id":"https:\/\/hiox.com.ar\/hiox\/oficializaron-la-salida-de-carlos-frugoni-y-el-nombramiento-del-nuevo-secretario-de-coordinacion-de-infraestructura\/"},"wordCount":759,"commentCount":0,"publisher":{"@id":"https:\/\/hiox.com.ar\/hiox\/#organization"},"image":{"@id":"https:\/\/hiox.com.ar\/hiox\/oficializaron-la-salida-de-carlos-frugoni-y-el-nombramiento-del-nuevo-secretario-de-coordinacion-de-infraestructura\/#primaryimage"},"thumbnailUrl":"https:\/\/www.infobae.com\/resizer\/v2\/J3WSWJXPIZDKREWCGFRNSBXXC4.png?auth=b302b694b7229eee3e77e6354b3475073f32c5aa581852c3ccc67b2aa01ab234&amp;smart=true&amp;width=1090&amp;height=633","keywords":["Infobae","Informaci\u00f3n General","Noticias","Novedades"],"articleSection":["\ud83d\udcf0 Noticias \ud83d\uddde\ufe0f"],"inLanguage":"es","potentialAction":[{"@type":"CommentAction","name":"Comment","target":["https:\/\/hiox.com.ar\/hiox\/oficializaron-la-salida-de-carlos-frugoni-y-el-nombramiento-del-nuevo-secretario-de-coordinacion-de-infraestructura\/#respond"]}]},{"@type":["WebPage","ItemPage"],"@id":"https:\/\/hiox.com.ar\/hiox\/oficializaron-la-salida-de-carlos-frugoni-y-el-nombramiento-del-nuevo-secretario-de-coordinacion-de-infraestructura\/","url":"https:\/\/hiox.com.ar\/hiox\/oficializaron-la-salida-de-carlos-frugoni-y-el-nombramiento-del-nuevo-secretario-de-coordinacion-de-infraestructura\/","name":"Oficializaron la salida de Carlos Frugoni y el nombramiento del nuevo secretario de Coordinaci\u00f3n de Infraestructura - HIOX","isPartOf":{"@id":"https:\/\/hiox.com.ar\/hiox\/#website"},"primaryImageOfPage":{"@id":"https:\/\/hiox.com.ar\/hiox\/oficializaron-la-salida-de-carlos-frugoni-y-el-nombramiento-del-nuevo-secretario-de-coordinacion-de-infraestructura\/#primaryimage"},"image":{"@id":"https:\/\/hiox.com.ar\/hiox\/oficializaron-la-salida-de-carlos-frugoni-y-el-nombramiento-del-nuevo-secretario-de-coordinacion-de-infraestructura\/#primaryimage"},"thumbnailUrl":"https:\/\/www.infobae.com\/resizer\/v2\/J3WSWJXPIZDKREWCGFRNSBXXC4.png?auth=b302b694b7229eee3e77e6354b3475073f32c5aa581852c3ccc67b2aa01ab234&amp;smart=true&amp;width=1090&amp;height=633","datePublished":"2026-04-28T05:49:06+00:00","description":"Oficializaron la salida de Carlos Frugoni y el nombramiento del nuevo secretario de Coordinaci\u00f3n de Infraestructura. El Gobierno public\u00f3 un decreto en Bolet\u00edn Oficial en donde qued\u00f3 confirmada la salida del funcionario que reconoci\u00f3 tener propiedades sin declarar en Miami. En su lugar qued\u00f3 Fernando Herrmann","breadcrumb":{"@id":"https:\/\/hiox.com.ar\/hiox\/oficializaron-la-salida-de-carlos-frugoni-y-el-nombramiento-del-nuevo-secretario-de-coordinacion-de-infraestructura\/#breadcrumb"},"inLanguage":"es","potentialAction":[{"@type":"ReadAction","target":["https:\/\/hiox.com.ar\/hiox\/oficializaron-la-salida-de-carlos-frugoni-y-el-nombramiento-del-nuevo-secretario-de-coordinacion-de-infraestructura\/"]}]},{"@type":"ImageObject","inLanguage":"es","@id":"https:\/\/hiox.com.ar\/hiox\/oficializaron-la-salida-de-carlos-frugoni-y-el-nombramiento-del-nuevo-secretario-de-coordinacion-de-infraestructura\/#primaryimage","url":"https:\/\/www.infobae.com\/resizer\/v2\/J3WSWJXPIZDKREWCGFRNSBXXC4.png?auth=b302b694b7229eee3e77e6354b3475073f32c5aa581852c3ccc67b2aa01ab234&amp;smart=true&amp;width=1090&amp;height=633","contentUrl":"https:\/\/www.infobae.com\/resizer\/v2\/J3WSWJXPIZDKREWCGFRNSBXXC4.png?auth=b302b694b7229eee3e77e6354b3475073f32c5aa581852c3ccc67b2aa01ab234&amp;smart=true&amp;width=1090&amp;height=633"},{"@type":"BreadcrumbList","@id":"https:\/\/hiox.com.ar\/hiox\/oficializaron-la-salida-de-carlos-frugoni-y-el-nombramiento-del-nuevo-secretario-de-coordinacion-de-infraestructura\/#breadcrumb","itemListElement":[{"@type":"ListItem","position":1,"name":"Portada","item":"https:\/\/hiox.com.ar\/hiox\/"},{"@type":"ListItem","position":2,"name":"Oficializaron la salida de Carlos Frugoni y el nombramiento del nuevo secretario de Coordinaci\u00f3n de Infraestructura"}]},{"@type":"WebSite","@id":"https:\/\/hiox.com.ar\/hiox\/#website","url":"https:\/\/hiox.com.ar\/hiox\/","name":"HIOX","description":"Comercio Electronico","publisher":{"@id":"https:\/\/hiox.com.ar\/hiox\/#organization"},"potentialAction":[{"@type":"SearchAction","target":{"@type":"EntryPoint","urlTemplate":"https:\/\/hiox.com.ar\/hiox\/?s={search_term_string}"},"query-input":{"@type":"PropertyValueSpecification","valueRequired":true,"valueName":"search_term_string"}}],"inLanguage":"es"},{"@type":"Organization","@id":"https:\/\/hiox.com.ar\/hiox\/#organization","name":"HIOX","url":"https:\/\/hiox.com.ar\/hiox\/","logo":{"@type":"ImageObject","inLanguage":"es","@id":"https:\/\/hiox.com.ar\/hiox\/#\/schema\/logo\/image\/","url":"https:\/\/hiox.com.ar\/hiox\/wp-content\/uploads\/2025\/09\/cropped-hiox_logo-1.png","contentUrl":"https:\/\/hiox.com.ar\/hiox\/wp-content\/uploads\/2025\/09\/cropped-hiox_logo-1.png","width":491,"height":158,"caption":"HIOX"},"image":{"@id":"https:\/\/hiox.com.ar\/hiox\/#\/schema\/logo\/image\/"}},{"@type":"Person","@id":"https:\/\/hiox.com.ar\/hiox\/#\/schema\/person\/f70183b020df72016f0614086c3cf170","name":"Source Author","image":{"@type":"ImageObject","inLanguage":"es","@id":"https:\/\/secure.gravatar.com\/avatar\/428a8106f8313bec42aca4e38ea86950b6e88a21b0f2764f9f7a4365dc1017a5?s=96&d=mm&r=g","url":"https:\/\/secure.gravatar.com\/avatar\/428a8106f8313bec42aca4e38ea86950b6e88a21b0f2764f9f7a4365dc1017a5?s=96&d=mm&r=g","contentUrl":"https:\/\/secure.gravatar.com\/avatar\/428a8106f8313bec42aca4e38ea86950b6e88a21b0f2764f9f7a4365dc1017a5?s=96&d=mm&r=g","caption":"Source Author"},"url":"https:\/\/hiox.com.ar\/hiox\/author\/wpra-source-author-site-1\/"}]}},"_links":{"self":[{"href":"https:\/\/hiox.com.ar\/hiox\/wp-json\/wp\/v2\/posts\/3077","targetHints":{"allow":["GET"]}}],"collection":[{"href":"https:\/\/hiox.com.ar\/hiox\/wp-json\/wp\/v2\/posts"}],"about":[{"href":"https:\/\/hiox.com.ar\/hiox\/wp-json\/wp\/v2\/types\/post"}],"author":[{"embeddable":true,"href":"https:\/\/hiox.com.ar\/hiox\/wp-json\/wp\/v2\/users\/3"}],"replies":[{"embeddable":true,"href":"https:\/\/hiox.com.ar\/hiox\/wp-json\/wp\/v2\/comments?post=3077"}],"version-history":[{"count":0,"href":"https:\/\/hiox.com.ar\/hiox\/wp-json\/wp\/v2\/posts\/3077\/revisions"}],"wp:attachment":[{"href":"https:\/\/hiox.com.ar\/hiox\/wp-json\/wp\/v2\/media?parent=3077"}],"wp:term":[{"taxonomy":"category","embeddable":true,"href":"https:\/\/hiox.com.ar\/hiox\/wp-json\/wp\/v2\/categories?post=3077"},{"taxonomy":"post_tag","embeddable":true,"href":"https:\/\/hiox.com.ar\/hiox\/wp-json\/wp\/v2\/tags?post=3077"}],"curies":[{"name":"wp","href":"https:\/\/api.w.org\/{rel}","templated":true}]}}