{"id":3076,"date":"2026-04-28T02:48:33","date_gmt":"2026-04-28T05:48:33","guid":{"rendered":"https:\/\/hiox.com.ar\/hiox\/ideam-advierte-sobre-lluvias-intensas-esta-semana-estas-son-las-zonas-en-riesgo-en-colombia\/"},"modified":"2026-04-28T02:48:33","modified_gmt":"2026-04-28T05:48:33","slug":"ideam-advierte-sobre-lluvias-intensas-esta-semana-estas-son-las-zonas-en-riesgo-en-colombia","status":"publish","type":"post","link":"https:\/\/hiox.com.ar\/hiox\/ideam-advierte-sobre-lluvias-intensas-esta-semana-estas-son-las-zonas-en-riesgo-en-colombia\/","title":{"rendered":"Ideam advierte sobre lluvias intensas esta semana: estas son las zonas en riesgo en Colombia"},"content":{"rendered":"<p>Informaci\u00f3n detallada sobre <strong>Ideam advierte sobre lluvias intensas esta semana: estas son las zonas en riesgo en Colombia<\/strong>. Te traemos las \u00faltimas noticias sobre Noticia Infobae, un tema de gran inter\u00e9s para hoy 28 April, 2026.<\/p>\n<div class=\"entry-content-body\">\n<div><img loading=\"lazy\" decoding=\"async\" src=\"https:\/\/www.infobae.com\/resizer\/v2\/6IKHT37SR5ERLAZI363GTSVUMA.png?auth=21306e9236d0b207f21ec07b89007290885d71ee6f59e65435978a429acea524&amp;smart=true&amp;width=1456&amp;height=816\" alt=\"Lluvias recurrentes en varias regiones mantienen activos los protocolos de prevenci\u00f3n. - cr\u00e9dito Imagen Ilustrativa Infobae\" height=\"816\" width=\"1456\"><\/p>\n<p>El Instituto de Hidrolog\u00eda, Meteorolog\u00eda y Estudios Ambientales emiti\u00f3 una alerta ante la persistencia de lluvias intensas en amplias zonas del territorio nacional, especialmente en el centro y occidente del pa\u00eds, durante la \u00faltima semana de abril.<\/p>\n<p>De acuerdo con el m\u00e1s reciente informe, las precipitaciones acumuladas en las \u00faltimas horas, sumadas al pron\u00f3stico para las pr\u00f3ximas 72 horas, configuran un escenario de riesgo elevado, con posibilidad de crecientes s\u00fabitas, inundaciones y deslizamientos de tierra.<\/p>\n<p><b>La entidad precis\u00f3 que las lluvias m\u00e1s intensas se concentrar\u00e1n durante las jornadas de la tarde y noche<\/b>, extendi\u00e9ndose en algunos casos hasta la madrugada, principalmente en departamentos como Nari\u00f1o, Cauca, Santander y Norte de Santander.<\/p>\n<h2>Regiones con mayor impacto por precipitaciones<\/h2>\n<p>Seg\u00fan el Ideam, <b>las condiciones meteorol\u00f3gicas m\u00e1s adversas se registrar\u00e1n en las regiones Andina, Pac\u00edfica y sectores del Caribe<\/b>, donde se espera una mayor frecuencia e intensidad de las lluvias.<\/p>\n<p>Entre los departamentos con mayor probabilidad de afectaci\u00f3n se encuentran:<\/p>\n<ul>\n<li><b>Antioquia, Caldas, Cundinamarca y Boyac\u00e1<\/b>, en la regi\u00f3n Andina.<\/li>\n<li><b>Choc\u00f3, Valle del Cauca, Cauca y Nari\u00f1o<\/b>, en la regi\u00f3n Pac\u00edfica.<\/li>\n<li><b>Santander y Norte de Santander<\/b>, con alta probabilidad de tormentas y eventos extremos.<\/li>\n<\/ul>\n<p>Asimismo, el pron\u00f3stico incluye precipitaciones en Caquet\u00e1, Putumayo, Meta y Casanare, aunque con menor intensidad en comparaci\u00f3n con otras zonas del pa\u00eds.<\/p>\n<p><b>El instituto se\u00f1al\u00f3 que los eventos de mayor intensidad se concentrar\u00e1n entre el 28 y el 29 de abril<\/b>, periodo en el que podr\u00edan presentarse emergencias asociadas a las condiciones clim\u00e1ticas.<\/p>\n<p><img loading=\"lazy\" decoding=\"async\" src=\"https:\/\/www.infobae.com\/resizer\/v2\/A2QRSAG52RBRZNNENGUPJ5UT2U.jpg?auth=5c6951bf961b7efe64f658d95e70ebe6440710b9ff18a69247d81726bf6a9304&amp;smart=true&amp;width=1920&amp;height=1080\" alt=\"Entidades de gesti\u00f3n del riesgo activan planes preventivos en varias regiones. - cr\u00e9dito MinAmbiente.\" height=\"1080\" width=\"1920\"><\/p>\n<h2>Alertas hidrol\u00f3gicas en m\u00faltiples cuencas<\/h2>\n<p>El Ideam mantiene alertas hidrol\u00f3gicas en varias cuencas del pa\u00eds, debido al incremento en los niveles de los r\u00edos y la posibilidad de desbordamientos.<\/p>\n<p>En la regi\u00f3n nororiental, especialmente en Norte de Santander, <b>se encuentran en alerta roja r\u00edos como Algodonal, Tarra, Sardinata, Tib\u00fa, Zulia y Pamplonita<\/b>, con potencial de generar afectaciones en municipios cercanos.<\/p>\n<p>En el Magdalena Medio,<b> tambi\u00e9n se reportan alertas rojas en los r\u00edos Negro, Carare, Op\u00f3n, Su\u00e1rez y Lebrija<\/b>, as\u00ed como en quebradas que desembocan en este sistema h\u00eddrico.<\/p>\n<p>Por su parte, <b>en la regi\u00f3n Pac\u00edfica se mantienen alertas naranjas en r\u00edos como Naya, San Juan de Micay, Saija, Timbiqu\u00ed, Guapi, Iscuand\u00e9, Telemb\u00ed y Mira<\/b>, con probabilidad de incrementos significativos en sus niveles.<\/p>\n<p>Estas condiciones incrementan el riesgo de inundaciones en zonas ribere\u00f1as y afectaciones en comunidades asentadas cerca de los cauces.<\/p>\n<h2>Municipios en alerta por deslizamientos de tierra<\/h2>\n<p>El Ideam tambi\u00e9n report\u00f3 alertas por movimientos en masa en diferentes niveles (rojo, naranja y amarillo), con mayor concentraci\u00f3n en departamentos del suroccidente y nororiente del pa\u00eds.<\/p>\n<p>En alerta roja, que indica alta probabilidad de deslizamientos, se encuentran municipios como:<\/p>\n<ul>\n<li>Cauca: El Tambo, L\u00f3pez De Micay, Rosas, Timbiqu\u00ed.<\/li>\n<li>Nari\u00f1o: Barbacoas, La Llanada, Los Andes, Mag\u00fc\u00ed, Mallama, Ricaurte, San Andr\u00e9s De Tumaco. <\/li>\n<li>Norte de Santander: Bochalema, Bucarasica, Chin\u00e1cota, Convenci\u00f3n, Cucutilla, Durania, El Carmen, El Zulia, Gramalote, Los Patios, Lourdes, Pamplonita, Salazar, San Jos\u00e9 De C\u00facuta, Santiago, Sardinata, Tib\u00fa, Toledo, Villa Caro. <\/li>\n<li>Santander: Betulia, Bol\u00edvar, Cimitarra, El Pe\u00f1\u00f3n, Gir\u00f3n, Land\u00e1zuri, Lebrija, Rionegro, San Vicente De Chucur\u00ed, Sucre, V\u00e9lez.<\/li>\n<\/ul>\n<p>De igual forma, <b>decenas de municipios permanecen en alerta naranja y amarilla<\/b>, lo que implica condiciones de inestabilidad del terreno que podr\u00edan agravarse con nuevas lluvias.<\/p>\n<p><b>Alerta Naranja <\/b><\/p>\n<ul>\n<li>Cauca: Arg\u00e9lia, Inz\u00e1, Silvia, Totor\u00f3. <\/li>\n<li>Nari\u00f1o: Cumbal, Cumbitara, El Charco, El Rosario, Nari\u00f1o, Policarpa, Samaniego, Santa B\u00e1rbara, Santacruz.<\/li>\n<li>Norte de Santander: Arboledas, C\u00e1chira, El Tarra, Hacar\u00ed, Herr\u00e1n, La Esperanza, La Playa, Labateca, Oca\u00f1a, Pamplona, Ragonvalia, San Calixto, San Cayetano, Teorama, Villa Del Rosario, \u00c1brego.<\/li>\n<li>Santander: Aguada, Albania, California, Charal\u00e1, Charta, Chima, Concepci\u00f3n, Contrataci\u00f3n, Coromoro, El Carmen De Chucur\u00ed, El Guacamayo, El Play\u00f3n, Encino, Flori\u00e1n, Guadalupe, Guavat\u00e1, G\u00e1mbita, Jes\u00fas Mar\u00eda, La Belleza, La Paz, Los Santos, Matanza, Oiba, Onzaga, Puente Nacional, Puerto Parra, Sabana De Torres, San Joaqu\u00edn, Santa Helena Del Op\u00f3n, Simacota, Suaita, Surat\u00e1, Vetas, Zapatoca. <\/li>\n<\/ul>\n<p><b>Alerta Amarilla <\/b><\/p>\n<ul>\n<li>Cauca: Bol\u00edvar, Cajib\u00edo, Caldono, Guapi, Jambal\u00f3, La Sierra, La Vega, Pat\u00eda, Piamonte, Piendam\u00f3 &#8211; Tun\u00eda, Popay\u00e1n, Purac\u00e9, P\u00e1ez, Santa Rosa, Sotar\u00e1 Paispamba, Sucre, Timb\u00edo. <\/li>\n<li>Nari\u00f1o: Buesaco, Chachag\u00fc\u00ed, Guachucal, Ipiales, Pasto, Providencia, Tangua, T\u00faquerres. <\/li>\n<li>Norte de Santander: Chitag\u00e1, C\u00e1cota, Mutiscua, Silos. <\/li>\n<li>Santander: Barbosa, Bucaramanga, Capitanejo, Carcas\u00ed, Cerrito, Chipat\u00e1, Enciso, Floridablanca, Guaca, Guapot\u00e1, G\u00fcepsa, Macaravita, Mogotes, Molagavita, M\u00e1laga, Ocamonte, Piedecuesta, San Andr\u00e9s, San Benito, San Jos\u00e9 De Miranda, San Miguel, Tona.<\/li>\n<\/ul>\n<p><img loading=\"lazy\" decoding=\"async\" src=\"https:\/\/www.infobae.com\/resizer\/v2\/Y35D54YGHZAEFEJD3IV2WKDTJU.jpg?auth=916d95fee982e1ecd943e1e65f76c40e4343e902e8bf798db2e569594a39f9ff&amp;smart=true&amp;width=640&amp;height=430\" alt=\"Comunidades cercanas a fuentes h\u00eddricas son priorizadas en labores de seguimiento. - cr\u00e9dito Colprensa\" height=\"430\" width=\"640\"><\/p>\n<h2>Pron\u00f3stico del clima para la semana<\/h2>\n<p><b>Martes 28 de abril<\/b><\/p>\n<p>Para esta jornada se prev\u00e9 una leve disminuci\u00f3n de las lluvias en la regi\u00f3n Andina y Pac\u00edfica, aunque persistir\u00e1n precipitaciones moderadas a fuertes en Antioquia, Santander, Norte de Santander, Cundinamarca, Boyac\u00e1 y el Eje Cafetero.<\/p>\n<p>En contraste, <b>las lluvias aumentar\u00e1n en la Orinoqu\u00eda, Amazon\u00eda y el centro y occidente del Caribe<\/b>, con posibilidad de tormentas el\u00e9ctricas en sectores de Bol\u00edvar, Sucre y C\u00f3rdoba, as\u00ed como en la Sierra Nevada de Santa Marta.<\/p>\n<p><b>Mi\u00e9rcoles 29 de abril<\/b><\/p>\n<p><b>El Ideam advierte que este ser\u00e1 el d\u00eda con mayor intensidad de lluvias a nivel nacional<\/b>, con precipitaciones generalizadas en las regiones Caribe, Andina, Pac\u00edfica, Orinoqu\u00eda y Amazon\u00eda.<\/p>\n<p>Se esperan <b>tormentas el\u00e9ctricas en Antioquia, Santander, Norte de Santander, Cundinamarca, Boyac\u00e1, Caldas, Risaralda y Tolima<\/b>, mientras que en la regi\u00f3n Pac\u00edfica continuar\u00e1n las lluvias en Choc\u00f3, Cauca, Nari\u00f1o y Valle del Cauca.<\/p>\n<p><b>Jueves 30 de abril<\/b><\/p>\n<p><b>Para el jueves se proyecta una reducci\u00f3n progresiva de las lluvias<\/b>, especialmente en la Orinoqu\u00eda, Amazon\u00eda y el oriente del Caribe.<\/p>\n<p>No obstante, <b>persistir\u00e1n precipitaciones en el centro y occidente del Caribe, el norte de la regi\u00f3n Andina y sectores del Pac\u00edfico<\/b>, con lluvias en Antioquia, Santander, Norte de Santander, Cauca y Nari\u00f1o.<\/p>\n<h2>N\u00famero de alertas y seguimiento del fen\u00f3meno<\/h2>\n<p>De acuerdo con el Ideam, <b>durante la \u00faltima semana de abril se prev\u00e9 la activaci\u00f3n de m\u00faltiples alertas en distintas regiones del pa\u00eds<\/b>, incluyendo:<\/p>\n<ul>\n<li>7 alertas en la regi\u00f3n Caribe<\/li>\n<li>3 en la Orinoqu\u00eda<\/li>\n<li>25 en la cuenca Magdalena-Cauca<\/li>\n<\/ul>\n<p>La entidad reiter\u00f3 que mantiene monitoreo constante sobre las condiciones hidrometeorol\u00f3gicas, debido a la persistencia de las lluvias y su impacto en los suelos y sistemas h\u00eddricos.<\/p>\n<p><img loading=\"lazy\" decoding=\"async\" src=\"https:\/\/www.infobae.com\/resizer\/v2\/RBX74WYVFRC65AC3EVRILSU5E4.jpg?auth=23203a0d05ae7c602e9adfecf7f2e27044fc698fec3dfcc0f5e5903e7b31a097&amp;smart=true&amp;width=1920&amp;height=1080\" alt=\"Condiciones clim\u00e1ticas obligan a reforzar medidas de prevenci\u00f3n en distintos territorios. - cr\u00e9dito Minambiente\" height=\"1080\" width=\"1920\"><\/p>\n<h2>Recomendaciones de las autoridades<\/h2>\n<p>Ante este panorama, las autoridades hicieron un llamado a la prevenci\u00f3n, especialmente en zonas de alto riesgo.<\/p>\n<p><b>Se recomienda a la ciudadan\u00eda:<\/b><\/p>\n<ul>\n<li>Mantenerse informada a trav\u00e9s de los canales oficiales del Ideam y entidades locales.<\/li>\n<li>Evitar transitar por zonas propensas a deslizamientos.<\/li>\n<li>Estar atentos a cambios en el nivel de r\u00edos y quebradas.<\/li>\n<li>Atender las indicaciones de los organismos de gesti\u00f3n del riesgo.<\/li>\n<\/ul>\n<p><b>El Ideam insisti\u00f3 en que las condiciones actuales requieren vigilancia permanente<\/b>, tanto por parte de las autoridades como de las comunidades, ante la posibilidad de eventos asociados a las lluvias intensas.<\/p>\n<\/div>\n<\/div>\n<hr \/>\n<p>Esta noticia sobre <strong>Ideam advierte sobre lluvias intensas esta semana: estas son las zonas en riesgo en Colombia<\/strong> fue publicada originalmente en <a href=\"https:\/\/www.infobae.com\/arc\/outboundfeeds\/rss\/\" target=\"_blank\" rel=\"nofollow\">Infobae.com<\/a>. Puedes ampliar la informaci\u00f3n siguiendo el enlace a la fuente original: <a href=\"https:\/\/www.infobae.com\/colombia\/2026\/04\/28\/ideam-advierte-sobre-lluvias-intensas-esta-semana-estas-son-las-zonas-en-riesgo-en-colombia\/\" target=\"_blank\" rel=\"noopener noreferrer\">Ideam advierte sobre lluvias intensas esta semana: estas son las zonas en riesgo en Colombia<\/a>.<\/p>\n<p><small>Categor\u00eda: Noticia Infobae | Fecha: 28 April, 2026<\/small><\/p>\n","protected":false},"excerpt":{"rendered":"<div>El Instituto indic\u00f3 que las precipitaciones ser\u00e1n m\u00e1s frecuentes en horas de la tarde y noche, con eventos que podr\u00edan extenderse hasta la madrugada en varias regiones, mientras se mantiene vigilancia en zonas vulnerables y se coordinan medidas preventivas ante posibles emergencias<\/div>\n","protected":false},"author":3,"featured_media":0,"comment_status":"open","ping_status":"open","sticky":false,"template":"","format":"standard","meta":{"site-sidebar-layout":"default","site-content-layout":"","ast-site-content-layout":"default","site-content-style":"default","site-sidebar-style":"default","ast-global-header-display":"","ast-banner-title-visibility":"","ast-main-header-display":"","ast-hfb-above-header-display":"","ast-hfb-below-header-display":"","ast-hfb-mobile-header-display":"","site-post-title":"","ast-breadcrumbs-content":"","ast-featured-img":"","footer-sml-layout":"","ast-disable-related-posts":"","theme-transparent-header-meta":"","adv-header-id-meta":"","stick-header-meta":"","header-above-stick-meta":"","header-main-stick-meta":"","header-below-stick-meta":"","astra-migrate-meta-layouts":"default","ast-page-background-enabled":"default","ast-page-background-meta":{"desktop":{"background-color":"var(--ast-global-color-5)","background-image":"","background-repeat":"repeat","background-position":"center center","background-size":"auto","background-attachment":"scroll","background-type":"","background-media":"","overlay-type":"","overlay-color":"","overlay-opacity":"","overlay-gradient":""},"tablet":{"background-color":"","background-image":"","background-repeat":"repeat","background-position":"center center","background-size":"auto","background-attachment":"scroll","background-type":"","background-media":"","overlay-type":"","overlay-color":"","overlay-opacity":"","overlay-gradient":""},"mobile":{"background-color":"","background-image":"","background-repeat":"repeat","background-position":"center center","background-size":"auto","background-attachment":"scroll","background-type":"","background-media":"","overlay-type":"","overlay-color":"","overlay-opacity":"","overlay-gradient":""}},"ast-content-background-meta":{"desktop":{"background-color":"var(--ast-global-color-4)","background-image":"","background-repeat":"repeat","background-position":"center center","background-size":"auto","background-attachment":"scroll","background-type":"","background-media":"","overlay-type":"","overlay-color":"","overlay-opacity":"","overlay-gradient":""},"tablet":{"background-color":"var(--ast-global-color-4)","background-image":"","background-repeat":"repeat","background-position":"center center","background-size":"auto","background-attachment":"scroll","background-type":"","background-media":"","overlay-type":"","overlay-color":"","overlay-opacity":"","overlay-gradient":""},"mobile":{"background-color":"var(--ast-global-color-4)","background-image":"","background-repeat":"repeat","background-position":"center center","background-size":"auto","background-attachment":"scroll","background-type":"","background-media":"","overlay-type":"","overlay-color":"","overlay-opacity":"","overlay-gradient":""}},"fifu_image_url":"","fifu_image_alt":"","footnotes":""},"categories":[23],"tags":[25,27,24,26],"class_list":["post-3076","post","type-post","status-publish","format-standard","hentry","category-noticias","tag-infobae","tag-informacion-general","tag-noticias","tag-novedades"],"yoast_head":"<!-- This site is optimized with the Yoast SEO plugin v27.5 - https:\/\/yoast.com\/product\/yoast-seo-wordpress\/ -->\n<title>Ideam advierte sobre lluvias intensas esta semana: estas son las zonas en riesgo en Colombia - HIOX<\/title>\n<meta name=\"description\" content=\"Ideam advierte sobre lluvias intensas esta semana: estas son las zonas en riesgo en Colombia. El Instituto indic\u00f3 que las precipitaciones ser\u00e1n m\u00e1s frecuentes en horas de la tarde y noche, con eventos que podr\u00edan extenderse hasta la madrugada en varias regiones, mientras se mantiene vigilancia en zonas vulnerables y se coordinan medidas preventivas ante posibles emergencias\" \/>\n<meta name=\"robots\" content=\"index, follow, max-snippet:-1, max-image-preview:large, max-video-preview:-1\" \/>\n<link rel=\"canonical\" href=\"https:\/\/hiox.com.ar\/hiox\/ideam-advierte-sobre-lluvias-intensas-esta-semana-estas-son-las-zonas-en-riesgo-en-colombia\/\" \/>\n<meta property=\"og:locale\" content=\"es_ES\" \/>\n<meta property=\"og:type\" content=\"article\" \/>\n<meta property=\"og:title\" content=\"Ideam advierte sobre lluvias intensas esta semana: estas son las zonas en riesgo en Colombia - HIOX\" \/>\n<meta property=\"og:description\" content=\"Ideam advierte sobre lluvias intensas esta semana: estas son las zonas en riesgo en Colombia. El Instituto indic\u00f3 que las precipitaciones ser\u00e1n m\u00e1s frecuentes en horas de la tarde y noche, con eventos que podr\u00edan extenderse hasta la madrugada en varias regiones, mientras se mantiene vigilancia en zonas vulnerables y se coordinan medidas preventivas ante posibles emergencias\" \/>\n<meta property=\"og:url\" content=\"https:\/\/hiox.com.ar\/hiox\/ideam-advierte-sobre-lluvias-intensas-esta-semana-estas-son-las-zonas-en-riesgo-en-colombia\/\" \/>\n<meta property=\"og:site_name\" content=\"HIOX\" \/>\n<meta property=\"article:published_time\" content=\"2026-04-28T05:48:33+00:00\" \/>\n<meta property=\"og:image\" content=\"https:\/\/www.infobae.com\/resizer\/v2\/6IKHT37SR5ERLAZI363GTSVUMA.png?auth=21306e9236d0b207f21ec07b89007290885d71ee6f59e65435978a429acea524&amp;smart=true&amp;width=1456&amp;height=816\" \/>\n<meta name=\"author\" content=\"Source Author\" \/>\n<meta name=\"twitter:card\" content=\"summary_large_image\" \/>\n<meta name=\"twitter:label1\" content=\"Escrito por\" \/>\n\t<meta name=\"twitter:data1\" content=\"Source Author\" \/>\n\t<meta name=\"twitter:label2\" content=\"Tiempo de lectura\" \/>\n\t<meta name=\"twitter:data2\" content=\"6 minutos\" \/>\n<script type=\"application\/ld+json\" class=\"yoast-schema-graph\">{\"@context\":\"https:\\\/\\\/schema.org\",\"@graph\":[{\"@type\":\"NewsArticle\",\"@id\":\"https:\\\/\\\/hiox.com.ar\\\/hiox\\\/ideam-advierte-sobre-lluvias-intensas-esta-semana-estas-son-las-zonas-en-riesgo-en-colombia\\\/#article\",\"isPartOf\":{\"@id\":\"https:\\\/\\\/hiox.com.ar\\\/hiox\\\/ideam-advierte-sobre-lluvias-intensas-esta-semana-estas-son-las-zonas-en-riesgo-en-colombia\\\/\"},\"author\":{\"name\":\"Source Author\",\"@id\":\"https:\\\/\\\/hiox.com.ar\\\/hiox\\\/#\\\/schema\\\/person\\\/f70183b020df72016f0614086c3cf170\"},\"headline\":\"Ideam advierte sobre lluvias intensas esta semana: estas son las zonas en riesgo en Colombia\",\"datePublished\":\"2026-04-28T05:48:33+00:00\",\"mainEntityOfPage\":{\"@id\":\"https:\\\/\\\/hiox.com.ar\\\/hiox\\\/ideam-advierte-sobre-lluvias-intensas-esta-semana-estas-son-las-zonas-en-riesgo-en-colombia\\\/\"},\"wordCount\":1296,\"commentCount\":0,\"publisher\":{\"@id\":\"https:\\\/\\\/hiox.com.ar\\\/hiox\\\/#organization\"},\"image\":{\"@id\":\"https:\\\/\\\/hiox.com.ar\\\/hiox\\\/ideam-advierte-sobre-lluvias-intensas-esta-semana-estas-son-las-zonas-en-riesgo-en-colombia\\\/#primaryimage\"},\"thumbnailUrl\":\"https:\\\/\\\/www.infobae.com\\\/resizer\\\/v2\\\/6IKHT37SR5ERLAZI363GTSVUMA.png?auth=21306e9236d0b207f21ec07b89007290885d71ee6f59e65435978a429acea524&amp;smart=true&amp;width=1456&amp;height=816\",\"keywords\":[\"Infobae\",\"Informaci\u00f3n General\",\"Noticias\",\"Novedades\"],\"articleSection\":[\"\ud83d\udcf0 Noticias \ud83d\uddde\ufe0f\"],\"inLanguage\":\"es\",\"potentialAction\":[{\"@type\":\"CommentAction\",\"name\":\"Comment\",\"target\":[\"https:\\\/\\\/hiox.com.ar\\\/hiox\\\/ideam-advierte-sobre-lluvias-intensas-esta-semana-estas-son-las-zonas-en-riesgo-en-colombia\\\/#respond\"]}]},{\"@type\":[\"WebPage\",\"ItemPage\"],\"@id\":\"https:\\\/\\\/hiox.com.ar\\\/hiox\\\/ideam-advierte-sobre-lluvias-intensas-esta-semana-estas-son-las-zonas-en-riesgo-en-colombia\\\/\",\"url\":\"https:\\\/\\\/hiox.com.ar\\\/hiox\\\/ideam-advierte-sobre-lluvias-intensas-esta-semana-estas-son-las-zonas-en-riesgo-en-colombia\\\/\",\"name\":\"Ideam advierte sobre lluvias intensas esta semana: estas son las zonas en riesgo en Colombia - HIOX\",\"isPartOf\":{\"@id\":\"https:\\\/\\\/hiox.com.ar\\\/hiox\\\/#website\"},\"primaryImageOfPage\":{\"@id\":\"https:\\\/\\\/hiox.com.ar\\\/hiox\\\/ideam-advierte-sobre-lluvias-intensas-esta-semana-estas-son-las-zonas-en-riesgo-en-colombia\\\/#primaryimage\"},\"image\":{\"@id\":\"https:\\\/\\\/hiox.com.ar\\\/hiox\\\/ideam-advierte-sobre-lluvias-intensas-esta-semana-estas-son-las-zonas-en-riesgo-en-colombia\\\/#primaryimage\"},\"thumbnailUrl\":\"https:\\\/\\\/www.infobae.com\\\/resizer\\\/v2\\\/6IKHT37SR5ERLAZI363GTSVUMA.png?auth=21306e9236d0b207f21ec07b89007290885d71ee6f59e65435978a429acea524&amp;smart=true&amp;width=1456&amp;height=816\",\"datePublished\":\"2026-04-28T05:48:33+00:00\",\"description\":\"Ideam advierte sobre lluvias intensas esta semana: estas son las zonas en riesgo en Colombia. El Instituto indic\u00f3 que las precipitaciones ser\u00e1n m\u00e1s frecuentes en horas de la tarde y noche, con eventos que podr\u00edan extenderse hasta la madrugada en varias regiones, mientras se mantiene vigilancia en zonas vulnerables y se coordinan medidas preventivas ante posibles emergencias\",\"breadcrumb\":{\"@id\":\"https:\\\/\\\/hiox.com.ar\\\/hiox\\\/ideam-advierte-sobre-lluvias-intensas-esta-semana-estas-son-las-zonas-en-riesgo-en-colombia\\\/#breadcrumb\"},\"inLanguage\":\"es\",\"potentialAction\":[{\"@type\":\"ReadAction\",\"target\":[\"https:\\\/\\\/hiox.com.ar\\\/hiox\\\/ideam-advierte-sobre-lluvias-intensas-esta-semana-estas-son-las-zonas-en-riesgo-en-colombia\\\/\"]}]},{\"@type\":\"ImageObject\",\"inLanguage\":\"es\",\"@id\":\"https:\\\/\\\/hiox.com.ar\\\/hiox\\\/ideam-advierte-sobre-lluvias-intensas-esta-semana-estas-son-las-zonas-en-riesgo-en-colombia\\\/#primaryimage\",\"url\":\"https:\\\/\\\/www.infobae.com\\\/resizer\\\/v2\\\/6IKHT37SR5ERLAZI363GTSVUMA.png?auth=21306e9236d0b207f21ec07b89007290885d71ee6f59e65435978a429acea524&amp;smart=true&amp;width=1456&amp;height=816\",\"contentUrl\":\"https:\\\/\\\/www.infobae.com\\\/resizer\\\/v2\\\/6IKHT37SR5ERLAZI363GTSVUMA.png?auth=21306e9236d0b207f21ec07b89007290885d71ee6f59e65435978a429acea524&amp;smart=true&amp;width=1456&amp;height=816\"},{\"@type\":\"BreadcrumbList\",\"@id\":\"https:\\\/\\\/hiox.com.ar\\\/hiox\\\/ideam-advierte-sobre-lluvias-intensas-esta-semana-estas-son-las-zonas-en-riesgo-en-colombia\\\/#breadcrumb\",\"itemListElement\":[{\"@type\":\"ListItem\",\"position\":1,\"name\":\"Portada\",\"item\":\"https:\\\/\\\/hiox.com.ar\\\/hiox\\\/\"},{\"@type\":\"ListItem\",\"position\":2,\"name\":\"Ideam advierte sobre lluvias intensas esta semana: estas son las zonas en riesgo en Colombia\"}]},{\"@type\":\"WebSite\",\"@id\":\"https:\\\/\\\/hiox.com.ar\\\/hiox\\\/#website\",\"url\":\"https:\\\/\\\/hiox.com.ar\\\/hiox\\\/\",\"name\":\"HIOX\",\"description\":\"Comercio Electronico\",\"publisher\":{\"@id\":\"https:\\\/\\\/hiox.com.ar\\\/hiox\\\/#organization\"},\"potentialAction\":[{\"@type\":\"SearchAction\",\"target\":{\"@type\":\"EntryPoint\",\"urlTemplate\":\"https:\\\/\\\/hiox.com.ar\\\/hiox\\\/?s={search_term_string}\"},\"query-input\":{\"@type\":\"PropertyValueSpecification\",\"valueRequired\":true,\"valueName\":\"search_term_string\"}}],\"inLanguage\":\"es\"},{\"@type\":\"Organization\",\"@id\":\"https:\\\/\\\/hiox.com.ar\\\/hiox\\\/#organization\",\"name\":\"HIOX\",\"url\":\"https:\\\/\\\/hiox.com.ar\\\/hiox\\\/\",\"logo\":{\"@type\":\"ImageObject\",\"inLanguage\":\"es\",\"@id\":\"https:\\\/\\\/hiox.com.ar\\\/hiox\\\/#\\\/schema\\\/logo\\\/image\\\/\",\"url\":\"https:\\\/\\\/hiox.com.ar\\\/hiox\\\/wp-content\\\/uploads\\\/2025\\\/09\\\/cropped-hiox_logo-1.png\",\"contentUrl\":\"https:\\\/\\\/hiox.com.ar\\\/hiox\\\/wp-content\\\/uploads\\\/2025\\\/09\\\/cropped-hiox_logo-1.png\",\"width\":491,\"height\":158,\"caption\":\"HIOX\"},\"image\":{\"@id\":\"https:\\\/\\\/hiox.com.ar\\\/hiox\\\/#\\\/schema\\\/logo\\\/image\\\/\"}},{\"@type\":\"Person\",\"@id\":\"https:\\\/\\\/hiox.com.ar\\\/hiox\\\/#\\\/schema\\\/person\\\/f70183b020df72016f0614086c3cf170\",\"name\":\"Source Author\",\"image\":{\"@type\":\"ImageObject\",\"inLanguage\":\"es\",\"@id\":\"https:\\\/\\\/secure.gravatar.com\\\/avatar\\\/428a8106f8313bec42aca4e38ea86950b6e88a21b0f2764f9f7a4365dc1017a5?s=96&d=mm&r=g\",\"url\":\"https:\\\/\\\/secure.gravatar.com\\\/avatar\\\/428a8106f8313bec42aca4e38ea86950b6e88a21b0f2764f9f7a4365dc1017a5?s=96&d=mm&r=g\",\"contentUrl\":\"https:\\\/\\\/secure.gravatar.com\\\/avatar\\\/428a8106f8313bec42aca4e38ea86950b6e88a21b0f2764f9f7a4365dc1017a5?s=96&d=mm&r=g\",\"caption\":\"Source Author\"},\"url\":\"https:\\\/\\\/hiox.com.ar\\\/hiox\\\/author\\\/wpra-source-author-site-1\\\/\"}]}<\/script>\n<!-- \/ Yoast SEO plugin. -->","yoast_head_json":{"title":"Ideam advierte sobre lluvias intensas esta semana: estas son las zonas en riesgo en Colombia - HIOX","description":"Ideam advierte sobre lluvias intensas esta semana: estas son las zonas en riesgo en Colombia. El Instituto indic\u00f3 que las precipitaciones ser\u00e1n m\u00e1s frecuentes en horas de la tarde y noche, con eventos que podr\u00edan extenderse hasta la madrugada en varias regiones, mientras se mantiene vigilancia en zonas vulnerables y se coordinan medidas preventivas ante posibles emergencias","robots":{"index":"index","follow":"follow","max-snippet":"max-snippet:-1","max-image-preview":"max-image-preview:large","max-video-preview":"max-video-preview:-1"},"canonical":"https:\/\/hiox.com.ar\/hiox\/ideam-advierte-sobre-lluvias-intensas-esta-semana-estas-son-las-zonas-en-riesgo-en-colombia\/","og_locale":"es_ES","og_type":"article","og_title":"Ideam advierte sobre lluvias intensas esta semana: estas son las zonas en riesgo en Colombia - HIOX","og_description":"Ideam advierte sobre lluvias intensas esta semana: estas son las zonas en riesgo en Colombia. El Instituto indic\u00f3 que las precipitaciones ser\u00e1n m\u00e1s frecuentes en horas de la tarde y noche, con eventos que podr\u00edan extenderse hasta la madrugada en varias regiones, mientras se mantiene vigilancia en zonas vulnerables y se coordinan medidas preventivas ante posibles emergencias","og_url":"https:\/\/hiox.com.ar\/hiox\/ideam-advierte-sobre-lluvias-intensas-esta-semana-estas-son-las-zonas-en-riesgo-en-colombia\/","og_site_name":"HIOX","article_published_time":"2026-04-28T05:48:33+00:00","og_image":[{"url":"https:\/\/www.infobae.com\/resizer\/v2\/6IKHT37SR5ERLAZI363GTSVUMA.png?auth=21306e9236d0b207f21ec07b89007290885d71ee6f59e65435978a429acea524&amp;smart=true&amp;width=1456&amp;height=816","type":"","width":"","height":""}],"author":"Source Author","twitter_card":"summary_large_image","twitter_misc":{"Escrito por":"Source Author","Tiempo de lectura":"6 minutos"},"schema":{"@context":"https:\/\/schema.org","@graph":[{"@type":"NewsArticle","@id":"https:\/\/hiox.com.ar\/hiox\/ideam-advierte-sobre-lluvias-intensas-esta-semana-estas-son-las-zonas-en-riesgo-en-colombia\/#article","isPartOf":{"@id":"https:\/\/hiox.com.ar\/hiox\/ideam-advierte-sobre-lluvias-intensas-esta-semana-estas-son-las-zonas-en-riesgo-en-colombia\/"},"author":{"name":"Source Author","@id":"https:\/\/hiox.com.ar\/hiox\/#\/schema\/person\/f70183b020df72016f0614086c3cf170"},"headline":"Ideam advierte sobre lluvias intensas esta semana: estas son las zonas en riesgo en Colombia","datePublished":"2026-04-28T05:48:33+00:00","mainEntityOfPage":{"@id":"https:\/\/hiox.com.ar\/hiox\/ideam-advierte-sobre-lluvias-intensas-esta-semana-estas-son-las-zonas-en-riesgo-en-colombia\/"},"wordCount":1296,"commentCount":0,"publisher":{"@id":"https:\/\/hiox.com.ar\/hiox\/#organization"},"image":{"@id":"https:\/\/hiox.com.ar\/hiox\/ideam-advierte-sobre-lluvias-intensas-esta-semana-estas-son-las-zonas-en-riesgo-en-colombia\/#primaryimage"},"thumbnailUrl":"https:\/\/www.infobae.com\/resizer\/v2\/6IKHT37SR5ERLAZI363GTSVUMA.png?auth=21306e9236d0b207f21ec07b89007290885d71ee6f59e65435978a429acea524&amp;smart=true&amp;width=1456&amp;height=816","keywords":["Infobae","Informaci\u00f3n General","Noticias","Novedades"],"articleSection":["\ud83d\udcf0 Noticias \ud83d\uddde\ufe0f"],"inLanguage":"es","potentialAction":[{"@type":"CommentAction","name":"Comment","target":["https:\/\/hiox.com.ar\/hiox\/ideam-advierte-sobre-lluvias-intensas-esta-semana-estas-son-las-zonas-en-riesgo-en-colombia\/#respond"]}]},{"@type":["WebPage","ItemPage"],"@id":"https:\/\/hiox.com.ar\/hiox\/ideam-advierte-sobre-lluvias-intensas-esta-semana-estas-son-las-zonas-en-riesgo-en-colombia\/","url":"https:\/\/hiox.com.ar\/hiox\/ideam-advierte-sobre-lluvias-intensas-esta-semana-estas-son-las-zonas-en-riesgo-en-colombia\/","name":"Ideam advierte sobre lluvias intensas esta semana: estas son las zonas en riesgo en Colombia - HIOX","isPartOf":{"@id":"https:\/\/hiox.com.ar\/hiox\/#website"},"primaryImageOfPage":{"@id":"https:\/\/hiox.com.ar\/hiox\/ideam-advierte-sobre-lluvias-intensas-esta-semana-estas-son-las-zonas-en-riesgo-en-colombia\/#primaryimage"},"image":{"@id":"https:\/\/hiox.com.ar\/hiox\/ideam-advierte-sobre-lluvias-intensas-esta-semana-estas-son-las-zonas-en-riesgo-en-colombia\/#primaryimage"},"thumbnailUrl":"https:\/\/www.infobae.com\/resizer\/v2\/6IKHT37SR5ERLAZI363GTSVUMA.png?auth=21306e9236d0b207f21ec07b89007290885d71ee6f59e65435978a429acea524&amp;smart=true&amp;width=1456&amp;height=816","datePublished":"2026-04-28T05:48:33+00:00","description":"Ideam advierte sobre lluvias intensas esta semana: estas son las zonas en riesgo en Colombia. El Instituto indic\u00f3 que las precipitaciones ser\u00e1n m\u00e1s frecuentes en horas de la tarde y noche, con eventos que podr\u00edan extenderse hasta la madrugada en varias regiones, mientras se mantiene vigilancia en zonas vulnerables y se coordinan medidas preventivas ante posibles emergencias","breadcrumb":{"@id":"https:\/\/hiox.com.ar\/hiox\/ideam-advierte-sobre-lluvias-intensas-esta-semana-estas-son-las-zonas-en-riesgo-en-colombia\/#breadcrumb"},"inLanguage":"es","potentialAction":[{"@type":"ReadAction","target":["https:\/\/hiox.com.ar\/hiox\/ideam-advierte-sobre-lluvias-intensas-esta-semana-estas-son-las-zonas-en-riesgo-en-colombia\/"]}]},{"@type":"ImageObject","inLanguage":"es","@id":"https:\/\/hiox.com.ar\/hiox\/ideam-advierte-sobre-lluvias-intensas-esta-semana-estas-son-las-zonas-en-riesgo-en-colombia\/#primaryimage","url":"https:\/\/www.infobae.com\/resizer\/v2\/6IKHT37SR5ERLAZI363GTSVUMA.png?auth=21306e9236d0b207f21ec07b89007290885d71ee6f59e65435978a429acea524&amp;smart=true&amp;width=1456&amp;height=816","contentUrl":"https:\/\/www.infobae.com\/resizer\/v2\/6IKHT37SR5ERLAZI363GTSVUMA.png?auth=21306e9236d0b207f21ec07b89007290885d71ee6f59e65435978a429acea524&amp;smart=true&amp;width=1456&amp;height=816"},{"@type":"BreadcrumbList","@id":"https:\/\/hiox.com.ar\/hiox\/ideam-advierte-sobre-lluvias-intensas-esta-semana-estas-son-las-zonas-en-riesgo-en-colombia\/#breadcrumb","itemListElement":[{"@type":"ListItem","position":1,"name":"Portada","item":"https:\/\/hiox.com.ar\/hiox\/"},{"@type":"ListItem","position":2,"name":"Ideam advierte sobre lluvias intensas esta semana: estas son las zonas en riesgo en Colombia"}]},{"@type":"WebSite","@id":"https:\/\/hiox.com.ar\/hiox\/#website","url":"https:\/\/hiox.com.ar\/hiox\/","name":"HIOX","description":"Comercio Electronico","publisher":{"@id":"https:\/\/hiox.com.ar\/hiox\/#organization"},"potentialAction":[{"@type":"SearchAction","target":{"@type":"EntryPoint","urlTemplate":"https:\/\/hiox.com.ar\/hiox\/?s={search_term_string}"},"query-input":{"@type":"PropertyValueSpecification","valueRequired":true,"valueName":"search_term_string"}}],"inLanguage":"es"},{"@type":"Organization","@id":"https:\/\/hiox.com.ar\/hiox\/#organization","name":"HIOX","url":"https:\/\/hiox.com.ar\/hiox\/","logo":{"@type":"ImageObject","inLanguage":"es","@id":"https:\/\/hiox.com.ar\/hiox\/#\/schema\/logo\/image\/","url":"https:\/\/hiox.com.ar\/hiox\/wp-content\/uploads\/2025\/09\/cropped-hiox_logo-1.png","contentUrl":"https:\/\/hiox.com.ar\/hiox\/wp-content\/uploads\/2025\/09\/cropped-hiox_logo-1.png","width":491,"height":158,"caption":"HIOX"},"image":{"@id":"https:\/\/hiox.com.ar\/hiox\/#\/schema\/logo\/image\/"}},{"@type":"Person","@id":"https:\/\/hiox.com.ar\/hiox\/#\/schema\/person\/f70183b020df72016f0614086c3cf170","name":"Source Author","image":{"@type":"ImageObject","inLanguage":"es","@id":"https:\/\/secure.gravatar.com\/avatar\/428a8106f8313bec42aca4e38ea86950b6e88a21b0f2764f9f7a4365dc1017a5?s=96&d=mm&r=g","url":"https:\/\/secure.gravatar.com\/avatar\/428a8106f8313bec42aca4e38ea86950b6e88a21b0f2764f9f7a4365dc1017a5?s=96&d=mm&r=g","contentUrl":"https:\/\/secure.gravatar.com\/avatar\/428a8106f8313bec42aca4e38ea86950b6e88a21b0f2764f9f7a4365dc1017a5?s=96&d=mm&r=g","caption":"Source Author"},"url":"https:\/\/hiox.com.ar\/hiox\/author\/wpra-source-author-site-1\/"}]}},"_links":{"self":[{"href":"https:\/\/hiox.com.ar\/hiox\/wp-json\/wp\/v2\/posts\/3076","targetHints":{"allow":["GET"]}}],"collection":[{"href":"https:\/\/hiox.com.ar\/hiox\/wp-json\/wp\/v2\/posts"}],"about":[{"href":"https:\/\/hiox.com.ar\/hiox\/wp-json\/wp\/v2\/types\/post"}],"author":[{"embeddable":true,"href":"https:\/\/hiox.com.ar\/hiox\/wp-json\/wp\/v2\/users\/3"}],"replies":[{"embeddable":true,"href":"https:\/\/hiox.com.ar\/hiox\/wp-json\/wp\/v2\/comments?post=3076"}],"version-history":[{"count":0,"href":"https:\/\/hiox.com.ar\/hiox\/wp-json\/wp\/v2\/posts\/3076\/revisions"}],"wp:attachment":[{"href":"https:\/\/hiox.com.ar\/hiox\/wp-json\/wp\/v2\/media?parent=3076"}],"wp:term":[{"taxonomy":"category","embeddable":true,"href":"https:\/\/hiox.com.ar\/hiox\/wp-json\/wp\/v2\/categories?post=3076"},{"taxonomy":"post_tag","embeddable":true,"href":"https:\/\/hiox.com.ar\/hiox\/wp-json\/wp\/v2\/tags?post=3076"}],"curies":[{"name":"wp","href":"https:\/\/api.w.org\/{rel}","templated":true}]}}