{"id":3070,"date":"2026-04-27T02:45:45","date_gmt":"2026-04-27T05:45:45","guid":{"rendered":"https:\/\/hiox.com.ar\/hiox\/la-an-examina-este-lunes-a-jordi-pujol-antes-de-decidir-si-declara-en-el-juicio-por-presunto-enriquecimiento-ilicito\/"},"modified":"2026-04-27T02:45:45","modified_gmt":"2026-04-27T05:45:45","slug":"la-an-examina-este-lunes-a-jordi-pujol-antes-de-decidir-si-declara-en-el-juicio-por-presunto-enriquecimiento-ilicito","status":"publish","type":"post","link":"https:\/\/hiox.com.ar\/hiox\/la-an-examina-este-lunes-a-jordi-pujol-antes-de-decidir-si-declara-en-el-juicio-por-presunto-enriquecimiento-ilicito\/","title":{"rendered":"La AN examina este lunes a Jordi Pujol antes de decidir si declara en el juicio por presunto enriquecimiento il\u00edcito"},"content":{"rendered":"<p>Informaci\u00f3n detallada sobre <strong>La AN examina este lunes a Jordi Pujol antes de decidir si declara en el juicio por presunto enriquecimiento il\u00edcito<\/strong>. Te traemos las \u00faltimas noticias sobre Noticia Infobae, un tema de gran inter\u00e9s para hoy 27 April, 2026.<\/p>\n<div class=\"entry-content-body\">\n<div>\n<p>El tribunal de la Audiencia Nacional (AN) que juzga a la familia Pujol por su presunto enriquecimiento il\u00edcito ha citado a comparecer presencialmente al &#8216;expresident&#8217; de la Generalitat Jordi Pujol este lunes en la sede de San Fernando de Henares (Madrid), donde el exdirigente catal\u00e1n se someter\u00e1 a un nuevo reconocimiento m\u00e9dico antes de decidir los magistrados si est\u00e1 en condiciones de declarar.<\/p>\n<p>Seg\u00fan una providencia a la que tuvo acceso Europa Press, los magistrados han llamado a Pujol, de 95 a\u00f1os, a acudir \u00abpersonalmente\u00bb a las 9.30 horas a la sede judicial \u00aba efectos de ser reconocido por el m\u00e9dico forense\u00bb, inst\u00e1ndole a aportar los documentos que estime oportunos para su valoraci\u00f3n m\u00e9dica.<\/p>\n<p>Los miembros del tribunal ordenaron, asimismo, que las declaraciones del resto de los acusados en el juicio, entre los que se encuentran sus siete hijos &#8211;Jordi, Josep, Pere, Oleguer, Oriol, Marta y Mireia&#8211;, comiencen a partir de las 10.00 horas.<\/p>\n<p>Y detallaron que el m\u00e9dico forense tendr\u00e1 que estar presente \u00abdurante todo el tiempo que dure la declaraci\u00f3n\u00bb del expresidente catal\u00e1n. Tambi\u00e9n acuerdan citar a una int\u00e9rprete de catal\u00e1n para el 27, 28 y 29 de abril, los d\u00edas en que declarar\u00e1n los acusados.<\/p>\n<p>\u00abNO EST\u00c1 EN CONDICIONES\u00bb<\/p>\n<p>El pasado 24 de noviembre de 2025, al arranque de la vista oral, el tribunal decidi\u00f3 que Pujol fuera juzgado y le permiti\u00f3 seguir las sesiones desde su casa en Barcelona, despu\u00e9s de que su defensa reclamara el archivo de la causa por motivos de salud.<\/p>\n<p>Aquel primer d\u00eda del juicio comparecieron los m\u00e9dicos que realizaron un informe forense sobre su estado de salud y que ratificaron que \u00abno est\u00e1 en condiciones\u00bb de continuar con el proceso.<\/p>\n<p>Seg\u00fan la pericial, el exmandatario presenta \u00abun diagn\u00f3stico de trastorno neurocognitivo mayor de tipo mixto (de tipo Alzheimer y de tipo vascular)\u00bb.<\/p>\n<p>\u00abMUY CRUEL\u00bb HACERLE ACUDIR<\/p>\n<p>El m\u00e9dico personal de Pujol, el doctor Jaume Padr\u00f3s, enfatiz\u00f3 esta semana que Pujol \u00abno est\u00e1 en condiciones\u00bb para ir al juicio y asegur\u00f3 que el expresidente padece enfermedades degenerativas y progresivas, estando \u00abestable pero discretamente peor\u00bb que hace unos meses.<\/p>\n<p>Bajo su punto de vista, \u00abhacerle ir\u00bb es, \u00abpor decirlo suavemente, muy cruel\u00bb, manifest\u00f3 en declaraciones a &#8216;Ser Catalunya&#8217;, recogidas por esta agencia de noticias y donde a\u00f1adi\u00f3 su impresi\u00f3n de que el tribunal no se f\u00eda de los forenses que ya examinaron a Pujol.<\/p>\n<p>\u00abNo est\u00e1 en condiciones de poderse defender y de establecer no solo un relato, porque tiene afectada la memoria, sino de contradicci\u00f3n, de argumentaci\u00f3n dial\u00e9ctica\u00bb, expres\u00f3 Padr\u00f3s.<\/p>\n<p>PIDEN HASTA 9 A\u00d1OS DE C\u00c1RCEL PARA \u00c9L<\/p>\n<p>El tribunal juzgar\u00e1 previsiblemente hasta mediados de a\u00f1o a los acusados por presuntos delitos de asociaci\u00f3n il\u00edcita, blanqueo de capitales, falsificaci\u00f3n de documento mercantil, contra la Hacienda P\u00fablica y alzamiento de bienes.<\/p>\n<p>La Fiscal\u00eda Anticorrupci\u00f3n reclama para el expresidente 9 a\u00f1os de c\u00e1rcel y una multa de 204.000 euros y pide penas de entre 8 y 29 a\u00f1os de prisi\u00f3n para sus hijos.<\/p>\n<p>Anticorrupci\u00f3n acusa a Pujol, sus siete hijos y m\u00e1s de 15 presuntos colaboradores por haber formado una supuesta organizaci\u00f3n criminal que se habr\u00eda enriquecido durante d\u00e9cadas con actividades corruptas vali\u00e9ndose de su posici\u00f3n pol\u00edtica.<\/p>\n<p>El expresidente de la Generalitat admiti\u00f3 en 2014 tener dinero en el extranjero, pero lo achac\u00f3 a una herencia de su padre, Florenci Pujol. En un comunicado, explic\u00f3 que su progenitor quiso dejarle ese dinero fuera de Espa\u00f1a porque, habiendo vivido de cerca los a\u00f1os 30 y 40, \u00abten\u00eda miedo de lo que pod\u00eda pasar, y m\u00e1s de lo que le pod\u00eda pasar a un pol\u00edtico muy comprometido\u00bb.<\/p>\n<\/div>\n<\/div>\n<hr \/>\n<p>Esta noticia sobre <strong>La AN examina este lunes a Jordi Pujol antes de decidir si declara en el juicio por presunto enriquecimiento il\u00edcito<\/strong> fue publicada originalmente en <a href=\"https:\/\/www.infobae.com\/arc\/outboundfeeds\/rss\/\" target=\"_blank\" rel=\"nofollow\">Infobae.com<\/a>. Puedes ampliar la informaci\u00f3n siguiendo el enlace a la fuente original: <a href=\"https:\/\/www.infobae.com\/espana\/agencias\/2026\/04\/27\/la-an-examina-este-lunes-a-jordi-pujol-antes-de-decidir-si-declara-en-el-juicio-por-presunto-enriquecimiento-ilicito\/\" target=\"_blank\" rel=\"noopener noreferrer\">La AN examina este lunes a Jordi Pujol antes de decidir si declara en el juicio por presunto enriquecimiento il\u00edcito<\/a>.<\/p>\n<p><small>Categor\u00eda: Noticia Infobae | Fecha: 27 April, 2026<\/small><\/p>\n","protected":false},"excerpt":{"rendered":"<div>\n<p>El tribunal de la Audiencia Nacional (AN) que juzga a la familia Pujol por su presunto enriquecimiento il\u00edcito ha citado a comparecer presencialmente al &#8216;expresident&#8217; de la Generalitat Jordi Pujol este lunes en la sede de San Fernando de Henares (Madrid), donde el exdirigente catal\u00e1n se someter\u00e1 a un nuevo reconocimiento m\u00e9dico antes de decidir los magistrados si est\u00e1 en condiciones de declarar.<\/p>\n<p>Seg\u00fan una providencia a la que tuvo acceso Europa Press, los magistrados han llamado a Pujol, de 95 a\u00f1os, a acudir \u00abpersonalmente\u00bb a las 9.30 horas a la sede judicial \u00aba efectos de ser reconocido por el m\u00e9dico forense\u00bb, inst\u00e1ndole a aportar los documentos que estime oportunos para su valoraci\u00f3n m\u00e9dica.<\/p>\n<p>Los miembros del tribunal ordenaron, asimismo, que las declaraciones del resto de los acusados en el juicio, entre los que se encuentran sus siete hijos &#8211;Jordi, Josep, Pere, Oleguer, Oriol, Marta y Mireia&#8211;, comiencen a partir de las 10.00 horas.<\/p>\n<p>Y detallaron que el m\u00e9dico forense tendr\u00e1 que estar presente \u00abdurante todo el tiempo que dure la declaraci\u00f3n\u00bb del expresidente catal\u00e1n. Tambi\u00e9n acuerdan citar a una int\u00e9rprete de catal\u00e1n para el 27, 28 y 29 de abril, los d\u00edas en que declarar\u00e1n los acusados.<\/p>\n<p>\u00abNO EST\u00c1 EN CONDICIONES\u00bb<\/p>\n<p>El pasado 24 de noviembre de 2025, al arranque de la vista oral, el tribunal decidi\u00f3 que Pujol fuera juzgado y le permiti\u00f3 seguir las sesiones desde su casa en Barcelona, despu\u00e9s de que su defensa reclamara el archivo de la causa por motivos de salud.<\/p>\n<p>Aquel primer d\u00eda del juicio comparecieron los m\u00e9dicos que realizaron un informe forense sobre su estado de salud y que ratificaron que \u00abno est\u00e1 en condiciones\u00bb de continuar con el proceso.<\/p>\n<p>Seg\u00fan la pericial, el exmandatario presenta \u00abun diagn\u00f3stico de trastorno neurocognitivo mayor de tipo mixto (de tipo Alzheimer y de tipo vascular)\u00bb.<\/p>\n<p>\u00abMUY CRUEL\u00bb HACERLE ACUDIR<\/p>\n<p>El m\u00e9dico personal de Pujol, el doctor Jaume Padr\u00f3s, enfatiz\u00f3 esta semana que Pujol \u00abno est\u00e1 en condiciones\u00bb para ir al juicio y asegur\u00f3 que el expresidente padece enfermedades degenerativas y progresivas, estando \u00abestable pero discretamente peor\u00bb que hace unos meses.<\/p>\n<p>Bajo su punto de vista, \u00abhacerle ir\u00bb es, \u00abpor decirlo suavemente, muy cruel\u00bb, manifest\u00f3 en declaraciones a &#8216;Ser Catalunya&#8217;, recogidas por esta agencia de noticias y donde a\u00f1adi\u00f3 su impresi\u00f3n de que el tribunal no se f\u00eda de los forenses que ya examinaron a Pujol.<\/p>\n<p>\u00abNo est\u00e1 en condiciones de poderse defender y de establecer no solo un relato, porque tiene afectada la memoria, sino de contradicci\u00f3n, de argumentaci\u00f3n dial\u00e9ctica\u00bb, expres\u00f3 Padr\u00f3s.<\/p>\n<p>PIDEN HASTA 9 A\u00d1OS DE C\u00c1RCEL PARA \u00c9L<\/p>\n<p>El tribunal juzgar\u00e1 previsiblemente hasta mediados de a\u00f1o a los acusados por presuntos delitos de asociaci\u00f3n il\u00edcita, blanqueo de capitales, falsificaci\u00f3n de documento mercantil, contra la Hacienda P\u00fablica y alzamiento de bienes.<\/p>\n<p>La Fiscal\u00eda Anticorrupci\u00f3n reclama para el expresidente 9 a\u00f1os de c\u00e1rcel y una multa de 204.000 euros y pide penas de entre 8 y 29 a\u00f1os de prisi\u00f3n para sus hijos.<\/p>\n<p>Anticorrupci\u00f3n acusa a Pujol, sus siete hijos y m\u00e1s de 15 presuntos colaboradores por haber formado una supuesta organizaci\u00f3n criminal que se habr\u00eda enriquecido durante d\u00e9cadas con actividades corruptas vali\u00e9ndose de su posici\u00f3n pol\u00edtica.<\/p>\n<p>El expresidente de la Generalitat admiti\u00f3 en 2014 tener dinero en el extranjero, pero lo achac\u00f3 a una herencia de su padre, Florenci Pujol. En un comunicado, explic\u00f3 que su progenitor quiso dejarle ese dinero fuera de Espa\u00f1a porque, habiendo vivido de cerca los a\u00f1os 30 y 40, \u00abten\u00eda miedo de lo que pod\u00eda pasar, y m\u00e1s de lo que le pod\u00eda pasar a un pol\u00edtico muy comprometido\u00bb.<\/p>\n<\/div>\n","protected":false},"author":3,"featured_media":0,"comment_status":"open","ping_status":"open","sticky":false,"template":"","format":"standard","meta":{"site-sidebar-layout":"default","site-content-layout":"","ast-site-content-layout":"default","site-content-style":"default","site-sidebar-style":"default","ast-global-header-display":"","ast-banner-title-visibility":"","ast-main-header-display":"","ast-hfb-above-header-display":"","ast-hfb-below-header-display":"","ast-hfb-mobile-header-display":"","site-post-title":"","ast-breadcrumbs-content":"","ast-featured-img":"","footer-sml-layout":"","ast-disable-related-posts":"","theme-transparent-header-meta":"","adv-header-id-meta":"","stick-header-meta":"","header-above-stick-meta":"","header-main-stick-meta":"","header-below-stick-meta":"","astra-migrate-meta-layouts":"default","ast-page-background-enabled":"default","ast-page-background-meta":{"desktop":{"background-color":"var(--ast-global-color-5)","background-image":"","background-repeat":"repeat","background-position":"center center","background-size":"auto","background-attachment":"scroll","background-type":"","background-media":"","overlay-type":"","overlay-color":"","overlay-opacity":"","overlay-gradient":""},"tablet":{"background-color":"","background-image":"","background-repeat":"repeat","background-position":"center center","background-size":"auto","background-attachment":"scroll","background-type":"","background-media":"","overlay-type":"","overlay-color":"","overlay-opacity":"","overlay-gradient":""},"mobile":{"background-color":"","background-image":"","background-repeat":"repeat","background-position":"center center","background-size":"auto","background-attachment":"scroll","background-type":"","background-media":"","overlay-type":"","overlay-color":"","overlay-opacity":"","overlay-gradient":""}},"ast-content-background-meta":{"desktop":{"background-color":"var(--ast-global-color-4)","background-image":"","background-repeat":"repeat","background-position":"center center","background-size":"auto","background-attachment":"scroll","background-type":"","background-media":"","overlay-type":"","overlay-color":"","overlay-opacity":"","overlay-gradient":""},"tablet":{"background-color":"var(--ast-global-color-4)","background-image":"","background-repeat":"repeat","background-position":"center center","background-size":"auto","background-attachment":"scroll","background-type":"","background-media":"","overlay-type":"","overlay-color":"","overlay-opacity":"","overlay-gradient":""},"mobile":{"background-color":"var(--ast-global-color-4)","background-image":"","background-repeat":"repeat","background-position":"center center","background-size":"auto","background-attachment":"scroll","background-type":"","background-media":"","overlay-type":"","overlay-color":"","overlay-opacity":"","overlay-gradient":""}},"fifu_image_url":"","fifu_image_alt":"","footnotes":""},"categories":[23],"tags":[25,27,24,26],"class_list":["post-3070","post","type-post","status-publish","format-standard","hentry","category-noticias","tag-infobae","tag-informacion-general","tag-noticias","tag-novedades"],"yoast_head":"<!-- This site is optimized with the Yoast SEO plugin v27.5 - https:\/\/yoast.com\/product\/yoast-seo-wordpress\/ -->\n<title>La AN examina este lunes a Jordi Pujol antes de decidir si declara en el juicio por presunto enriquecimiento il\u00edcito - HIOX<\/title>\n<meta name=\"description\" content=\"La AN examina este lunes a Jordi Pujol antes de decidir si declara en el juicio por presunto enriquecimiento il\u00edcito. El tribunal de la Audiencia Nacional (AN) que juzga a la familia Pujol por su presunto enriquecimiento il\u00edcito ha citado a comparecer presencialmente al &#039;expresident&#039; de la Generalitat Jordi Pujol este lunes en la sede de San Fernando de Henares (Madrid), donde el exdirigente catal\u00e1n se someter\u00e1 a un nuevo reconocimiento m\u00e9dico antes de decidir los magistrados si est\u00e1 en condiciones de declarar.Seg\u00fan una providencia a la que tuvo acceso Europa Press, los magistrados han llamado a Pujol, de 95 a\u00f1os, a acudir &quot;personalmente&quot; a las 9.30 horas a la sede judicial &quot;a efectos de ser reconocido por el m\u00e9dico forense&quot;, inst\u00e1ndole a aportar los documentos que estime oportunos para su valoraci\u00f3n m\u00e9dica.Los miembros del tribunal ordenaron, asimismo, que las declaraciones del resto de los acusados en el juicio, entre los que se encuentran sus siete hijos --Jordi, Josep, Pere, Oleguer, Oriol, Marta y Mireia--, comiencen a partir de las 10.00 horas.Y detallaron que el m\u00e9dico forense tendr\u00e1 que estar presente &quot;durante todo el tiempo que dure la declaraci\u00f3n&quot; del expresidente catal\u00e1n. Tambi\u00e9n acuerdan citar a una int\u00e9rprete de catal\u00e1n para el 27, 28 y 29 de abril, los d\u00edas en que declarar\u00e1n los acusados.&quot;NO EST\u00c1 EN CONDICIONES&quot;El pasado 24 de noviembre de 2025, al arranque de la vista oral, el tribunal decidi\u00f3 que Pujol fuera juzgado y le permiti\u00f3 seguir las sesiones desde su casa en Barcelona, despu\u00e9s de que su defensa reclamara el archivo de la causa por motivos de salud.Aquel primer d\u00eda del juicio comparecieron los m\u00e9dicos que realizaron un informe forense sobre su estado de salud y que ratificaron que &quot;no est\u00e1 en condiciones&quot; de continuar con el proceso.Seg\u00fan la pericial, el exmandatario presenta &quot;un diagn\u00f3stico de trastorno neurocognitivo mayor de tipo mixto (de tipo Alzheimer y de tipo vascular)&quot;.&quot;MUY CRUEL&quot; HACERLE ACUDIREl m\u00e9dico personal de Pujol, el doctor Jaume Padr\u00f3s, enfatiz\u00f3 esta semana que Pujol &quot;no est\u00e1 en condiciones&quot; para ir al juicio y asegur\u00f3 que el expresidente padece enfermedades degenerativas y progresivas, estando &quot;estable pero discretamente peor&quot; que hace unos meses.Bajo su punto de vista, &quot;hacerle ir&quot; es, &quot;por decirlo suavemente, muy cruel&quot;, manifest\u00f3 en declaraciones a &#039;Ser Catalunya&#039;, recogidas por esta agencia de noticias y donde a\u00f1adi\u00f3 su impresi\u00f3n de que el tribunal no se f\u00eda de los forenses que ya examinaron a Pujol.&quot;No est\u00e1 en condiciones de poderse defender y de establecer no solo un relato, porque tiene afectada la memoria, sino de contradicci\u00f3n, de argumentaci\u00f3n dial\u00e9ctica&quot;, expres\u00f3 Padr\u00f3s.PIDEN HASTA 9 A\u00d1OS DE C\u00c1RCEL PARA \u00c9LEl tribunal juzgar\u00e1 previsiblemente hasta mediados de a\u00f1o a los acusados por presuntos delitos de asociaci\u00f3n il\u00edcita, blanqueo de capitales, falsificaci\u00f3n de documento mercantil, contra la Hacienda P\u00fablica y alzamiento de bienes.La Fiscal\u00eda Anticorrupci\u00f3n reclama para el expresidente 9 a\u00f1os de c\u00e1rcel y una multa de 204.000 euros y pide penas de entre 8 y 29 a\u00f1os de prisi\u00f3n para sus hijos.Anticorrupci\u00f3n acusa a Pujol, sus siete hijos y m\u00e1s de 15 presuntos colaboradores por haber formado una supuesta organizaci\u00f3n criminal que se habr\u00eda enriquecido durante d\u00e9cadas con actividades corruptas vali\u00e9ndose de su posici\u00f3n pol\u00edtica.El expresidente de la Generalitat admiti\u00f3 en 2014 tener dinero en el extranjero, pero lo achac\u00f3 a una herencia de su padre, Florenci Pujol. En un comunicado, explic\u00f3 que su progenitor quiso dejarle ese dinero fuera de Espa\u00f1a porque, habiendo vivido de cerca los a\u00f1os 30 y 40, &quot;ten\u00eda miedo de lo que pod\u00eda pasar, y m\u00e1s de lo que le pod\u00eda pasar a un pol\u00edtico muy comprometido&quot;.\" \/>\n<meta name=\"robots\" content=\"index, follow, max-snippet:-1, max-image-preview:large, max-video-preview:-1\" \/>\n<link rel=\"canonical\" href=\"https:\/\/hiox.com.ar\/hiox\/la-an-examina-este-lunes-a-jordi-pujol-antes-de-decidir-si-declara-en-el-juicio-por-presunto-enriquecimiento-ilicito\/\" \/>\n<meta property=\"og:locale\" content=\"es_ES\" \/>\n<meta property=\"og:type\" content=\"article\" \/>\n<meta property=\"og:title\" content=\"La AN examina este lunes a Jordi Pujol antes de decidir si declara en el juicio por presunto enriquecimiento il\u00edcito - HIOX\" \/>\n<meta property=\"og:description\" content=\"La AN examina este lunes a Jordi Pujol antes de decidir si declara en el juicio por presunto enriquecimiento il\u00edcito. El tribunal de la Audiencia Nacional (AN) que juzga a la familia Pujol por su presunto enriquecimiento il\u00edcito ha citado a comparecer presencialmente al &#039;expresident&#039; de la Generalitat Jordi Pujol este lunes en la sede de San Fernando de Henares (Madrid), donde el exdirigente catal\u00e1n se someter\u00e1 a un nuevo reconocimiento m\u00e9dico antes de decidir los magistrados si est\u00e1 en condiciones de declarar.Seg\u00fan una providencia a la que tuvo acceso Europa Press, los magistrados han llamado a Pujol, de 95 a\u00f1os, a acudir &quot;personalmente&quot; a las 9.30 horas a la sede judicial &quot;a efectos de ser reconocido por el m\u00e9dico forense&quot;, inst\u00e1ndole a aportar los documentos que estime oportunos para su valoraci\u00f3n m\u00e9dica.Los miembros del tribunal ordenaron, asimismo, que las declaraciones del resto de los acusados en el juicio, entre los que se encuentran sus siete hijos --Jordi, Josep, Pere, Oleguer, Oriol, Marta y Mireia--, comiencen a partir de las 10.00 horas.Y detallaron que el m\u00e9dico forense tendr\u00e1 que estar presente &quot;durante todo el tiempo que dure la declaraci\u00f3n&quot; del expresidente catal\u00e1n. Tambi\u00e9n acuerdan citar a una int\u00e9rprete de catal\u00e1n para el 27, 28 y 29 de abril, los d\u00edas en que declarar\u00e1n los acusados.&quot;NO EST\u00c1 EN CONDICIONES&quot;El pasado 24 de noviembre de 2025, al arranque de la vista oral, el tribunal decidi\u00f3 que Pujol fuera juzgado y le permiti\u00f3 seguir las sesiones desde su casa en Barcelona, despu\u00e9s de que su defensa reclamara el archivo de la causa por motivos de salud.Aquel primer d\u00eda del juicio comparecieron los m\u00e9dicos que realizaron un informe forense sobre su estado de salud y que ratificaron que &quot;no est\u00e1 en condiciones&quot; de continuar con el proceso.Seg\u00fan la pericial, el exmandatario presenta &quot;un diagn\u00f3stico de trastorno neurocognitivo mayor de tipo mixto (de tipo Alzheimer y de tipo vascular)&quot;.&quot;MUY CRUEL&quot; HACERLE ACUDIREl m\u00e9dico personal de Pujol, el doctor Jaume Padr\u00f3s, enfatiz\u00f3 esta semana que Pujol &quot;no est\u00e1 en condiciones&quot; para ir al juicio y asegur\u00f3 que el expresidente padece enfermedades degenerativas y progresivas, estando &quot;estable pero discretamente peor&quot; que hace unos meses.Bajo su punto de vista, &quot;hacerle ir&quot; es, &quot;por decirlo suavemente, muy cruel&quot;, manifest\u00f3 en declaraciones a &#039;Ser Catalunya&#039;, recogidas por esta agencia de noticias y donde a\u00f1adi\u00f3 su impresi\u00f3n de que el tribunal no se f\u00eda de los forenses que ya examinaron a Pujol.&quot;No est\u00e1 en condiciones de poderse defender y de establecer no solo un relato, porque tiene afectada la memoria, sino de contradicci\u00f3n, de argumentaci\u00f3n dial\u00e9ctica&quot;, expres\u00f3 Padr\u00f3s.PIDEN HASTA 9 A\u00d1OS DE C\u00c1RCEL PARA \u00c9LEl tribunal juzgar\u00e1 previsiblemente hasta mediados de a\u00f1o a los acusados por presuntos delitos de asociaci\u00f3n il\u00edcita, blanqueo de capitales, falsificaci\u00f3n de documento mercantil, contra la Hacienda P\u00fablica y alzamiento de bienes.La Fiscal\u00eda Anticorrupci\u00f3n reclama para el expresidente 9 a\u00f1os de c\u00e1rcel y una multa de 204.000 euros y pide penas de entre 8 y 29 a\u00f1os de prisi\u00f3n para sus hijos.Anticorrupci\u00f3n acusa a Pujol, sus siete hijos y m\u00e1s de 15 presuntos colaboradores por haber formado una supuesta organizaci\u00f3n criminal que se habr\u00eda enriquecido durante d\u00e9cadas con actividades corruptas vali\u00e9ndose de su posici\u00f3n pol\u00edtica.El expresidente de la Generalitat admiti\u00f3 en 2014 tener dinero en el extranjero, pero lo achac\u00f3 a una herencia de su padre, Florenci Pujol. En un comunicado, explic\u00f3 que su progenitor quiso dejarle ese dinero fuera de Espa\u00f1a porque, habiendo vivido de cerca los a\u00f1os 30 y 40, &quot;ten\u00eda miedo de lo que pod\u00eda pasar, y m\u00e1s de lo que le pod\u00eda pasar a un pol\u00edtico muy comprometido&quot;.\" \/>\n<meta property=\"og:url\" content=\"https:\/\/hiox.com.ar\/hiox\/la-an-examina-este-lunes-a-jordi-pujol-antes-de-decidir-si-declara-en-el-juicio-por-presunto-enriquecimiento-ilicito\/\" \/>\n<meta property=\"og:site_name\" content=\"HIOX\" \/>\n<meta property=\"article:published_time\" content=\"2026-04-27T05:45:45+00:00\" \/>\n<meta name=\"author\" content=\"Source Author\" \/>\n<meta name=\"twitter:card\" content=\"summary_large_image\" \/>\n<meta name=\"twitter:label1\" content=\"Escrito por\" \/>\n\t<meta name=\"twitter:data1\" content=\"Source Author\" \/>\n\t<meta name=\"twitter:label2\" content=\"Tiempo de lectura\" \/>\n\t<meta name=\"twitter:data2\" content=\"4 minutos\" \/>\n<script type=\"application\/ld+json\" class=\"yoast-schema-graph\">{\"@context\":\"https:\\\/\\\/schema.org\",\"@graph\":[{\"@type\":\"NewsArticle\",\"@id\":\"https:\\\/\\\/hiox.com.ar\\\/hiox\\\/la-an-examina-este-lunes-a-jordi-pujol-antes-de-decidir-si-declara-en-el-juicio-por-presunto-enriquecimiento-ilicito\\\/#article\",\"isPartOf\":{\"@id\":\"https:\\\/\\\/hiox.com.ar\\\/hiox\\\/la-an-examina-este-lunes-a-jordi-pujol-antes-de-decidir-si-declara-en-el-juicio-por-presunto-enriquecimiento-ilicito\\\/\"},\"author\":{\"name\":\"Source Author\",\"@id\":\"https:\\\/\\\/hiox.com.ar\\\/hiox\\\/#\\\/schema\\\/person\\\/f70183b020df72016f0614086c3cf170\"},\"headline\":\"La AN examina este lunes a Jordi Pujol antes de decidir si declara en el juicio por presunto enriquecimiento il\u00edcito\",\"datePublished\":\"2026-04-27T05:45:45+00:00\",\"mainEntityOfPage\":{\"@id\":\"https:\\\/\\\/hiox.com.ar\\\/hiox\\\/la-an-examina-este-lunes-a-jordi-pujol-antes-de-decidir-si-declara-en-el-juicio-por-presunto-enriquecimiento-ilicito\\\/\"},\"wordCount\":765,\"commentCount\":0,\"publisher\":{\"@id\":\"https:\\\/\\\/hiox.com.ar\\\/hiox\\\/#organization\"},\"keywords\":[\"Infobae\",\"Informaci\u00f3n General\",\"Noticias\",\"Novedades\"],\"articleSection\":[\"\ud83d\udcf0 Noticias \ud83d\uddde\ufe0f\"],\"inLanguage\":\"es\",\"potentialAction\":[{\"@type\":\"CommentAction\",\"name\":\"Comment\",\"target\":[\"https:\\\/\\\/hiox.com.ar\\\/hiox\\\/la-an-examina-este-lunes-a-jordi-pujol-antes-de-decidir-si-declara-en-el-juicio-por-presunto-enriquecimiento-ilicito\\\/#respond\"]}]},{\"@type\":[\"WebPage\",\"ItemPage\"],\"@id\":\"https:\\\/\\\/hiox.com.ar\\\/hiox\\\/la-an-examina-este-lunes-a-jordi-pujol-antes-de-decidir-si-declara-en-el-juicio-por-presunto-enriquecimiento-ilicito\\\/\",\"url\":\"https:\\\/\\\/hiox.com.ar\\\/hiox\\\/la-an-examina-este-lunes-a-jordi-pujol-antes-de-decidir-si-declara-en-el-juicio-por-presunto-enriquecimiento-ilicito\\\/\",\"name\":\"La AN examina este lunes a Jordi Pujol antes de decidir si declara en el juicio por presunto enriquecimiento il\u00edcito - HIOX\",\"isPartOf\":{\"@id\":\"https:\\\/\\\/hiox.com.ar\\\/hiox\\\/#website\"},\"datePublished\":\"2026-04-27T05:45:45+00:00\",\"description\":\"La AN examina este lunes a Jordi Pujol antes de decidir si declara en el juicio por presunto enriquecimiento il\u00edcito. El tribunal de la Audiencia Nacional (AN) que juzga a la familia Pujol por su presunto enriquecimiento il\u00edcito ha citado a comparecer presencialmente al 'expresident' de la Generalitat Jordi Pujol este lunes en la sede de San Fernando de Henares (Madrid), donde el exdirigente catal\u00e1n se someter\u00e1 a un nuevo reconocimiento m\u00e9dico antes de decidir los magistrados si est\u00e1 en condiciones de declarar.Seg\u00fan una providencia a la que tuvo acceso Europa Press, los magistrados han llamado a Pujol, de 95 a\u00f1os, a acudir \\\"personalmente\\\" a las 9.30 horas a la sede judicial \\\"a efectos de ser reconocido por el m\u00e9dico forense\\\", inst\u00e1ndole a aportar los documentos que estime oportunos para su valoraci\u00f3n m\u00e9dica.Los miembros del tribunal ordenaron, asimismo, que las declaraciones del resto de los acusados en el juicio, entre los que se encuentran sus siete hijos --Jordi, Josep, Pere, Oleguer, Oriol, Marta y Mireia--, comiencen a partir de las 10.00 horas.Y detallaron que el m\u00e9dico forense tendr\u00e1 que estar presente \\\"durante todo el tiempo que dure la declaraci\u00f3n\\\" del expresidente catal\u00e1n. Tambi\u00e9n acuerdan citar a una int\u00e9rprete de catal\u00e1n para el 27, 28 y 29 de abril, los d\u00edas en que declarar\u00e1n los acusados.\\\"NO EST\u00c1 EN CONDICIONES\\\"El pasado 24 de noviembre de 2025, al arranque de la vista oral, el tribunal decidi\u00f3 que Pujol fuera juzgado y le permiti\u00f3 seguir las sesiones desde su casa en Barcelona, despu\u00e9s de que su defensa reclamara el archivo de la causa por motivos de salud.Aquel primer d\u00eda del juicio comparecieron los m\u00e9dicos que realizaron un informe forense sobre su estado de salud y que ratificaron que \\\"no est\u00e1 en condiciones\\\" de continuar con el proceso.Seg\u00fan la pericial, el exmandatario presenta \\\"un diagn\u00f3stico de trastorno neurocognitivo mayor de tipo mixto (de tipo Alzheimer y de tipo vascular)\\\".\\\"MUY CRUEL\\\" HACERLE ACUDIREl m\u00e9dico personal de Pujol, el doctor Jaume Padr\u00f3s, enfatiz\u00f3 esta semana que Pujol \\\"no est\u00e1 en condiciones\\\" para ir al juicio y asegur\u00f3 que el expresidente padece enfermedades degenerativas y progresivas, estando \\\"estable pero discretamente peor\\\" que hace unos meses.Bajo su punto de vista, \\\"hacerle ir\\\" es, \\\"por decirlo suavemente, muy cruel\\\", manifest\u00f3 en declaraciones a 'Ser Catalunya', recogidas por esta agencia de noticias y donde a\u00f1adi\u00f3 su impresi\u00f3n de que el tribunal no se f\u00eda de los forenses que ya examinaron a Pujol.\\\"No est\u00e1 en condiciones de poderse defender y de establecer no solo un relato, porque tiene afectada la memoria, sino de contradicci\u00f3n, de argumentaci\u00f3n dial\u00e9ctica\\\", expres\u00f3 Padr\u00f3s.PIDEN HASTA 9 A\u00d1OS DE C\u00c1RCEL PARA \u00c9LEl tribunal juzgar\u00e1 previsiblemente hasta mediados de a\u00f1o a los acusados por presuntos delitos de asociaci\u00f3n il\u00edcita, blanqueo de capitales, falsificaci\u00f3n de documento mercantil, contra la Hacienda P\u00fablica y alzamiento de bienes.La Fiscal\u00eda Anticorrupci\u00f3n reclama para el expresidente 9 a\u00f1os de c\u00e1rcel y una multa de 204.000 euros y pide penas de entre 8 y 29 a\u00f1os de prisi\u00f3n para sus hijos.Anticorrupci\u00f3n acusa a Pujol, sus siete hijos y m\u00e1s de 15 presuntos colaboradores por haber formado una supuesta organizaci\u00f3n criminal que se habr\u00eda enriquecido durante d\u00e9cadas con actividades corruptas vali\u00e9ndose de su posici\u00f3n pol\u00edtica.El expresidente de la Generalitat admiti\u00f3 en 2014 tener dinero en el extranjero, pero lo achac\u00f3 a una herencia de su padre, Florenci Pujol. En un comunicado, explic\u00f3 que su progenitor quiso dejarle ese dinero fuera de Espa\u00f1a porque, habiendo vivido de cerca los a\u00f1os 30 y 40, \\\"ten\u00eda miedo de lo que pod\u00eda pasar, y m\u00e1s de lo que le pod\u00eda pasar a un pol\u00edtico muy comprometido\\\".\",\"breadcrumb\":{\"@id\":\"https:\\\/\\\/hiox.com.ar\\\/hiox\\\/la-an-examina-este-lunes-a-jordi-pujol-antes-de-decidir-si-declara-en-el-juicio-por-presunto-enriquecimiento-ilicito\\\/#breadcrumb\"},\"inLanguage\":\"es\",\"potentialAction\":[{\"@type\":\"ReadAction\",\"target\":[\"https:\\\/\\\/hiox.com.ar\\\/hiox\\\/la-an-examina-este-lunes-a-jordi-pujol-antes-de-decidir-si-declara-en-el-juicio-por-presunto-enriquecimiento-ilicito\\\/\"]}]},{\"@type\":\"BreadcrumbList\",\"@id\":\"https:\\\/\\\/hiox.com.ar\\\/hiox\\\/la-an-examina-este-lunes-a-jordi-pujol-antes-de-decidir-si-declara-en-el-juicio-por-presunto-enriquecimiento-ilicito\\\/#breadcrumb\",\"itemListElement\":[{\"@type\":\"ListItem\",\"position\":1,\"name\":\"Portada\",\"item\":\"https:\\\/\\\/hiox.com.ar\\\/hiox\\\/\"},{\"@type\":\"ListItem\",\"position\":2,\"name\":\"La AN examina este lunes a Jordi Pujol antes de decidir si declara en el juicio por presunto enriquecimiento il\u00edcito\"}]},{\"@type\":\"WebSite\",\"@id\":\"https:\\\/\\\/hiox.com.ar\\\/hiox\\\/#website\",\"url\":\"https:\\\/\\\/hiox.com.ar\\\/hiox\\\/\",\"name\":\"HIOX\",\"description\":\"Comercio Electronico\",\"publisher\":{\"@id\":\"https:\\\/\\\/hiox.com.ar\\\/hiox\\\/#organization\"},\"potentialAction\":[{\"@type\":\"SearchAction\",\"target\":{\"@type\":\"EntryPoint\",\"urlTemplate\":\"https:\\\/\\\/hiox.com.ar\\\/hiox\\\/?s={search_term_string}\"},\"query-input\":{\"@type\":\"PropertyValueSpecification\",\"valueRequired\":true,\"valueName\":\"search_term_string\"}}],\"inLanguage\":\"es\"},{\"@type\":\"Organization\",\"@id\":\"https:\\\/\\\/hiox.com.ar\\\/hiox\\\/#organization\",\"name\":\"HIOX\",\"url\":\"https:\\\/\\\/hiox.com.ar\\\/hiox\\\/\",\"logo\":{\"@type\":\"ImageObject\",\"inLanguage\":\"es\",\"@id\":\"https:\\\/\\\/hiox.com.ar\\\/hiox\\\/#\\\/schema\\\/logo\\\/image\\\/\",\"url\":\"https:\\\/\\\/hiox.com.ar\\\/hiox\\\/wp-content\\\/uploads\\\/2025\\\/09\\\/cropped-hiox_logo-1.png\",\"contentUrl\":\"https:\\\/\\\/hiox.com.ar\\\/hiox\\\/wp-content\\\/uploads\\\/2025\\\/09\\\/cropped-hiox_logo-1.png\",\"width\":491,\"height\":158,\"caption\":\"HIOX\"},\"image\":{\"@id\":\"https:\\\/\\\/hiox.com.ar\\\/hiox\\\/#\\\/schema\\\/logo\\\/image\\\/\"}},{\"@type\":\"Person\",\"@id\":\"https:\\\/\\\/hiox.com.ar\\\/hiox\\\/#\\\/schema\\\/person\\\/f70183b020df72016f0614086c3cf170\",\"name\":\"Source Author\",\"image\":{\"@type\":\"ImageObject\",\"inLanguage\":\"es\",\"@id\":\"https:\\\/\\\/secure.gravatar.com\\\/avatar\\\/428a8106f8313bec42aca4e38ea86950b6e88a21b0f2764f9f7a4365dc1017a5?s=96&d=mm&r=g\",\"url\":\"https:\\\/\\\/secure.gravatar.com\\\/avatar\\\/428a8106f8313bec42aca4e38ea86950b6e88a21b0f2764f9f7a4365dc1017a5?s=96&d=mm&r=g\",\"contentUrl\":\"https:\\\/\\\/secure.gravatar.com\\\/avatar\\\/428a8106f8313bec42aca4e38ea86950b6e88a21b0f2764f9f7a4365dc1017a5?s=96&d=mm&r=g\",\"caption\":\"Source Author\"},\"url\":\"https:\\\/\\\/hiox.com.ar\\\/hiox\\\/author\\\/wpra-source-author-site-1\\\/\"}]}<\/script>\n<!-- \/ Yoast SEO plugin. -->","yoast_head_json":{"title":"La AN examina este lunes a Jordi Pujol antes de decidir si declara en el juicio por presunto enriquecimiento il\u00edcito - HIOX","description":"La AN examina este lunes a Jordi Pujol antes de decidir si declara en el juicio por presunto enriquecimiento il\u00edcito. El tribunal de la Audiencia Nacional (AN) que juzga a la familia Pujol por su presunto enriquecimiento il\u00edcito ha citado a comparecer presencialmente al 'expresident' de la Generalitat Jordi Pujol este lunes en la sede de San Fernando de Henares (Madrid), donde el exdirigente catal\u00e1n se someter\u00e1 a un nuevo reconocimiento m\u00e9dico antes de decidir los magistrados si est\u00e1 en condiciones de declarar.Seg\u00fan una providencia a la que tuvo acceso Europa Press, los magistrados han llamado a Pujol, de 95 a\u00f1os, a acudir \"personalmente\" a las 9.30 horas a la sede judicial \"a efectos de ser reconocido por el m\u00e9dico forense\", inst\u00e1ndole a aportar los documentos que estime oportunos para su valoraci\u00f3n m\u00e9dica.Los miembros del tribunal ordenaron, asimismo, que las declaraciones del resto de los acusados en el juicio, entre los que se encuentran sus siete hijos --Jordi, Josep, Pere, Oleguer, Oriol, Marta y Mireia--, comiencen a partir de las 10.00 horas.Y detallaron que el m\u00e9dico forense tendr\u00e1 que estar presente \"durante todo el tiempo que dure la declaraci\u00f3n\" del expresidente catal\u00e1n. Tambi\u00e9n acuerdan citar a una int\u00e9rprete de catal\u00e1n para el 27, 28 y 29 de abril, los d\u00edas en que declarar\u00e1n los acusados.\"NO EST\u00c1 EN CONDICIONES\"El pasado 24 de noviembre de 2025, al arranque de la vista oral, el tribunal decidi\u00f3 que Pujol fuera juzgado y le permiti\u00f3 seguir las sesiones desde su casa en Barcelona, despu\u00e9s de que su defensa reclamara el archivo de la causa por motivos de salud.Aquel primer d\u00eda del juicio comparecieron los m\u00e9dicos que realizaron un informe forense sobre su estado de salud y que ratificaron que \"no est\u00e1 en condiciones\" de continuar con el proceso.Seg\u00fan la pericial, el exmandatario presenta \"un diagn\u00f3stico de trastorno neurocognitivo mayor de tipo mixto (de tipo Alzheimer y de tipo vascular)\".\"MUY CRUEL\" HACERLE ACUDIREl m\u00e9dico personal de Pujol, el doctor Jaume Padr\u00f3s, enfatiz\u00f3 esta semana que Pujol \"no est\u00e1 en condiciones\" para ir al juicio y asegur\u00f3 que el expresidente padece enfermedades degenerativas y progresivas, estando \"estable pero discretamente peor\" que hace unos meses.Bajo su punto de vista, \"hacerle ir\" es, \"por decirlo suavemente, muy cruel\", manifest\u00f3 en declaraciones a 'Ser Catalunya', recogidas por esta agencia de noticias y donde a\u00f1adi\u00f3 su impresi\u00f3n de que el tribunal no se f\u00eda de los forenses que ya examinaron a Pujol.\"No est\u00e1 en condiciones de poderse defender y de establecer no solo un relato, porque tiene afectada la memoria, sino de contradicci\u00f3n, de argumentaci\u00f3n dial\u00e9ctica\", expres\u00f3 Padr\u00f3s.PIDEN HASTA 9 A\u00d1OS DE C\u00c1RCEL PARA \u00c9LEl tribunal juzgar\u00e1 previsiblemente hasta mediados de a\u00f1o a los acusados por presuntos delitos de asociaci\u00f3n il\u00edcita, blanqueo de capitales, falsificaci\u00f3n de documento mercantil, contra la Hacienda P\u00fablica y alzamiento de bienes.La Fiscal\u00eda Anticorrupci\u00f3n reclama para el expresidente 9 a\u00f1os de c\u00e1rcel y una multa de 204.000 euros y pide penas de entre 8 y 29 a\u00f1os de prisi\u00f3n para sus hijos.Anticorrupci\u00f3n acusa a Pujol, sus siete hijos y m\u00e1s de 15 presuntos colaboradores por haber formado una supuesta organizaci\u00f3n criminal que se habr\u00eda enriquecido durante d\u00e9cadas con actividades corruptas vali\u00e9ndose de su posici\u00f3n pol\u00edtica.El expresidente de la Generalitat admiti\u00f3 en 2014 tener dinero en el extranjero, pero lo achac\u00f3 a una herencia de su padre, Florenci Pujol. En un comunicado, explic\u00f3 que su progenitor quiso dejarle ese dinero fuera de Espa\u00f1a porque, habiendo vivido de cerca los a\u00f1os 30 y 40, \"ten\u00eda miedo de lo que pod\u00eda pasar, y m\u00e1s de lo que le pod\u00eda pasar a un pol\u00edtico muy comprometido\".","robots":{"index":"index","follow":"follow","max-snippet":"max-snippet:-1","max-image-preview":"max-image-preview:large","max-video-preview":"max-video-preview:-1"},"canonical":"https:\/\/hiox.com.ar\/hiox\/la-an-examina-este-lunes-a-jordi-pujol-antes-de-decidir-si-declara-en-el-juicio-por-presunto-enriquecimiento-ilicito\/","og_locale":"es_ES","og_type":"article","og_title":"La AN examina este lunes a Jordi Pujol antes de decidir si declara en el juicio por presunto enriquecimiento il\u00edcito - HIOX","og_description":"La AN examina este lunes a Jordi Pujol antes de decidir si declara en el juicio por presunto enriquecimiento il\u00edcito. El tribunal de la Audiencia Nacional (AN) que juzga a la familia Pujol por su presunto enriquecimiento il\u00edcito ha citado a comparecer presencialmente al 'expresident' de la Generalitat Jordi Pujol este lunes en la sede de San Fernando de Henares (Madrid), donde el exdirigente catal\u00e1n se someter\u00e1 a un nuevo reconocimiento m\u00e9dico antes de decidir los magistrados si est\u00e1 en condiciones de declarar.Seg\u00fan una providencia a la que tuvo acceso Europa Press, los magistrados han llamado a Pujol, de 95 a\u00f1os, a acudir \"personalmente\" a las 9.30 horas a la sede judicial \"a efectos de ser reconocido por el m\u00e9dico forense\", inst\u00e1ndole a aportar los documentos que estime oportunos para su valoraci\u00f3n m\u00e9dica.Los miembros del tribunal ordenaron, asimismo, que las declaraciones del resto de los acusados en el juicio, entre los que se encuentran sus siete hijos --Jordi, Josep, Pere, Oleguer, Oriol, Marta y Mireia--, comiencen a partir de las 10.00 horas.Y detallaron que el m\u00e9dico forense tendr\u00e1 que estar presente \"durante todo el tiempo que dure la declaraci\u00f3n\" del expresidente catal\u00e1n. Tambi\u00e9n acuerdan citar a una int\u00e9rprete de catal\u00e1n para el 27, 28 y 29 de abril, los d\u00edas en que declarar\u00e1n los acusados.\"NO EST\u00c1 EN CONDICIONES\"El pasado 24 de noviembre de 2025, al arranque de la vista oral, el tribunal decidi\u00f3 que Pujol fuera juzgado y le permiti\u00f3 seguir las sesiones desde su casa en Barcelona, despu\u00e9s de que su defensa reclamara el archivo de la causa por motivos de salud.Aquel primer d\u00eda del juicio comparecieron los m\u00e9dicos que realizaron un informe forense sobre su estado de salud y que ratificaron que \"no est\u00e1 en condiciones\" de continuar con el proceso.Seg\u00fan la pericial, el exmandatario presenta \"un diagn\u00f3stico de trastorno neurocognitivo mayor de tipo mixto (de tipo Alzheimer y de tipo vascular)\".\"MUY CRUEL\" HACERLE ACUDIREl m\u00e9dico personal de Pujol, el doctor Jaume Padr\u00f3s, enfatiz\u00f3 esta semana que Pujol \"no est\u00e1 en condiciones\" para ir al juicio y asegur\u00f3 que el expresidente padece enfermedades degenerativas y progresivas, estando \"estable pero discretamente peor\" que hace unos meses.Bajo su punto de vista, \"hacerle ir\" es, \"por decirlo suavemente, muy cruel\", manifest\u00f3 en declaraciones a 'Ser Catalunya', recogidas por esta agencia de noticias y donde a\u00f1adi\u00f3 su impresi\u00f3n de que el tribunal no se f\u00eda de los forenses que ya examinaron a Pujol.\"No est\u00e1 en condiciones de poderse defender y de establecer no solo un relato, porque tiene afectada la memoria, sino de contradicci\u00f3n, de argumentaci\u00f3n dial\u00e9ctica\", expres\u00f3 Padr\u00f3s.PIDEN HASTA 9 A\u00d1OS DE C\u00c1RCEL PARA \u00c9LEl tribunal juzgar\u00e1 previsiblemente hasta mediados de a\u00f1o a los acusados por presuntos delitos de asociaci\u00f3n il\u00edcita, blanqueo de capitales, falsificaci\u00f3n de documento mercantil, contra la Hacienda P\u00fablica y alzamiento de bienes.La Fiscal\u00eda Anticorrupci\u00f3n reclama para el expresidente 9 a\u00f1os de c\u00e1rcel y una multa de 204.000 euros y pide penas de entre 8 y 29 a\u00f1os de prisi\u00f3n para sus hijos.Anticorrupci\u00f3n acusa a Pujol, sus siete hijos y m\u00e1s de 15 presuntos colaboradores por haber formado una supuesta organizaci\u00f3n criminal que se habr\u00eda enriquecido durante d\u00e9cadas con actividades corruptas vali\u00e9ndose de su posici\u00f3n pol\u00edtica.El expresidente de la Generalitat admiti\u00f3 en 2014 tener dinero en el extranjero, pero lo achac\u00f3 a una herencia de su padre, Florenci Pujol. En un comunicado, explic\u00f3 que su progenitor quiso dejarle ese dinero fuera de Espa\u00f1a porque, habiendo vivido de cerca los a\u00f1os 30 y 40, \"ten\u00eda miedo de lo que pod\u00eda pasar, y m\u00e1s de lo que le pod\u00eda pasar a un pol\u00edtico muy comprometido\".","og_url":"https:\/\/hiox.com.ar\/hiox\/la-an-examina-este-lunes-a-jordi-pujol-antes-de-decidir-si-declara-en-el-juicio-por-presunto-enriquecimiento-ilicito\/","og_site_name":"HIOX","article_published_time":"2026-04-27T05:45:45+00:00","author":"Source Author","twitter_card":"summary_large_image","twitter_misc":{"Escrito por":"Source Author","Tiempo de lectura":"4 minutos"},"schema":{"@context":"https:\/\/schema.org","@graph":[{"@type":"NewsArticle","@id":"https:\/\/hiox.com.ar\/hiox\/la-an-examina-este-lunes-a-jordi-pujol-antes-de-decidir-si-declara-en-el-juicio-por-presunto-enriquecimiento-ilicito\/#article","isPartOf":{"@id":"https:\/\/hiox.com.ar\/hiox\/la-an-examina-este-lunes-a-jordi-pujol-antes-de-decidir-si-declara-en-el-juicio-por-presunto-enriquecimiento-ilicito\/"},"author":{"name":"Source Author","@id":"https:\/\/hiox.com.ar\/hiox\/#\/schema\/person\/f70183b020df72016f0614086c3cf170"},"headline":"La AN examina este lunes a Jordi Pujol antes de decidir si declara en el juicio por presunto enriquecimiento il\u00edcito","datePublished":"2026-04-27T05:45:45+00:00","mainEntityOfPage":{"@id":"https:\/\/hiox.com.ar\/hiox\/la-an-examina-este-lunes-a-jordi-pujol-antes-de-decidir-si-declara-en-el-juicio-por-presunto-enriquecimiento-ilicito\/"},"wordCount":765,"commentCount":0,"publisher":{"@id":"https:\/\/hiox.com.ar\/hiox\/#organization"},"keywords":["Infobae","Informaci\u00f3n General","Noticias","Novedades"],"articleSection":["\ud83d\udcf0 Noticias \ud83d\uddde\ufe0f"],"inLanguage":"es","potentialAction":[{"@type":"CommentAction","name":"Comment","target":["https:\/\/hiox.com.ar\/hiox\/la-an-examina-este-lunes-a-jordi-pujol-antes-de-decidir-si-declara-en-el-juicio-por-presunto-enriquecimiento-ilicito\/#respond"]}]},{"@type":["WebPage","ItemPage"],"@id":"https:\/\/hiox.com.ar\/hiox\/la-an-examina-este-lunes-a-jordi-pujol-antes-de-decidir-si-declara-en-el-juicio-por-presunto-enriquecimiento-ilicito\/","url":"https:\/\/hiox.com.ar\/hiox\/la-an-examina-este-lunes-a-jordi-pujol-antes-de-decidir-si-declara-en-el-juicio-por-presunto-enriquecimiento-ilicito\/","name":"La AN examina este lunes a Jordi Pujol antes de decidir si declara en el juicio por presunto enriquecimiento il\u00edcito - HIOX","isPartOf":{"@id":"https:\/\/hiox.com.ar\/hiox\/#website"},"datePublished":"2026-04-27T05:45:45+00:00","description":"La AN examina este lunes a Jordi Pujol antes de decidir si declara en el juicio por presunto enriquecimiento il\u00edcito. El tribunal de la Audiencia Nacional (AN) que juzga a la familia Pujol por su presunto enriquecimiento il\u00edcito ha citado a comparecer presencialmente al 'expresident' de la Generalitat Jordi Pujol este lunes en la sede de San Fernando de Henares (Madrid), donde el exdirigente catal\u00e1n se someter\u00e1 a un nuevo reconocimiento m\u00e9dico antes de decidir los magistrados si est\u00e1 en condiciones de declarar.Seg\u00fan una providencia a la que tuvo acceso Europa Press, los magistrados han llamado a Pujol, de 95 a\u00f1os, a acudir \"personalmente\" a las 9.30 horas a la sede judicial \"a efectos de ser reconocido por el m\u00e9dico forense\", inst\u00e1ndole a aportar los documentos que estime oportunos para su valoraci\u00f3n m\u00e9dica.Los miembros del tribunal ordenaron, asimismo, que las declaraciones del resto de los acusados en el juicio, entre los que se encuentran sus siete hijos --Jordi, Josep, Pere, Oleguer, Oriol, Marta y Mireia--, comiencen a partir de las 10.00 horas.Y detallaron que el m\u00e9dico forense tendr\u00e1 que estar presente \"durante todo el tiempo que dure la declaraci\u00f3n\" del expresidente catal\u00e1n. Tambi\u00e9n acuerdan citar a una int\u00e9rprete de catal\u00e1n para el 27, 28 y 29 de abril, los d\u00edas en que declarar\u00e1n los acusados.\"NO EST\u00c1 EN CONDICIONES\"El pasado 24 de noviembre de 2025, al arranque de la vista oral, el tribunal decidi\u00f3 que Pujol fuera juzgado y le permiti\u00f3 seguir las sesiones desde su casa en Barcelona, despu\u00e9s de que su defensa reclamara el archivo de la causa por motivos de salud.Aquel primer d\u00eda del juicio comparecieron los m\u00e9dicos que realizaron un informe forense sobre su estado de salud y que ratificaron que \"no est\u00e1 en condiciones\" de continuar con el proceso.Seg\u00fan la pericial, el exmandatario presenta \"un diagn\u00f3stico de trastorno neurocognitivo mayor de tipo mixto (de tipo Alzheimer y de tipo vascular)\".\"MUY CRUEL\" HACERLE ACUDIREl m\u00e9dico personal de Pujol, el doctor Jaume Padr\u00f3s, enfatiz\u00f3 esta semana que Pujol \"no est\u00e1 en condiciones\" para ir al juicio y asegur\u00f3 que el expresidente padece enfermedades degenerativas y progresivas, estando \"estable pero discretamente peor\" que hace unos meses.Bajo su punto de vista, \"hacerle ir\" es, \"por decirlo suavemente, muy cruel\", manifest\u00f3 en declaraciones a 'Ser Catalunya', recogidas por esta agencia de noticias y donde a\u00f1adi\u00f3 su impresi\u00f3n de que el tribunal no se f\u00eda de los forenses que ya examinaron a Pujol.\"No est\u00e1 en condiciones de poderse defender y de establecer no solo un relato, porque tiene afectada la memoria, sino de contradicci\u00f3n, de argumentaci\u00f3n dial\u00e9ctica\", expres\u00f3 Padr\u00f3s.PIDEN HASTA 9 A\u00d1OS DE C\u00c1RCEL PARA \u00c9LEl tribunal juzgar\u00e1 previsiblemente hasta mediados de a\u00f1o a los acusados por presuntos delitos de asociaci\u00f3n il\u00edcita, blanqueo de capitales, falsificaci\u00f3n de documento mercantil, contra la Hacienda P\u00fablica y alzamiento de bienes.La Fiscal\u00eda Anticorrupci\u00f3n reclama para el expresidente 9 a\u00f1os de c\u00e1rcel y una multa de 204.000 euros y pide penas de entre 8 y 29 a\u00f1os de prisi\u00f3n para sus hijos.Anticorrupci\u00f3n acusa a Pujol, sus siete hijos y m\u00e1s de 15 presuntos colaboradores por haber formado una supuesta organizaci\u00f3n criminal que se habr\u00eda enriquecido durante d\u00e9cadas con actividades corruptas vali\u00e9ndose de su posici\u00f3n pol\u00edtica.El expresidente de la Generalitat admiti\u00f3 en 2014 tener dinero en el extranjero, pero lo achac\u00f3 a una herencia de su padre, Florenci Pujol. En un comunicado, explic\u00f3 que su progenitor quiso dejarle ese dinero fuera de Espa\u00f1a porque, habiendo vivido de cerca los a\u00f1os 30 y 40, \"ten\u00eda miedo de lo que pod\u00eda pasar, y m\u00e1s de lo que le pod\u00eda pasar a un pol\u00edtico muy comprometido\".","breadcrumb":{"@id":"https:\/\/hiox.com.ar\/hiox\/la-an-examina-este-lunes-a-jordi-pujol-antes-de-decidir-si-declara-en-el-juicio-por-presunto-enriquecimiento-ilicito\/#breadcrumb"},"inLanguage":"es","potentialAction":[{"@type":"ReadAction","target":["https:\/\/hiox.com.ar\/hiox\/la-an-examina-este-lunes-a-jordi-pujol-antes-de-decidir-si-declara-en-el-juicio-por-presunto-enriquecimiento-ilicito\/"]}]},{"@type":"BreadcrumbList","@id":"https:\/\/hiox.com.ar\/hiox\/la-an-examina-este-lunes-a-jordi-pujol-antes-de-decidir-si-declara-en-el-juicio-por-presunto-enriquecimiento-ilicito\/#breadcrumb","itemListElement":[{"@type":"ListItem","position":1,"name":"Portada","item":"https:\/\/hiox.com.ar\/hiox\/"},{"@type":"ListItem","position":2,"name":"La AN examina este lunes a Jordi Pujol antes de decidir si declara en el juicio por presunto enriquecimiento il\u00edcito"}]},{"@type":"WebSite","@id":"https:\/\/hiox.com.ar\/hiox\/#website","url":"https:\/\/hiox.com.ar\/hiox\/","name":"HIOX","description":"Comercio Electronico","publisher":{"@id":"https:\/\/hiox.com.ar\/hiox\/#organization"},"potentialAction":[{"@type":"SearchAction","target":{"@type":"EntryPoint","urlTemplate":"https:\/\/hiox.com.ar\/hiox\/?s={search_term_string}"},"query-input":{"@type":"PropertyValueSpecification","valueRequired":true,"valueName":"search_term_string"}}],"inLanguage":"es"},{"@type":"Organization","@id":"https:\/\/hiox.com.ar\/hiox\/#organization","name":"HIOX","url":"https:\/\/hiox.com.ar\/hiox\/","logo":{"@type":"ImageObject","inLanguage":"es","@id":"https:\/\/hiox.com.ar\/hiox\/#\/schema\/logo\/image\/","url":"https:\/\/hiox.com.ar\/hiox\/wp-content\/uploads\/2025\/09\/cropped-hiox_logo-1.png","contentUrl":"https:\/\/hiox.com.ar\/hiox\/wp-content\/uploads\/2025\/09\/cropped-hiox_logo-1.png","width":491,"height":158,"caption":"HIOX"},"image":{"@id":"https:\/\/hiox.com.ar\/hiox\/#\/schema\/logo\/image\/"}},{"@type":"Person","@id":"https:\/\/hiox.com.ar\/hiox\/#\/schema\/person\/f70183b020df72016f0614086c3cf170","name":"Source Author","image":{"@type":"ImageObject","inLanguage":"es","@id":"https:\/\/secure.gravatar.com\/avatar\/428a8106f8313bec42aca4e38ea86950b6e88a21b0f2764f9f7a4365dc1017a5?s=96&d=mm&r=g","url":"https:\/\/secure.gravatar.com\/avatar\/428a8106f8313bec42aca4e38ea86950b6e88a21b0f2764f9f7a4365dc1017a5?s=96&d=mm&r=g","contentUrl":"https:\/\/secure.gravatar.com\/avatar\/428a8106f8313bec42aca4e38ea86950b6e88a21b0f2764f9f7a4365dc1017a5?s=96&d=mm&r=g","caption":"Source Author"},"url":"https:\/\/hiox.com.ar\/hiox\/author\/wpra-source-author-site-1\/"}]}},"_links":{"self":[{"href":"https:\/\/hiox.com.ar\/hiox\/wp-json\/wp\/v2\/posts\/3070","targetHints":{"allow":["GET"]}}],"collection":[{"href":"https:\/\/hiox.com.ar\/hiox\/wp-json\/wp\/v2\/posts"}],"about":[{"href":"https:\/\/hiox.com.ar\/hiox\/wp-json\/wp\/v2\/types\/post"}],"author":[{"embeddable":true,"href":"https:\/\/hiox.com.ar\/hiox\/wp-json\/wp\/v2\/users\/3"}],"replies":[{"embeddable":true,"href":"https:\/\/hiox.com.ar\/hiox\/wp-json\/wp\/v2\/comments?post=3070"}],"version-history":[{"count":0,"href":"https:\/\/hiox.com.ar\/hiox\/wp-json\/wp\/v2\/posts\/3070\/revisions"}],"wp:attachment":[{"href":"https:\/\/hiox.com.ar\/hiox\/wp-json\/wp\/v2\/media?parent=3070"}],"wp:term":[{"taxonomy":"category","embeddable":true,"href":"https:\/\/hiox.com.ar\/hiox\/wp-json\/wp\/v2\/categories?post=3070"},{"taxonomy":"post_tag","embeddable":true,"href":"https:\/\/hiox.com.ar\/hiox\/wp-json\/wp\/v2\/tags?post=3070"}],"curies":[{"name":"wp","href":"https:\/\/api.w.org\/{rel}","templated":true}]}}