{"id":3054,"date":"2026-04-26T02:53:32","date_gmt":"2026-04-26T05:53:32","guid":{"rendered":"https:\/\/hiox.com.ar\/hiox\/kicillof-buscara-darle-impronta-propia-al-pj-bonaerense-y-sumar-200-mil-nuevos-afiliados-para-potenciar-su-candidatura\/"},"modified":"2026-04-26T02:53:32","modified_gmt":"2026-04-26T05:53:32","slug":"kicillof-buscara-darle-impronta-propia-al-pj-bonaerense-y-sumar-200-mil-nuevos-afiliados-para-potenciar-su-candidatura","status":"publish","type":"post","link":"https:\/\/hiox.com.ar\/hiox\/kicillof-buscara-darle-impronta-propia-al-pj-bonaerense-y-sumar-200-mil-nuevos-afiliados-para-potenciar-su-candidatura\/","title":{"rendered":"Kicillof buscar\u00e1 darle impronta propia al PJ bonaerense y sumar 200 mil nuevos afiliados para potenciar su candidatura"},"content":{"rendered":"<p>Informaci\u00f3n detallada sobre <strong>Kicillof buscar\u00e1 darle impronta propia al PJ bonaerense y sumar 200 mil nuevos afiliados para potenciar su candidatura<\/strong>. Te traemos las \u00faltimas noticias sobre Noticia Infobae, un tema de gran inter\u00e9s para hoy 26 April, 2026.<\/p>\n<div class=\"entry-content-body\">\n<div><img loading=\"lazy\" decoding=\"async\" src=\"https:\/\/www.infobae.com\/resizer\/v2\/KHHJZN3DXBGTZPATZNRGIXR4VI.jpg?auth=11a95986d4ef06f77d0f8b281c4ddc2d6e4bc16f3a6dfbbc1dccbaf39956228d&amp;smart=true&amp;width=7627&amp;height=5085\" alt=\"Kicillof inci\u00f3 su mandato al frente del PJ bonaerense\" height=\"5085\" width=\"7627\"><\/p>\n<p>El gobernador de la provincia de Buenos Aires, <b>Axel Kicillof<\/b>, inici\u00f3 su mandato al frente del Partido Justicialista bonaerense con un par de objetivos particulares a corto plazo, que buscar\u00e1n fortalecer su objetivo general: llegar a la discusi\u00f3n electoral del 2027 con una estructura que le permita coronarse como el candidato presidencial del peronismo. <b>Es una carrera de largo aliento <\/b>y, con el PJ bonaerense bajo su control, busca ganar ox\u00edgeno pol\u00edtico para fortalecer su posici\u00f3n frente a los distintos sectores del peronismo, adem\u00e1s de sumar apoyos clave de cara a las pr\u00f3ximas definiciones dentro del partido y el escenario electoral.<\/p>\n<p>Para eso buscar\u00e1, en principio, acelerar afiliaciones. No es nada nuevo. <b>Cada vez que hay un recambio de gesti\u00f3n al frente del PJ se plantea el mismo objetivo<\/b>: campa\u00f1a de afiliaci\u00f3n. Esta vez no es la excepci\u00f3n. Seg\u00fan el intendente de La Plata y flamante secretario de formaci\u00f3n pol\u00edtica del partido,<b> Julio Alak<\/b>, el partido tiene 1.300.000 afiliados. <b>Alak dijo que espera llevar ese n\u00famero a 1 mill\u00f3n y medio. <\/b>El jefe comunal de la capital bonaerense ser\u00e1 parte activa de la vida diaria del PJ de Kicillof. <b>O al menos lo intentar\u00e1<\/b>. El resto de los consejeros sigue de cerca los movimientos del intendente platense, a quien le endilgan cierta necesidad de atenci\u00f3n. \u201cEntra a los codazos para la foto\u201d, ya dejan correr algunos integrantes del nuevo consejo tras la reuni\u00f3n del partido. <\/p>\n<p>El viernes fue anfitri\u00f3n. La sede del partido, de hecho, fue construida durante su gesti\u00f3n anterior como intendente. \u201cSe me dec\u00eda el otro d\u00eda que en Europa, el gobernador advert\u00eda que uno de los partidos socialistas ten\u00eda ocho mil afiliados. Nosotros partimos de un mill\u00f3n doscientos mil afiliados en la provincia, <b>vamos a llegar a un mill\u00f3n quinientos<\/b>, con una capacitaci\u00f3n que Axel considera que es clave\u201d, plante\u00f3 Alak luego del encuentro de este viernes.<b> El co-mando del PJ es clave para el platense en su inter\u00e9s de ser candidato a la sucesi\u00f3n de Kicillof en 2027<\/b>. <\/p>\n<p><img loading=\"lazy\" decoding=\"async\" src=\"https:\/\/www.infobae.com\/resizer\/v2\/ZSE6CYOAYNG25LTBLLATH6F4VY.jpg?auth=71b4b0ddbebfd92ab16c85e10a81d076e3c01406f85fa06ee1ec6467c2e85e5a&amp;smart=true&amp;width=1920&amp;height=1080\" alt=\"Alak recibe a Kicillof en la puerta del PJ (Aglaplata)\" height=\"1080\" width=\"1920\"><\/p>\n<p>Kicillof deleg\u00f3 la cuesti\u00f3n organizativa del PJ en un grupo de personas. Alak buscar\u00e1 estar all\u00ed. La vicegobernadora, <b>Ver\u00f3nica Magario,<\/b> <b>tiene un rol asegurado<\/b>. El d\u00eda de la reuni\u00f3n fue el equipo de la matancera quien hizo entrar a los consejeros de cara no tan conocida para la gente de seguridad que estaba apostada en la puerta. <\/p>\n<p>Otro es el ministro de Desarrollo de la Comunidad, <b>Andr\u00e9s Larroque<\/b>. El funcionario, junto a algunos intendentes, fue uno de los que inicialmente plante\u00f3 puertas adentro que Kicillof ten\u00eda que hacerse de la presidencia del PJ. <b>Kicillof baj\u00f3 de su auto acompa\u00f1ado por Larroque. <\/b><\/p>\n<p>El diputado provincial e intendente en uso de licencia de Almirante Brown, <b>Mariano Cascallares<\/b>, es otro de los dirigentes en los que eligi\u00f3 reposar Kicillof para el ordenamiento del PJ. Cascallares fue uno de los negociadores del Movimiento Derecho al Futuro durante el proceso de renovaci\u00f3n de autoridades en la \u201cparitaria\u201d con el kirchnerismo. Ahora ser\u00e1 el Secretario General del PJ. Tendr\u00e1 a su cargo la puesta en marcha de una app del PJ para -tambi\u00e9n por ese medio- generar m\u00e1s afiliaciones. Si bien no se podr\u00e1 afiliar directamente por la app, porque no lo permite la ley, s\u00ed funcionar\u00e1 a modo de preafiliaci\u00f3n. Todas las cuestiones organizativas pasan por la Secretar\u00eda General que comandar\u00e1 Cascallares. <\/p>\n<p><img loading=\"lazy\" decoding=\"async\" src=\"https:\/\/www.infobae.com\/resizer\/v2\/ERNDPAXHOFD4RASZ6YQKKN745A.jpg?auth=e0dcc2e49bf39d457a4b598cd2b4577eaf29d89d1b1758199375e3882d71cdd5&amp;smart=true&amp;width=1920&amp;height=1080\" alt=\"Kicillof lleg\u00f3 junto con Larroque a la reuni\u00f3n del PJ (Aglaplata)\" height=\"1080\" width=\"1920\"><\/p>\n<p>Otro que tambi\u00e9n fue parte de esa negociaci\u00f3n fue el intendente de Lomas de Zamora, <b>Federico Oterm\u00edn<\/b>. Qued\u00f3 como vicepresidente II del PJ, detr\u00e1s de Magario. Bajo ese rol,<b> Oterm\u00edn ya se mueve con cierta autonom\u00eda<\/b>. Inici\u00f3 desde hace algunos meses recorridas por la provincia. En cada visita distrital por fuera de Lomas, hace una reuni\u00f3n con los PJ locales. <b>Y, como Alak, tambi\u00e9n tiene intenciones de estar en la danza de nombres para la sucesi\u00f3n de gobernador<\/b>. Oterm\u00edn tendr\u00e1 que mediar en las diferencias en el PJ. De hecho, es uno de los canales de di\u00e1logo que hay entre Kicillof con <b>M\u00e1ximo<\/b> y <b>Cristina Kirchner<\/b>. Ahora ser\u00e1 bajo un rol institucional. El cristinismo imprime la campa\u00f1a<b> Cristina Libre<\/b> tambi\u00e9n en el PJ de Kicillof. En la reuni\u00f3n del viernes la senadora <b>Fernanda Raverta<\/b> y el diputado <b>Ariel Archanco<\/b> -ambos de La C\u00e1mpora- <b>pidieron incluir el tema en el documento final<\/b>. Lo consiguieron. En el MDF plantean que le dan lugar a las demandas del cristinismo. <\/p>\n<p><img loading=\"lazy\" decoding=\"async\" src=\"https:\/\/www.infobae.com\/resizer\/v2\/UKY46L67WVACFOFYMEX22MV6JQ.jpg?auth=bdd3d4a91d8e39383cc57834a16f1dc344e9f90d6d1ddcd07519b96b61ced4d5&amp;smart=true&amp;width=5746&amp;height=3831\" alt=\"Kicillof presidiendo la reuni\u00f3n del PJ bonaerense \" height=\"3831\" width=\"5746\"><\/p>\n<p>\u201cAgradecemos a M\u00e1ximo, actual presidente del Congreso, por su vocaci\u00f3n de lograr la unidad del peronismo de la Provincia.<b> Manifestamos nuestro respaldo a Cristina, la presidenta del Partido Justicialista en el orden nacional<\/b>. Defendemos el planteo de Axel y el Gobierno de la Provincia frente a un Gobierno nacional que abandona a los bonaerenses quitando recursos claves para la seguridad, la educaci\u00f3n y la salud\u201d, esgrimi\u00f3 Oterm\u00edn tras el encuentro. <\/p>\n<p>En la reuni\u00f3n en La Plata, adem\u00e1s de escuchar a un consejero por secci\u00f3n electoral y rama, el gobernador instruy\u00f3 a los consejeros seccionales que visiten los PJ distritales. Una orden que tambi\u00e9n recay\u00f3 sobre los ministros y funcionarios, pese a que varios no forman parte formal del Consejo como por ejemplo el ministro de Gobierno,<b> Carlos Bianco<\/b>, que si bien no tiene un cargo oficial en la herramienta partidaria s\u00ed hay gente de su espacio dentro del partido como, por ejemplo, la titular del OPISU, <b>Romina Barrios<\/b>, que ocupa un lugar como consejera suplente dentro del consejo de la Mujer. <\/p>\n<p>Acompa\u00f1ado de todos estos dirigentes -Magario, Alak, Larroque, Cascallares y Oterm\u00edn- es que dio una rueda de prensa Kicillof tras su primera reuni\u00f3n al frente del consejo del partido. <b>M\u00e1ximo Kirchner<\/b>, saliente presidente del Consejo y actual titular del Congreso no estuvo en La Plata. <a href=\"https:\/\/www.infobae.com\/politica\/2026\/04\/23\/en-medio-de-la-interna-peronista-en-pba-maximo-kirchner-tendra-actividad-politica-en-santa-fe\/\" target=\"_blank\" rel=\"\" title=\"https:\/\/www.infobae.com\/politica\/2026\/04\/23\/en-medio-de-la-interna-peronista-en-pba-maximo-kirchner-tendra-actividad-politica-en-santa-fe\/\">Mantuvo actividades en la provincia de Santa Fe<\/a>. <\/p>\n<p><img loading=\"lazy\" decoding=\"async\" src=\"https:\/\/www.infobae.com\/resizer\/v2\/3OLJSGBOT5BP7IJRTF5OKQS6NQ.jpg?auth=5db11212f155c79271bc67587af8070cdf0f6e8f6bbb8d2f30cdc2a9dda78343&amp;smart=true&amp;width=1920&amp;height=1080\" alt=\"Mientras el PJ bonaerense reun\u00eda a su consejo partidario, M\u00e1ximo Kirchner recorr\u00eda la localidad de Santa Teresa, en Santa Fe \" height=\"1080\" width=\"1920\"><\/p>\n<p>En lo inmediato el 14 de mayo se lanzar\u00e1n los cursos de formaci\u00f3n pol\u00edtica que tendr\u00e1n cuatro m\u00f3dulos. El lanzamiento estar\u00eda a cargo del propio Kicillof: uno sobre pol\u00edtica internacional, en un contexto de permanente beligerancia; otro sobre el estado de situaci\u00f3n de Am\u00e9rica Latina; un tercer espacio sobre la coyuntura pol\u00edtica y econ\u00f3mica del pa\u00eds y un cuarto cap\u00edtulo dedicado al \u201cmovimiento nacional y popular\u201d. <\/p>\n<p>Otro tema es darle relevancia a los presidentes de los 135 PJ locales. En definitiva, <b>garantizar desde la provincia de Buenos Aires, que Kicillof tenga una s\u00f3lida estructura que le permita sentarse en la mesa de negociaci\u00f3n el a\u00f1o que viene <\/b>y que el PJ de su provincia acompa\u00f1e. Adem\u00e1s, poner al PJ bonaerense en l\u00ednea con el resto de los PJ provinciales. Por ejemplo, el de Misiones que d\u00edas atr\u00e1s termin\u00f3 su proceso de normalizaci\u00f3n con la resoluci\u00f3n de la junta partidaria \u2014en el marco de la elecci\u00f3n interna que hubo\u2014 que proclam\u00f3 a <b>H\u00e9ctor Humada <\/b>como su nuevo presidente. Se impuso ante la l\u00ednea cristinista y desde el peronismo que est\u00e1 con Kicillof tambi\u00e9n fue le\u00eddo como una victoria. <\/p>\n<p>El resto pasar\u00e1 por el Movimiento Derecho al Futuro (MDF) y acciones de otros espacios, como por ejemplo los encuentros que viene haciendo la Jefa de Asesores del gobernador,<b> Cristina \u00c1lvarez Rodr\u00edguez<\/b>. A partir de la Corriente Nacional de la Militancia de la provincia de Buenos Aires, la funcionaria est\u00e1 al frente de un grupo de reuniones seccionales en pos de la candidatura de Kicillof. Este s\u00e1bado se reuni\u00f3 con intendentes y referentes de la Segunda secci\u00f3n electoral. Semanas atr\u00e1s hizo lo propio en la Cuarta. \u201cAxel es la alternativa al modelo de ajuste y abandono\u201d, plante\u00f3 este s\u00e1bado. La acompa\u00f1aron el diputado provincial e intendente en uso de licencia de Exaltaci\u00f3n de la Cruz, <b>Diego Nanni<\/b>; el intendente de Salto,<b> Ricardo Alessandro<\/b>. Los presidentes de los PJ de Z\u00e1rate, <b>Leandro Matilla <\/b>y de Pergamino,<b> Ramiro Baguear<\/b>, entre oros.<\/p>\n<\/div>\n<\/div>\n<hr \/>\n<p>Esta noticia sobre <strong>Kicillof buscar\u00e1 darle impronta propia al PJ bonaerense y sumar 200 mil nuevos afiliados para potenciar su candidatura<\/strong> fue publicada originalmente en <a href=\"https:\/\/www.infobae.com\/arc\/outboundfeeds\/rss\/\" target=\"_blank\" rel=\"nofollow\">Infobae.com<\/a>. Puedes ampliar la informaci\u00f3n siguiendo el enlace a la fuente original: <a href=\"https:\/\/www.infobae.com\/politica\/2026\/04\/26\/kicillof-buscara-darle-impronta-propia-al-pj-bonaerense-y-sumar-200-mil-nuevos-afiliados-para-potenciar-su-candidatura\/\" target=\"_blank\" rel=\"noopener noreferrer\">Kicillof buscar\u00e1 darle impronta propia al PJ bonaerense y sumar 200 mil nuevos afiliados para potenciar su candidatura<\/a>.<\/p>\n<p><small>Categor\u00eda: Noticia Infobae | Fecha: 26 April, 2026<\/small><\/p>\n","protected":false},"excerpt":{"rendered":"<div>Lanzar\u00e1 una app del partido para acelerar afiliaciones entre j\u00f3venes. Hoy, la mitad de los afiliados tiene m\u00e1s de 60 a\u00f1os. El rol pol\u00edtico que intentar\u00e1 darle y en qui\u00e9nes se va apoyar<\/div>\n","protected":false},"author":3,"featured_media":0,"comment_status":"open","ping_status":"open","sticky":false,"template":"","format":"standard","meta":{"site-sidebar-layout":"default","site-content-layout":"","ast-site-content-layout":"default","site-content-style":"default","site-sidebar-style":"default","ast-global-header-display":"","ast-banner-title-visibility":"","ast-main-header-display":"","ast-hfb-above-header-display":"","ast-hfb-below-header-display":"","ast-hfb-mobile-header-display":"","site-post-title":"","ast-breadcrumbs-content":"","ast-featured-img":"","footer-sml-layout":"","ast-disable-related-posts":"","theme-transparent-header-meta":"","adv-header-id-meta":"","stick-header-meta":"","header-above-stick-meta":"","header-main-stick-meta":"","header-below-stick-meta":"","astra-migrate-meta-layouts":"default","ast-page-background-enabled":"default","ast-page-background-meta":{"desktop":{"background-color":"var(--ast-global-color-5)","background-image":"","background-repeat":"repeat","background-position":"center center","background-size":"auto","background-attachment":"scroll","background-type":"","background-media":"","overlay-type":"","overlay-color":"","overlay-opacity":"","overlay-gradient":""},"tablet":{"background-color":"","background-image":"","background-repeat":"repeat","background-position":"center center","background-size":"auto","background-attachment":"scroll","background-type":"","background-media":"","overlay-type":"","overlay-color":"","overlay-opacity":"","overlay-gradient":""},"mobile":{"background-color":"","background-image":"","background-repeat":"repeat","background-position":"center center","background-size":"auto","background-attachment":"scroll","background-type":"","background-media":"","overlay-type":"","overlay-color":"","overlay-opacity":"","overlay-gradient":""}},"ast-content-background-meta":{"desktop":{"background-color":"var(--ast-global-color-4)","background-image":"","background-repeat":"repeat","background-position":"center center","background-size":"auto","background-attachment":"scroll","background-type":"","background-media":"","overlay-type":"","overlay-color":"","overlay-opacity":"","overlay-gradient":""},"tablet":{"background-color":"var(--ast-global-color-4)","background-image":"","background-repeat":"repeat","background-position":"center center","background-size":"auto","background-attachment":"scroll","background-type":"","background-media":"","overlay-type":"","overlay-color":"","overlay-opacity":"","overlay-gradient":""},"mobile":{"background-color":"var(--ast-global-color-4)","background-image":"","background-repeat":"repeat","background-position":"center center","background-size":"auto","background-attachment":"scroll","background-type":"","background-media":"","overlay-type":"","overlay-color":"","overlay-opacity":"","overlay-gradient":""}},"fifu_image_url":"","fifu_image_alt":"","footnotes":""},"categories":[23],"tags":[25,27,24,26],"class_list":["post-3054","post","type-post","status-publish","format-standard","hentry","category-noticias","tag-infobae","tag-informacion-general","tag-noticias","tag-novedades"],"yoast_head":"<!-- This site is optimized with the Yoast SEO plugin v27.5 - https:\/\/yoast.com\/product\/yoast-seo-wordpress\/ -->\n<title>Kicillof buscar\u00e1 darle impronta propia al PJ bonaerense y sumar 200 mil nuevos afiliados para potenciar su candidatura - HIOX<\/title>\n<meta name=\"description\" content=\"Kicillof buscar\u00e1 darle impronta propia al PJ bonaerense y sumar 200 mil nuevos afiliados para potenciar su candidatura. Lanzar\u00e1 una app del partido para acelerar afiliaciones entre j\u00f3venes. Hoy, la mitad de los afiliados tiene m\u00e1s de 60 a\u00f1os. El rol pol\u00edtico que intentar\u00e1 darle y en qui\u00e9nes se va apoyar\" \/>\n<meta name=\"robots\" content=\"index, follow, max-snippet:-1, max-image-preview:large, max-video-preview:-1\" \/>\n<link rel=\"canonical\" href=\"https:\/\/hiox.com.ar\/hiox\/kicillof-buscara-darle-impronta-propia-al-pj-bonaerense-y-sumar-200-mil-nuevos-afiliados-para-potenciar-su-candidatura\/\" \/>\n<meta property=\"og:locale\" content=\"es_ES\" \/>\n<meta property=\"og:type\" content=\"article\" \/>\n<meta property=\"og:title\" content=\"Kicillof buscar\u00e1 darle impronta propia al PJ bonaerense y sumar 200 mil nuevos afiliados para potenciar su candidatura - HIOX\" \/>\n<meta property=\"og:description\" content=\"Kicillof buscar\u00e1 darle impronta propia al PJ bonaerense y sumar 200 mil nuevos afiliados para potenciar su candidatura. Lanzar\u00e1 una app del partido para acelerar afiliaciones entre j\u00f3venes. Hoy, la mitad de los afiliados tiene m\u00e1s de 60 a\u00f1os. El rol pol\u00edtico que intentar\u00e1 darle y en qui\u00e9nes se va apoyar\" \/>\n<meta property=\"og:url\" content=\"https:\/\/hiox.com.ar\/hiox\/kicillof-buscara-darle-impronta-propia-al-pj-bonaerense-y-sumar-200-mil-nuevos-afiliados-para-potenciar-su-candidatura\/\" \/>\n<meta property=\"og:site_name\" content=\"HIOX\" \/>\n<meta property=\"article:published_time\" content=\"2026-04-26T05:53:32+00:00\" \/>\n<meta property=\"og:image\" content=\"https:\/\/www.infobae.com\/resizer\/v2\/KHHJZN3DXBGTZPATZNRGIXR4VI.jpg?auth=11a95986d4ef06f77d0f8b281c4ddc2d6e4bc16f3a6dfbbc1dccbaf39956228d&amp;smart=true&amp;width=7627&amp;height=5085\" \/>\n<meta name=\"author\" content=\"Source Author\" \/>\n<meta name=\"twitter:card\" content=\"summary_large_image\" \/>\n<meta name=\"twitter:label1\" content=\"Escrito por\" \/>\n\t<meta name=\"twitter:data1\" content=\"Source Author\" \/>\n\t<meta name=\"twitter:label2\" content=\"Tiempo de lectura\" \/>\n\t<meta name=\"twitter:data2\" content=\"7 minutos\" \/>\n<script type=\"application\/ld+json\" class=\"yoast-schema-graph\">{\"@context\":\"https:\\\/\\\/schema.org\",\"@graph\":[{\"@type\":\"NewsArticle\",\"@id\":\"https:\\\/\\\/hiox.com.ar\\\/hiox\\\/kicillof-buscara-darle-impronta-propia-al-pj-bonaerense-y-sumar-200-mil-nuevos-afiliados-para-potenciar-su-candidatura\\\/#article\",\"isPartOf\":{\"@id\":\"https:\\\/\\\/hiox.com.ar\\\/hiox\\\/kicillof-buscara-darle-impronta-propia-al-pj-bonaerense-y-sumar-200-mil-nuevos-afiliados-para-potenciar-su-candidatura\\\/\"},\"author\":{\"name\":\"Source Author\",\"@id\":\"https:\\\/\\\/hiox.com.ar\\\/hiox\\\/#\\\/schema\\\/person\\\/f70183b020df72016f0614086c3cf170\"},\"headline\":\"Kicillof buscar\u00e1 darle impronta propia al PJ bonaerense y sumar 200 mil nuevos afiliados para potenciar su candidatura\",\"datePublished\":\"2026-04-26T05:53:32+00:00\",\"mainEntityOfPage\":{\"@id\":\"https:\\\/\\\/hiox.com.ar\\\/hiox\\\/kicillof-buscara-darle-impronta-propia-al-pj-bonaerense-y-sumar-200-mil-nuevos-afiliados-para-potenciar-su-candidatura\\\/\"},\"wordCount\":1480,\"commentCount\":0,\"publisher\":{\"@id\":\"https:\\\/\\\/hiox.com.ar\\\/hiox\\\/#organization\"},\"image\":{\"@id\":\"https:\\\/\\\/hiox.com.ar\\\/hiox\\\/kicillof-buscara-darle-impronta-propia-al-pj-bonaerense-y-sumar-200-mil-nuevos-afiliados-para-potenciar-su-candidatura\\\/#primaryimage\"},\"thumbnailUrl\":\"https:\\\/\\\/www.infobae.com\\\/resizer\\\/v2\\\/KHHJZN3DXBGTZPATZNRGIXR4VI.jpg?auth=11a95986d4ef06f77d0f8b281c4ddc2d6e4bc16f3a6dfbbc1dccbaf39956228d&amp;smart=true&amp;width=7627&amp;height=5085\",\"keywords\":[\"Infobae\",\"Informaci\u00f3n General\",\"Noticias\",\"Novedades\"],\"articleSection\":[\"\ud83d\udcf0 Noticias \ud83d\uddde\ufe0f\"],\"inLanguage\":\"es\",\"potentialAction\":[{\"@type\":\"CommentAction\",\"name\":\"Comment\",\"target\":[\"https:\\\/\\\/hiox.com.ar\\\/hiox\\\/kicillof-buscara-darle-impronta-propia-al-pj-bonaerense-y-sumar-200-mil-nuevos-afiliados-para-potenciar-su-candidatura\\\/#respond\"]}]},{\"@type\":[\"WebPage\",\"ItemPage\"],\"@id\":\"https:\\\/\\\/hiox.com.ar\\\/hiox\\\/kicillof-buscara-darle-impronta-propia-al-pj-bonaerense-y-sumar-200-mil-nuevos-afiliados-para-potenciar-su-candidatura\\\/\",\"url\":\"https:\\\/\\\/hiox.com.ar\\\/hiox\\\/kicillof-buscara-darle-impronta-propia-al-pj-bonaerense-y-sumar-200-mil-nuevos-afiliados-para-potenciar-su-candidatura\\\/\",\"name\":\"Kicillof buscar\u00e1 darle impronta propia al PJ bonaerense y sumar 200 mil nuevos afiliados para potenciar su candidatura - HIOX\",\"isPartOf\":{\"@id\":\"https:\\\/\\\/hiox.com.ar\\\/hiox\\\/#website\"},\"primaryImageOfPage\":{\"@id\":\"https:\\\/\\\/hiox.com.ar\\\/hiox\\\/kicillof-buscara-darle-impronta-propia-al-pj-bonaerense-y-sumar-200-mil-nuevos-afiliados-para-potenciar-su-candidatura\\\/#primaryimage\"},\"image\":{\"@id\":\"https:\\\/\\\/hiox.com.ar\\\/hiox\\\/kicillof-buscara-darle-impronta-propia-al-pj-bonaerense-y-sumar-200-mil-nuevos-afiliados-para-potenciar-su-candidatura\\\/#primaryimage\"},\"thumbnailUrl\":\"https:\\\/\\\/www.infobae.com\\\/resizer\\\/v2\\\/KHHJZN3DXBGTZPATZNRGIXR4VI.jpg?auth=11a95986d4ef06f77d0f8b281c4ddc2d6e4bc16f3a6dfbbc1dccbaf39956228d&amp;smart=true&amp;width=7627&amp;height=5085\",\"datePublished\":\"2026-04-26T05:53:32+00:00\",\"description\":\"Kicillof buscar\u00e1 darle impronta propia al PJ bonaerense y sumar 200 mil nuevos afiliados para potenciar su candidatura. Lanzar\u00e1 una app del partido para acelerar afiliaciones entre j\u00f3venes. Hoy, la mitad de los afiliados tiene m\u00e1s de 60 a\u00f1os. El rol pol\u00edtico que intentar\u00e1 darle y en qui\u00e9nes se va apoyar\",\"breadcrumb\":{\"@id\":\"https:\\\/\\\/hiox.com.ar\\\/hiox\\\/kicillof-buscara-darle-impronta-propia-al-pj-bonaerense-y-sumar-200-mil-nuevos-afiliados-para-potenciar-su-candidatura\\\/#breadcrumb\"},\"inLanguage\":\"es\",\"potentialAction\":[{\"@type\":\"ReadAction\",\"target\":[\"https:\\\/\\\/hiox.com.ar\\\/hiox\\\/kicillof-buscara-darle-impronta-propia-al-pj-bonaerense-y-sumar-200-mil-nuevos-afiliados-para-potenciar-su-candidatura\\\/\"]}]},{\"@type\":\"ImageObject\",\"inLanguage\":\"es\",\"@id\":\"https:\\\/\\\/hiox.com.ar\\\/hiox\\\/kicillof-buscara-darle-impronta-propia-al-pj-bonaerense-y-sumar-200-mil-nuevos-afiliados-para-potenciar-su-candidatura\\\/#primaryimage\",\"url\":\"https:\\\/\\\/www.infobae.com\\\/resizer\\\/v2\\\/KHHJZN3DXBGTZPATZNRGIXR4VI.jpg?auth=11a95986d4ef06f77d0f8b281c4ddc2d6e4bc16f3a6dfbbc1dccbaf39956228d&amp;smart=true&amp;width=7627&amp;height=5085\",\"contentUrl\":\"https:\\\/\\\/www.infobae.com\\\/resizer\\\/v2\\\/KHHJZN3DXBGTZPATZNRGIXR4VI.jpg?auth=11a95986d4ef06f77d0f8b281c4ddc2d6e4bc16f3a6dfbbc1dccbaf39956228d&amp;smart=true&amp;width=7627&amp;height=5085\"},{\"@type\":\"BreadcrumbList\",\"@id\":\"https:\\\/\\\/hiox.com.ar\\\/hiox\\\/kicillof-buscara-darle-impronta-propia-al-pj-bonaerense-y-sumar-200-mil-nuevos-afiliados-para-potenciar-su-candidatura\\\/#breadcrumb\",\"itemListElement\":[{\"@type\":\"ListItem\",\"position\":1,\"name\":\"Portada\",\"item\":\"https:\\\/\\\/hiox.com.ar\\\/hiox\\\/\"},{\"@type\":\"ListItem\",\"position\":2,\"name\":\"Kicillof buscar\u00e1 darle impronta propia al PJ bonaerense y sumar 200 mil nuevos afiliados para potenciar su candidatura\"}]},{\"@type\":\"WebSite\",\"@id\":\"https:\\\/\\\/hiox.com.ar\\\/hiox\\\/#website\",\"url\":\"https:\\\/\\\/hiox.com.ar\\\/hiox\\\/\",\"name\":\"HIOX\",\"description\":\"Comercio Electronico\",\"publisher\":{\"@id\":\"https:\\\/\\\/hiox.com.ar\\\/hiox\\\/#organization\"},\"potentialAction\":[{\"@type\":\"SearchAction\",\"target\":{\"@type\":\"EntryPoint\",\"urlTemplate\":\"https:\\\/\\\/hiox.com.ar\\\/hiox\\\/?s={search_term_string}\"},\"query-input\":{\"@type\":\"PropertyValueSpecification\",\"valueRequired\":true,\"valueName\":\"search_term_string\"}}],\"inLanguage\":\"es\"},{\"@type\":\"Organization\",\"@id\":\"https:\\\/\\\/hiox.com.ar\\\/hiox\\\/#organization\",\"name\":\"HIOX\",\"url\":\"https:\\\/\\\/hiox.com.ar\\\/hiox\\\/\",\"logo\":{\"@type\":\"ImageObject\",\"inLanguage\":\"es\",\"@id\":\"https:\\\/\\\/hiox.com.ar\\\/hiox\\\/#\\\/schema\\\/logo\\\/image\\\/\",\"url\":\"https:\\\/\\\/hiox.com.ar\\\/hiox\\\/wp-content\\\/uploads\\\/2025\\\/09\\\/cropped-hiox_logo-1.png\",\"contentUrl\":\"https:\\\/\\\/hiox.com.ar\\\/hiox\\\/wp-content\\\/uploads\\\/2025\\\/09\\\/cropped-hiox_logo-1.png\",\"width\":491,\"height\":158,\"caption\":\"HIOX\"},\"image\":{\"@id\":\"https:\\\/\\\/hiox.com.ar\\\/hiox\\\/#\\\/schema\\\/logo\\\/image\\\/\"}},{\"@type\":\"Person\",\"@id\":\"https:\\\/\\\/hiox.com.ar\\\/hiox\\\/#\\\/schema\\\/person\\\/f70183b020df72016f0614086c3cf170\",\"name\":\"Source Author\",\"image\":{\"@type\":\"ImageObject\",\"inLanguage\":\"es\",\"@id\":\"https:\\\/\\\/secure.gravatar.com\\\/avatar\\\/428a8106f8313bec42aca4e38ea86950b6e88a21b0f2764f9f7a4365dc1017a5?s=96&d=mm&r=g\",\"url\":\"https:\\\/\\\/secure.gravatar.com\\\/avatar\\\/428a8106f8313bec42aca4e38ea86950b6e88a21b0f2764f9f7a4365dc1017a5?s=96&d=mm&r=g\",\"contentUrl\":\"https:\\\/\\\/secure.gravatar.com\\\/avatar\\\/428a8106f8313bec42aca4e38ea86950b6e88a21b0f2764f9f7a4365dc1017a5?s=96&d=mm&r=g\",\"caption\":\"Source Author\"},\"url\":\"https:\\\/\\\/hiox.com.ar\\\/hiox\\\/author\\\/wpra-source-author-site-1\\\/\"}]}<\/script>\n<!-- \/ Yoast SEO plugin. -->","yoast_head_json":{"title":"Kicillof buscar\u00e1 darle impronta propia al PJ bonaerense y sumar 200 mil nuevos afiliados para potenciar su candidatura - HIOX","description":"Kicillof buscar\u00e1 darle impronta propia al PJ bonaerense y sumar 200 mil nuevos afiliados para potenciar su candidatura. Lanzar\u00e1 una app del partido para acelerar afiliaciones entre j\u00f3venes. Hoy, la mitad de los afiliados tiene m\u00e1s de 60 a\u00f1os. El rol pol\u00edtico que intentar\u00e1 darle y en qui\u00e9nes se va apoyar","robots":{"index":"index","follow":"follow","max-snippet":"max-snippet:-1","max-image-preview":"max-image-preview:large","max-video-preview":"max-video-preview:-1"},"canonical":"https:\/\/hiox.com.ar\/hiox\/kicillof-buscara-darle-impronta-propia-al-pj-bonaerense-y-sumar-200-mil-nuevos-afiliados-para-potenciar-su-candidatura\/","og_locale":"es_ES","og_type":"article","og_title":"Kicillof buscar\u00e1 darle impronta propia al PJ bonaerense y sumar 200 mil nuevos afiliados para potenciar su candidatura - HIOX","og_description":"Kicillof buscar\u00e1 darle impronta propia al PJ bonaerense y sumar 200 mil nuevos afiliados para potenciar su candidatura. Lanzar\u00e1 una app del partido para acelerar afiliaciones entre j\u00f3venes. Hoy, la mitad de los afiliados tiene m\u00e1s de 60 a\u00f1os. El rol pol\u00edtico que intentar\u00e1 darle y en qui\u00e9nes se va apoyar","og_url":"https:\/\/hiox.com.ar\/hiox\/kicillof-buscara-darle-impronta-propia-al-pj-bonaerense-y-sumar-200-mil-nuevos-afiliados-para-potenciar-su-candidatura\/","og_site_name":"HIOX","article_published_time":"2026-04-26T05:53:32+00:00","og_image":[{"url":"https:\/\/www.infobae.com\/resizer\/v2\/KHHJZN3DXBGTZPATZNRGIXR4VI.jpg?auth=11a95986d4ef06f77d0f8b281c4ddc2d6e4bc16f3a6dfbbc1dccbaf39956228d&amp;smart=true&amp;width=7627&amp;height=5085","type":"","width":"","height":""}],"author":"Source Author","twitter_card":"summary_large_image","twitter_misc":{"Escrito por":"Source Author","Tiempo de lectura":"7 minutos"},"schema":{"@context":"https:\/\/schema.org","@graph":[{"@type":"NewsArticle","@id":"https:\/\/hiox.com.ar\/hiox\/kicillof-buscara-darle-impronta-propia-al-pj-bonaerense-y-sumar-200-mil-nuevos-afiliados-para-potenciar-su-candidatura\/#article","isPartOf":{"@id":"https:\/\/hiox.com.ar\/hiox\/kicillof-buscara-darle-impronta-propia-al-pj-bonaerense-y-sumar-200-mil-nuevos-afiliados-para-potenciar-su-candidatura\/"},"author":{"name":"Source Author","@id":"https:\/\/hiox.com.ar\/hiox\/#\/schema\/person\/f70183b020df72016f0614086c3cf170"},"headline":"Kicillof buscar\u00e1 darle impronta propia al PJ bonaerense y sumar 200 mil nuevos afiliados para potenciar su candidatura","datePublished":"2026-04-26T05:53:32+00:00","mainEntityOfPage":{"@id":"https:\/\/hiox.com.ar\/hiox\/kicillof-buscara-darle-impronta-propia-al-pj-bonaerense-y-sumar-200-mil-nuevos-afiliados-para-potenciar-su-candidatura\/"},"wordCount":1480,"commentCount":0,"publisher":{"@id":"https:\/\/hiox.com.ar\/hiox\/#organization"},"image":{"@id":"https:\/\/hiox.com.ar\/hiox\/kicillof-buscara-darle-impronta-propia-al-pj-bonaerense-y-sumar-200-mil-nuevos-afiliados-para-potenciar-su-candidatura\/#primaryimage"},"thumbnailUrl":"https:\/\/www.infobae.com\/resizer\/v2\/KHHJZN3DXBGTZPATZNRGIXR4VI.jpg?auth=11a95986d4ef06f77d0f8b281c4ddc2d6e4bc16f3a6dfbbc1dccbaf39956228d&amp;smart=true&amp;width=7627&amp;height=5085","keywords":["Infobae","Informaci\u00f3n General","Noticias","Novedades"],"articleSection":["\ud83d\udcf0 Noticias \ud83d\uddde\ufe0f"],"inLanguage":"es","potentialAction":[{"@type":"CommentAction","name":"Comment","target":["https:\/\/hiox.com.ar\/hiox\/kicillof-buscara-darle-impronta-propia-al-pj-bonaerense-y-sumar-200-mil-nuevos-afiliados-para-potenciar-su-candidatura\/#respond"]}]},{"@type":["WebPage","ItemPage"],"@id":"https:\/\/hiox.com.ar\/hiox\/kicillof-buscara-darle-impronta-propia-al-pj-bonaerense-y-sumar-200-mil-nuevos-afiliados-para-potenciar-su-candidatura\/","url":"https:\/\/hiox.com.ar\/hiox\/kicillof-buscara-darle-impronta-propia-al-pj-bonaerense-y-sumar-200-mil-nuevos-afiliados-para-potenciar-su-candidatura\/","name":"Kicillof buscar\u00e1 darle impronta propia al PJ bonaerense y sumar 200 mil nuevos afiliados para potenciar su candidatura - HIOX","isPartOf":{"@id":"https:\/\/hiox.com.ar\/hiox\/#website"},"primaryImageOfPage":{"@id":"https:\/\/hiox.com.ar\/hiox\/kicillof-buscara-darle-impronta-propia-al-pj-bonaerense-y-sumar-200-mil-nuevos-afiliados-para-potenciar-su-candidatura\/#primaryimage"},"image":{"@id":"https:\/\/hiox.com.ar\/hiox\/kicillof-buscara-darle-impronta-propia-al-pj-bonaerense-y-sumar-200-mil-nuevos-afiliados-para-potenciar-su-candidatura\/#primaryimage"},"thumbnailUrl":"https:\/\/www.infobae.com\/resizer\/v2\/KHHJZN3DXBGTZPATZNRGIXR4VI.jpg?auth=11a95986d4ef06f77d0f8b281c4ddc2d6e4bc16f3a6dfbbc1dccbaf39956228d&amp;smart=true&amp;width=7627&amp;height=5085","datePublished":"2026-04-26T05:53:32+00:00","description":"Kicillof buscar\u00e1 darle impronta propia al PJ bonaerense y sumar 200 mil nuevos afiliados para potenciar su candidatura. Lanzar\u00e1 una app del partido para acelerar afiliaciones entre j\u00f3venes. Hoy, la mitad de los afiliados tiene m\u00e1s de 60 a\u00f1os. El rol pol\u00edtico que intentar\u00e1 darle y en qui\u00e9nes se va apoyar","breadcrumb":{"@id":"https:\/\/hiox.com.ar\/hiox\/kicillof-buscara-darle-impronta-propia-al-pj-bonaerense-y-sumar-200-mil-nuevos-afiliados-para-potenciar-su-candidatura\/#breadcrumb"},"inLanguage":"es","potentialAction":[{"@type":"ReadAction","target":["https:\/\/hiox.com.ar\/hiox\/kicillof-buscara-darle-impronta-propia-al-pj-bonaerense-y-sumar-200-mil-nuevos-afiliados-para-potenciar-su-candidatura\/"]}]},{"@type":"ImageObject","inLanguage":"es","@id":"https:\/\/hiox.com.ar\/hiox\/kicillof-buscara-darle-impronta-propia-al-pj-bonaerense-y-sumar-200-mil-nuevos-afiliados-para-potenciar-su-candidatura\/#primaryimage","url":"https:\/\/www.infobae.com\/resizer\/v2\/KHHJZN3DXBGTZPATZNRGIXR4VI.jpg?auth=11a95986d4ef06f77d0f8b281c4ddc2d6e4bc16f3a6dfbbc1dccbaf39956228d&amp;smart=true&amp;width=7627&amp;height=5085","contentUrl":"https:\/\/www.infobae.com\/resizer\/v2\/KHHJZN3DXBGTZPATZNRGIXR4VI.jpg?auth=11a95986d4ef06f77d0f8b281c4ddc2d6e4bc16f3a6dfbbc1dccbaf39956228d&amp;smart=true&amp;width=7627&amp;height=5085"},{"@type":"BreadcrumbList","@id":"https:\/\/hiox.com.ar\/hiox\/kicillof-buscara-darle-impronta-propia-al-pj-bonaerense-y-sumar-200-mil-nuevos-afiliados-para-potenciar-su-candidatura\/#breadcrumb","itemListElement":[{"@type":"ListItem","position":1,"name":"Portada","item":"https:\/\/hiox.com.ar\/hiox\/"},{"@type":"ListItem","position":2,"name":"Kicillof buscar\u00e1 darle impronta propia al PJ bonaerense y sumar 200 mil nuevos afiliados para potenciar su candidatura"}]},{"@type":"WebSite","@id":"https:\/\/hiox.com.ar\/hiox\/#website","url":"https:\/\/hiox.com.ar\/hiox\/","name":"HIOX","description":"Comercio Electronico","publisher":{"@id":"https:\/\/hiox.com.ar\/hiox\/#organization"},"potentialAction":[{"@type":"SearchAction","target":{"@type":"EntryPoint","urlTemplate":"https:\/\/hiox.com.ar\/hiox\/?s={search_term_string}"},"query-input":{"@type":"PropertyValueSpecification","valueRequired":true,"valueName":"search_term_string"}}],"inLanguage":"es"},{"@type":"Organization","@id":"https:\/\/hiox.com.ar\/hiox\/#organization","name":"HIOX","url":"https:\/\/hiox.com.ar\/hiox\/","logo":{"@type":"ImageObject","inLanguage":"es","@id":"https:\/\/hiox.com.ar\/hiox\/#\/schema\/logo\/image\/","url":"https:\/\/hiox.com.ar\/hiox\/wp-content\/uploads\/2025\/09\/cropped-hiox_logo-1.png","contentUrl":"https:\/\/hiox.com.ar\/hiox\/wp-content\/uploads\/2025\/09\/cropped-hiox_logo-1.png","width":491,"height":158,"caption":"HIOX"},"image":{"@id":"https:\/\/hiox.com.ar\/hiox\/#\/schema\/logo\/image\/"}},{"@type":"Person","@id":"https:\/\/hiox.com.ar\/hiox\/#\/schema\/person\/f70183b020df72016f0614086c3cf170","name":"Source Author","image":{"@type":"ImageObject","inLanguage":"es","@id":"https:\/\/secure.gravatar.com\/avatar\/428a8106f8313bec42aca4e38ea86950b6e88a21b0f2764f9f7a4365dc1017a5?s=96&d=mm&r=g","url":"https:\/\/secure.gravatar.com\/avatar\/428a8106f8313bec42aca4e38ea86950b6e88a21b0f2764f9f7a4365dc1017a5?s=96&d=mm&r=g","contentUrl":"https:\/\/secure.gravatar.com\/avatar\/428a8106f8313bec42aca4e38ea86950b6e88a21b0f2764f9f7a4365dc1017a5?s=96&d=mm&r=g","caption":"Source Author"},"url":"https:\/\/hiox.com.ar\/hiox\/author\/wpra-source-author-site-1\/"}]}},"_links":{"self":[{"href":"https:\/\/hiox.com.ar\/hiox\/wp-json\/wp\/v2\/posts\/3054","targetHints":{"allow":["GET"]}}],"collection":[{"href":"https:\/\/hiox.com.ar\/hiox\/wp-json\/wp\/v2\/posts"}],"about":[{"href":"https:\/\/hiox.com.ar\/hiox\/wp-json\/wp\/v2\/types\/post"}],"author":[{"embeddable":true,"href":"https:\/\/hiox.com.ar\/hiox\/wp-json\/wp\/v2\/users\/3"}],"replies":[{"embeddable":true,"href":"https:\/\/hiox.com.ar\/hiox\/wp-json\/wp\/v2\/comments?post=3054"}],"version-history":[{"count":0,"href":"https:\/\/hiox.com.ar\/hiox\/wp-json\/wp\/v2\/posts\/3054\/revisions"}],"wp:attachment":[{"href":"https:\/\/hiox.com.ar\/hiox\/wp-json\/wp\/v2\/media?parent=3054"}],"wp:term":[{"taxonomy":"category","embeddable":true,"href":"https:\/\/hiox.com.ar\/hiox\/wp-json\/wp\/v2\/categories?post=3054"},{"taxonomy":"post_tag","embeddable":true,"href":"https:\/\/hiox.com.ar\/hiox\/wp-json\/wp\/v2\/tags?post=3054"}],"curies":[{"name":"wp","href":"https:\/\/api.w.org\/{rel}","templated":true}]}}