{"id":3052,"date":"2026-04-25T02:54:53","date_gmt":"2026-04-25T05:54:53","guid":{"rendered":"https:\/\/hiox.com.ar\/hiox\/la-tragedia-de-amagasaki-una-curva-fatal-un-conductor-bajo-presion-y-la-vigilia-de-las-800-velas-que-marco-el-duelo-en-japon\/"},"modified":"2026-04-25T02:54:53","modified_gmt":"2026-04-25T05:54:53","slug":"la-tragedia-de-amagasaki-una-curva-fatal-un-conductor-bajo-presion-y-la-vigilia-de-las-800-velas-que-marco-el-duelo-en-japon","status":"publish","type":"post","link":"https:\/\/hiox.com.ar\/hiox\/la-tragedia-de-amagasaki-una-curva-fatal-un-conductor-bajo-presion-y-la-vigilia-de-las-800-velas-que-marco-el-duelo-en-japon\/","title":{"rendered":"La tragedia de Amagasaki: una curva fatal, un conductor bajo presi\u00f3n y la vigilia de las 800 velas que marc\u00f3 el duelo en Jap\u00f3n"},"content":{"rendered":"<p>Informaci\u00f3n detallada sobre <strong>La tragedia de Amagasaki: una curva fatal, un conductor bajo presi\u00f3n y la vigilia de las 800 velas que marc\u00f3 el duelo en Jap\u00f3n<\/strong>. Te traemos las \u00faltimas noticias sobre Noticia Infobae, un tema de gran inter\u00e9s para hoy 25 April, 2026.<\/p>\n<div class=\"entry-content-body\">\n<div><img loading=\"lazy\" decoding=\"async\" src=\"https:\/\/www.infobae.com\/resizer\/v2\/E4XTGULPWFDRPDUKWVCYYBNSUU.jpg?auth=22c828ece9eb87d8171fdfe1af10e9c42da72716207cbac8a2dd44a6c6133948&amp;smart=true&amp;width=1920&amp;height=1080\" alt=\"El desastre ferroviario de Amagasaki dej\u00f3 107 muertos y 562 heridos, convirti\u00e9ndose en el accidente de tren m\u00e1s mortal en Jap\u00f3n desde 1987 (ZUMA)\" height=\"1080\" width=\"1920\"><\/p>\n<p>El 25 de abril de 2005, la ciudad de Amagasaki, ubicada en la prefectura de Hyogo, fue el escenario del desastre ferroviario <b>con la mayor cantidad de v\u00edctimas mortales <\/b>registrado en Jap\u00f3n desde la privatizaci\u00f3n de los ferrocarriles nacionales en 1987. Durante el horario matutino, caracterizado por una m\u00e1xima afluencia de trabajadores y estudiantes, un tren operado por la principal empresa ferroviaria de la regi\u00f3n de Kansai, West Japan Railway Company, descarril\u00f3 mientras circulaba por la ruta de la l\u00ednea JR Takarazuka, tambi\u00e9n identificada en el sistema de transporte como l\u00ednea Fukuchiyama. <\/p>\n<p>La formaci\u00f3n ingres\u00f3 a una curva cerrada <b>excediendo ampliamente el l\u00edmite de velocidad <\/b>establecido para ese sector del recorrido. Lo que se debi\u00f3 directamente a una demora significativa en la aplicaci\u00f3n de los frenos por parte del maquinista. Al salirse de los rieles, los metales de los vagones impactaron violentamente contra un edificio de departamentos ubicado justo al lado de las v\u00edas. Ese choque provoc\u00f3 la muerte de <b>107 personas<\/b>, entre ellas <b>106 pasajeros <\/b>y el conductor, adem\u00e1s de dejar heridas a otras <b>562 <\/b> que viajaban en el tren.<\/p>\n<p>El origen de la falla operativa del conductor fue vinculado en las investigaciones a las estrictas pol\u00edticas de manejo de personal de la empresa de transporte. En la \u00e9poca del choque, West Japan Railway Company aplicaba un f\u00e9rreo <b>programa disciplinario de reeducaci\u00f3n<\/b> para el personal que comet\u00eda errores de cualquier \u00edndole durante su jornada laboral. Ese sistema, conocido internamente por la gerencia bajo el nombre de <b>\u201ceducaci\u00f3n de turno de d\u00eda\u201d<\/b>, consist\u00eda en obligar a los empleados sancionados a redactar extensas cartas de arrepentimiento. <\/p>\n<p><img loading=\"lazy\" decoding=\"async\" src=\"https:\/\/www.infobae.com\/resizer\/v2\/BUXTYC5Q6BFKTH6O2VOYCGROL4.jpg?auth=4cf26d46256f969861b17aa22ed35866749432d250cd8964c63b3159807173d0&amp;smart=true&amp;width=1511&amp;height=2303\" alt=\"El exceso de velocidad en la curva de Amagasaki y la ausencia de un sistema autom\u00e1tico de detenci\u00f3n generaron cr\u00edticas sobre las prioridades de inversi\u00f3n en seguridad ferroviaria (ZUMA)\" height=\"2303\" width=\"1511\"><\/p>\n<p>Los trabajadores tambi\u00e9n deb\u00edan soportar reprimendas verbales de sus superiores de forma constante mientras continuaban con otras tareas asignadas. El maquinista responsable del tren accidentado hab\u00eda pasado por ese r\u00e9gimen punitivo en tres ocasiones a lo largo de su carrera en la compa\u00f1\u00eda. Poco antes de llegar a la curva de Amagasaki en ese recorrido fatal, el mismo tren se hab\u00eda excedido de la marca de detenci\u00f3n en el and\u00e9n de una estaci\u00f3n anterior.<\/p>\n<p>Las autoridades concluyeron que el conductor experimentaba una profunda falta de concentraci\u00f3n consecuencia de la preocupaci\u00f3n extrema y el temor a enfrentar el programa de reeducaci\u00f3n una vez m\u00e1s por esa nueva falta t\u00e9cnica. Tras la repercusi\u00f3n social y medi\u00e1tica del accidente, que incluy\u00f3 presi\u00f3n de familiares de las v\u00edctimas y autoridades regulatorias, <b>la compa\u00f1\u00eda elimin\u00f3 definitivamente el programa disciplinario<\/b>. Adicionalmente, suspendi\u00f3 la imposici\u00f3n de sanciones al personal por cometer equivocaciones, incluyendo los casos donde dichas fallas derivaran en un accidente.<\/p>\n<p>En materia de infraestructura tecnol\u00f3gica, la revisi\u00f3n oficial revel\u00f3 la ausencia de un sistema de detenci\u00f3n autom\u00e1tica de trenes en el lugar del descarrilamiento. La falta de ese dispositivo preventivo obedeci\u00f3 a que la mesa directiva de West Japan Railway Company prioriz\u00f3 la inversi\u00f3n en el aumento de la velocidad de sus servicios <b>sobre la inyecci\u00f3n de capital en sistemas de seguridad<\/b>. En 1996, la compa\u00f1\u00eda hab\u00eda ejecutado obras para modificar el trazado original de las v\u00edas en ese sector espec\u00edfico, con el prop\u00f3sito de cerrar el \u00e1ngulo de giro de la curva. Masao Yamazaki, responsable de seguridad t\u00e9cnica en esos trabajos, enfrent\u00f3 cargos penales posteriormente. Yamazaki asumi\u00f3 la presidencia general de la empresa despu\u00e9s del choque, pero present\u00f3 su renuncia simult\u00e1neamente con su procesamiento dictado en 2009. El juicio civil y penal se desarroll\u00f3 en el Tribunal de Distrito de la ciudad de Kobe. En enero de 2012, el juez Makoto Okada absolvi\u00f3 a Yamazaki de todos los cargos imputados por la fiscal\u00eda. El fallo judicial dictamin\u00f3 la inexistencia de factores previsibles en la industria de la \u00e9poca que obligaran al acusado a instalar mecanismos de control de velocidad en el momento de la modificaci\u00f3n del trazado en la d\u00e9cada de los noventa.<\/p>\n<p><img loading=\"lazy\" decoding=\"async\" src=\"https:\/\/www.infobae.com\/resizer\/v2\/H2NAUXCJEVGRRPYWECBYWACSSY.jpg?auth=0cdf910081efaa6bc06202b30d5309f292b2f1b40d8bbfd8f5046ce44eea358b&amp;smart=true&amp;width=1134&amp;height=787\" alt=\"La investigaci\u00f3n vincul\u00f3 el choque de Amagasaki a una estricta pol\u00edtica disciplinaria laboral de West Japan Railway Company que afect\u00f3 la concentraci\u00f3n del conductor\" height=\"787\" width=\"1134\"><\/p>\n<p>Las familias de las v\u00edctimas tuvieron un rol participativo en la exigencia de reformas estructurales dentro de la empresa ferroviaria. Lograron un espacio in\u00e9dito para integrarse a las mesas de revisi\u00f3n del siniestro y formaron parte de las discusiones conjuntas sobre las medidas a aplicar en los protocolos. Esa intervenci\u00f3n de la sociedad civil forz\u00f3 a los gerentes a examinar en profundidad los graves problemas organizativos de la compa\u00f1\u00eda. A poco m\u00e1s de dos d\u00e9cadas de lo ocurrido, los reportes muestran que m\u00e1s del <b>70% de la plantilla laboral<\/b> de West Japan Railway Company ingres\u00f3 a la firma despu\u00e9s de aquel tr\u00e1gico 25 de abril de 2005. Como parte de las pol\u00edticas de concientizaci\u00f3n implementadas para instruir a las nuevas generaciones de empleados, la corporaci\u00f3n construy\u00f3 un recinto destinado a preservar intactos <b>los restos de uno de los vagones descarrilados<\/b>. Y expres\u00f3 que espera que ese lugar mantenga viva la percepci\u00f3n del riesgo y elimine el h\u00e1bito de encubrir errores operativos.<\/p>\n<p>Para honrar a las v\u00edctimas, se levant\u00f3 un predio conmemorativo en las inmediaciones del accidente, que recibi\u00f3 formalmente el nombre de Inori no Mori, expresi\u00f3n japonesa que significa Bosque de la Oraci\u00f3n. El 25 de abril de 2025, fecha que marc\u00f3 el vig\u00e9simo aniversario del descarrilamiento, cerca de 340 personas asistieron a una ceremonia organizada en en ese sitio. <\/p>\n<p>Entre los presentes hab\u00eda familiares de las v\u00edctimas, funcionarios y representantes de West Japan Railway Company. A las 09:18, coincidiendo con el instante del choque original, todos guardaron un minuto de silencio. A las 09:24, un tren expreso r\u00e1pido atraves\u00f3 la v\u00eda a una velocidad de apenas 25 km\/h, muy por debajo de la velocidad habitual de esa franja horaria. Varios pasajeros a bordo observaron el paisaje del predio con l\u00e1grimas en los ojos y juntaron sus manos en se\u00f1al de rezo.<\/p>\n<p><img loading=\"lazy\" decoding=\"async\" src=\"https:\/\/www.infobae.com\/resizer\/v2\/J7VQU2I7KNEPNONMDQ4EXARWGQ.jpg?auth=5f32deef88b89dc9e9759a598c85a8b3cc3e0e8ea6710b4e5dee03f8e9abe911&amp;smart=true&amp;width=1134&amp;height=904\" alt=\"Las familias de las v\u00edctimas participaron activamente en exigir reformas estructurales y cambios en los protocolos internos de West Japan Railway Company tras el accidente\" height=\"904\" width=\"1134\"><\/p>\n<p>En ese servicio lento viajaba Akihiko Ito, un empleado de 38 a\u00f1os que utilizaba las v\u00edas de la l\u00ednea de Takarazuka para sus traslados diarios desde hacia 15 a\u00f1os. Al pasar frente al Bosque de la Oraci\u00f3n, Ito manifest\u00f3 ante la prensa el dolor que sent\u00eda al recordar la p\u00e9rdida de vidas en ese punto. El pasajero pidi\u00f3 p\u00fablicamente a la concesionaria que se enfocara en operar los equipos garantizando la integridad de los usuarios regulares a partir del aprendizaje de aquel siniestro. Pocos minutos antes de cruzar la zona de la curva reconstruida, el guarda del servicio transmiti\u00f3 un mensaje a trav\u00e9s de la red de altavoces de los vagones. La declaraci\u00f3n de la tripulaci\u00f3n reafirm\u00f3 la decisi\u00f3n de mantener el <b>recuerdo del desastre en la labor diaria de los operarios.<\/b> El aviso sonoro prometi\u00f3 extremar las normativas para garantizar traslados seguros y devolver la tranquilidad a los pasajeros que pagan por el servicio ferroviario. Luego, a las <b>09:45<\/b>, comenzaron las actividades recordatorias en el centro Inori no Mori.<\/p>\n<p>Durante las \u00faltimas horas del 24 de abril de 2025, previo a la conmemoraci\u00f3n central, se realiz\u00f3 un evento nocturno en los terrenos del memorial. La actividad reuni\u00f3 a los familiares de las v\u00edctimas, quienes encendieron <b>800 velas<\/b> envueltas con mensajes manuscritos para sus seres queridos que murieron all\u00ed. La disposici\u00f3n de las velas sobre el suelo form\u00f3 la fecha del accidente junto a dos palabras en japon\u00e9s. La primera fue la expresi\u00f3n <i>\u201cWasurenai\u201d<\/i>, traducida como \u201cNo olvidaremos\u201d<i>.<\/i> Y luego se agreg\u00f3 la palabra <i>\u201cTsunagu\u201d<\/i>, cuyo significado es \u201cTransmitir\u201d. La incorporaci\u00f3n de ese vocablo busc\u00f3 enviar una petici\u00f3n expl\u00edcita a los actuales empleados de la firma y a la sociedad japonesa para sostener la prevenci\u00f3n en el futuro. Makoto Ueda, un hombre de 58 a\u00f1os que perdi\u00f3 a su cu\u00f1ado en el tren, fue el organizador principal de la vigilia de las velas que comenz\u00f3 en 2015, cuando se cumplieron diez a\u00f1os de la tragedia.<\/p>\n<p>A pesar de la constancia anual del tributo nocturno, Ueda comunic\u00f3 a la prensa que la edici\u00f3n de 2025 ser\u00eda la \u00faltima. La decisi\u00f3n se bas\u00f3 en la disminuci\u00f3n de la participaci\u00f3n de los sobrevivientes y familiares de v\u00edctimas a causa del paso del tiempo y del envejecimiento de los convocados. En la noche de cierre, representantes de la empresa y los ciudadanos encendieron las llamas conjuntamente. El iniciador de la tradici\u00f3n expres\u00f3 su deseo de que esa \u00faltima reuni\u00f3n ayudara <b>a los afectados a continuar con sus proyectos de vida<\/b>. <\/p>\n<p>Paralelamente, el debate sobre la prevenci\u00f3n mantiene vigencia ante la aparici\u00f3n de graves anomal\u00edas mec\u00e1nicas en otras redes del pa\u00eds. En 2017, se detect\u00f3 una grieta en el chasis de un tren bala de la l\u00ednea Nozomi, perteneciente a la ruta Tokaido-Sanyo. Aunque la tripulaci\u00f3n not\u00f3 ruidos extra\u00f1os, la unidad no detuvo su marcha. Bajo la administraci\u00f3n de <b>East Japan Railway Company<\/b>, tambi\u00e9n se registraron desprendimientos en movimiento de dos coches del expreso Hayabusa-Komachi en la l\u00ednea Tohoku Shinkansen durante 2024 y 2025.<\/p>\n<p>El recuerdo tr\u00e1gico del accidente de Amagasaki impuso nuevas exigencias para la industria ferroviaria japonesa, donde el control y la prevenci\u00f3n <b>se enfrentan a desaf\u00edos tecnol\u00f3gicos<\/b>. El caso todav\u00eda sirve de referencia obligada cada vez que surgen fallas graves y la poblaci\u00f3n demanda transparencia en las decisiones de inversi\u00f3n. Los salones del Inori no Mori ya forman parte de un esfuerzo por <b>transformar la memoria en cultura de seguridad<\/b>, no solo para la principal operadora de Hyogo y la regi\u00f3n de Kansai, sino para todas las personas relacionadas con el mundo ferroviario. <\/p>\n<\/div>\n<\/div>\n<hr \/>\n<p>Esta noticia sobre <strong>La tragedia de Amagasaki: una curva fatal, un conductor bajo presi\u00f3n y la vigilia de las 800 velas que marc\u00f3 el duelo en Jap\u00f3n<\/strong> fue publicada originalmente en <a href=\"https:\/\/www.infobae.com\/arc\/outboundfeeds\/rss\/\" target=\"_blank\" rel=\"nofollow\">Infobae.com<\/a>. Puedes ampliar la informaci\u00f3n siguiendo el enlace a la fuente original: <a href=\"https:\/\/www.infobae.com\/historias\/2026\/04\/25\/la-tragedia-de-amagasaki-una-curva-fatal-un-conductor-bajo-presion-y-la-vigilia-de-las-800-velas-que-marco-el-duelo-en-japon\/\" target=\"_blank\" rel=\"noopener noreferrer\">La tragedia de Amagasaki: una curva fatal, un conductor bajo presi\u00f3n y la vigilia de las 800 velas que marc\u00f3 el duelo en Jap\u00f3n<\/a>.<\/p>\n<p><small>Categor\u00eda: Noticia Infobae | Fecha: 25 April, 2026<\/small><\/p>\n","protected":false},"excerpt":{"rendered":"<div>Una ma\u00f1ana de abril de 2005 se transform\u00f3 en cat\u00e1strofe cuando un tren descarril\u00f3 y choc\u00f3 violentamente contra un edificio provocando la muerte de 107 personas y 562 heridos. Disciplina extrema, errores humanos y un homenaje conmovedor definieron el recuerdo del incidente que oblig\u00f3 a repensar la seguridad ferroviaria<\/div>\n","protected":false},"author":3,"featured_media":0,"comment_status":"open","ping_status":"open","sticky":false,"template":"","format":"standard","meta":{"site-sidebar-layout":"default","site-content-layout":"","ast-site-content-layout":"default","site-content-style":"default","site-sidebar-style":"default","ast-global-header-display":"","ast-banner-title-visibility":"","ast-main-header-display":"","ast-hfb-above-header-display":"","ast-hfb-below-header-display":"","ast-hfb-mobile-header-display":"","site-post-title":"","ast-breadcrumbs-content":"","ast-featured-img":"","footer-sml-layout":"","ast-disable-related-posts":"","theme-transparent-header-meta":"","adv-header-id-meta":"","stick-header-meta":"","header-above-stick-meta":"","header-main-stick-meta":"","header-below-stick-meta":"","astra-migrate-meta-layouts":"default","ast-page-background-enabled":"default","ast-page-background-meta":{"desktop":{"background-color":"var(--ast-global-color-5)","background-image":"","background-repeat":"repeat","background-position":"center center","background-size":"auto","background-attachment":"scroll","background-type":"","background-media":"","overlay-type":"","overlay-color":"","overlay-opacity":"","overlay-gradient":""},"tablet":{"background-color":"","background-image":"","background-repeat":"repeat","background-position":"center center","background-size":"auto","background-attachment":"scroll","background-type":"","background-media":"","overlay-type":"","overlay-color":"","overlay-opacity":"","overlay-gradient":""},"mobile":{"background-color":"","background-image":"","background-repeat":"repeat","background-position":"center center","background-size":"auto","background-attachment":"scroll","background-type":"","background-media":"","overlay-type":"","overlay-color":"","overlay-opacity":"","overlay-gradient":""}},"ast-content-background-meta":{"desktop":{"background-color":"var(--ast-global-color-4)","background-image":"","background-repeat":"repeat","background-position":"center center","background-size":"auto","background-attachment":"scroll","background-type":"","background-media":"","overlay-type":"","overlay-color":"","overlay-opacity":"","overlay-gradient":""},"tablet":{"background-color":"var(--ast-global-color-4)","background-image":"","background-repeat":"repeat","background-position":"center center","background-size":"auto","background-attachment":"scroll","background-type":"","background-media":"","overlay-type":"","overlay-color":"","overlay-opacity":"","overlay-gradient":""},"mobile":{"background-color":"var(--ast-global-color-4)","background-image":"","background-repeat":"repeat","background-position":"center center","background-size":"auto","background-attachment":"scroll","background-type":"","background-media":"","overlay-type":"","overlay-color":"","overlay-opacity":"","overlay-gradient":""}},"fifu_image_url":"","fifu_image_alt":"","footnotes":""},"categories":[23],"tags":[25,27,24,26],"class_list":["post-3052","post","type-post","status-publish","format-standard","hentry","category-noticias","tag-infobae","tag-informacion-general","tag-noticias","tag-novedades"],"yoast_head":"<!-- This site is optimized with the Yoast SEO plugin v27.5 - https:\/\/yoast.com\/product\/yoast-seo-wordpress\/ -->\n<title>La tragedia de Amagasaki: una curva fatal, un conductor bajo presi\u00f3n y la vigilia de las 800 velas que marc\u00f3 el duelo en Jap\u00f3n - HIOX<\/title>\n<meta name=\"description\" content=\"La tragedia de Amagasaki: una curva fatal, un conductor bajo presi\u00f3n y la vigilia de las 800 velas que marc\u00f3 el duelo en Jap\u00f3n. Una ma\u00f1ana de abril de 2005 se transform\u00f3 en cat\u00e1strofe cuando un tren descarril\u00f3 y choc\u00f3 violentamente contra un edificio provocando la muerte de 107 personas y 562 heridos. Disciplina extrema, errores humanos y un homenaje conmovedor definieron el recuerdo del incidente que oblig\u00f3 a repensar la seguridad ferroviaria\" \/>\n<meta name=\"robots\" content=\"index, follow, max-snippet:-1, max-image-preview:large, max-video-preview:-1\" \/>\n<link rel=\"canonical\" href=\"https:\/\/hiox.com.ar\/hiox\/la-tragedia-de-amagasaki-una-curva-fatal-un-conductor-bajo-presion-y-la-vigilia-de-las-800-velas-que-marco-el-duelo-en-japon\/\" \/>\n<meta property=\"og:locale\" content=\"es_ES\" \/>\n<meta property=\"og:type\" content=\"article\" \/>\n<meta property=\"og:title\" content=\"La tragedia de Amagasaki: una curva fatal, un conductor bajo presi\u00f3n y la vigilia de las 800 velas que marc\u00f3 el duelo en Jap\u00f3n - HIOX\" \/>\n<meta property=\"og:description\" content=\"La tragedia de Amagasaki: una curva fatal, un conductor bajo presi\u00f3n y la vigilia de las 800 velas que marc\u00f3 el duelo en Jap\u00f3n. Una ma\u00f1ana de abril de 2005 se transform\u00f3 en cat\u00e1strofe cuando un tren descarril\u00f3 y choc\u00f3 violentamente contra un edificio provocando la muerte de 107 personas y 562 heridos. Disciplina extrema, errores humanos y un homenaje conmovedor definieron el recuerdo del incidente que oblig\u00f3 a repensar la seguridad ferroviaria\" \/>\n<meta property=\"og:url\" content=\"https:\/\/hiox.com.ar\/hiox\/la-tragedia-de-amagasaki-una-curva-fatal-un-conductor-bajo-presion-y-la-vigilia-de-las-800-velas-que-marco-el-duelo-en-japon\/\" \/>\n<meta property=\"og:site_name\" content=\"HIOX\" \/>\n<meta property=\"article:published_time\" content=\"2026-04-25T05:54:53+00:00\" \/>\n<meta property=\"og:image\" content=\"https:\/\/www.infobae.com\/resizer\/v2\/E4XTGULPWFDRPDUKWVCYYBNSUU.jpg?auth=22c828ece9eb87d8171fdfe1af10e9c42da72716207cbac8a2dd44a6c6133948&amp;smart=true&amp;width=1920&amp;height=1080\" \/>\n<meta name=\"author\" content=\"Source Author\" \/>\n<meta name=\"twitter:card\" content=\"summary_large_image\" \/>\n<meta name=\"twitter:label1\" content=\"Escrito por\" \/>\n\t<meta name=\"twitter:data1\" content=\"Source Author\" \/>\n\t<meta name=\"twitter:label2\" content=\"Tiempo de lectura\" \/>\n\t<meta name=\"twitter:data2\" content=\"9 minutos\" \/>\n<script type=\"application\/ld+json\" class=\"yoast-schema-graph\">{\"@context\":\"https:\\\/\\\/schema.org\",\"@graph\":[{\"@type\":\"NewsArticle\",\"@id\":\"https:\\\/\\\/hiox.com.ar\\\/hiox\\\/la-tragedia-de-amagasaki-una-curva-fatal-un-conductor-bajo-presion-y-la-vigilia-de-las-800-velas-que-marco-el-duelo-en-japon\\\/#article\",\"isPartOf\":{\"@id\":\"https:\\\/\\\/hiox.com.ar\\\/hiox\\\/la-tragedia-de-amagasaki-una-curva-fatal-un-conductor-bajo-presion-y-la-vigilia-de-las-800-velas-que-marco-el-duelo-en-japon\\\/\"},\"author\":{\"name\":\"Source Author\",\"@id\":\"https:\\\/\\\/hiox.com.ar\\\/hiox\\\/#\\\/schema\\\/person\\\/f70183b020df72016f0614086c3cf170\"},\"headline\":\"La tragedia de Amagasaki: una curva fatal, un conductor bajo presi\u00f3n y la vigilia de las 800 velas que marc\u00f3 el duelo en Jap\u00f3n\",\"datePublished\":\"2026-04-25T05:54:53+00:00\",\"mainEntityOfPage\":{\"@id\":\"https:\\\/\\\/hiox.com.ar\\\/hiox\\\/la-tragedia-de-amagasaki-una-curva-fatal-un-conductor-bajo-presion-y-la-vigilia-de-las-800-velas-que-marco-el-duelo-en-japon\\\/\"},\"wordCount\":1769,\"commentCount\":0,\"publisher\":{\"@id\":\"https:\\\/\\\/hiox.com.ar\\\/hiox\\\/#organization\"},\"image\":{\"@id\":\"https:\\\/\\\/hiox.com.ar\\\/hiox\\\/la-tragedia-de-amagasaki-una-curva-fatal-un-conductor-bajo-presion-y-la-vigilia-de-las-800-velas-que-marco-el-duelo-en-japon\\\/#primaryimage\"},\"thumbnailUrl\":\"https:\\\/\\\/www.infobae.com\\\/resizer\\\/v2\\\/E4XTGULPWFDRPDUKWVCYYBNSUU.jpg?auth=22c828ece9eb87d8171fdfe1af10e9c42da72716207cbac8a2dd44a6c6133948&amp;smart=true&amp;width=1920&amp;height=1080\",\"keywords\":[\"Infobae\",\"Informaci\u00f3n General\",\"Noticias\",\"Novedades\"],\"articleSection\":[\"\ud83d\udcf0 Noticias \ud83d\uddde\ufe0f\"],\"inLanguage\":\"es\",\"potentialAction\":[{\"@type\":\"CommentAction\",\"name\":\"Comment\",\"target\":[\"https:\\\/\\\/hiox.com.ar\\\/hiox\\\/la-tragedia-de-amagasaki-una-curva-fatal-un-conductor-bajo-presion-y-la-vigilia-de-las-800-velas-que-marco-el-duelo-en-japon\\\/#respond\"]}]},{\"@type\":[\"WebPage\",\"ItemPage\"],\"@id\":\"https:\\\/\\\/hiox.com.ar\\\/hiox\\\/la-tragedia-de-amagasaki-una-curva-fatal-un-conductor-bajo-presion-y-la-vigilia-de-las-800-velas-que-marco-el-duelo-en-japon\\\/\",\"url\":\"https:\\\/\\\/hiox.com.ar\\\/hiox\\\/la-tragedia-de-amagasaki-una-curva-fatal-un-conductor-bajo-presion-y-la-vigilia-de-las-800-velas-que-marco-el-duelo-en-japon\\\/\",\"name\":\"La tragedia de Amagasaki: una curva fatal, un conductor bajo presi\u00f3n y la vigilia de las 800 velas que marc\u00f3 el duelo en Jap\u00f3n - HIOX\",\"isPartOf\":{\"@id\":\"https:\\\/\\\/hiox.com.ar\\\/hiox\\\/#website\"},\"primaryImageOfPage\":{\"@id\":\"https:\\\/\\\/hiox.com.ar\\\/hiox\\\/la-tragedia-de-amagasaki-una-curva-fatal-un-conductor-bajo-presion-y-la-vigilia-de-las-800-velas-que-marco-el-duelo-en-japon\\\/#primaryimage\"},\"image\":{\"@id\":\"https:\\\/\\\/hiox.com.ar\\\/hiox\\\/la-tragedia-de-amagasaki-una-curva-fatal-un-conductor-bajo-presion-y-la-vigilia-de-las-800-velas-que-marco-el-duelo-en-japon\\\/#primaryimage\"},\"thumbnailUrl\":\"https:\\\/\\\/www.infobae.com\\\/resizer\\\/v2\\\/E4XTGULPWFDRPDUKWVCYYBNSUU.jpg?auth=22c828ece9eb87d8171fdfe1af10e9c42da72716207cbac8a2dd44a6c6133948&amp;smart=true&amp;width=1920&amp;height=1080\",\"datePublished\":\"2026-04-25T05:54:53+00:00\",\"description\":\"La tragedia de Amagasaki: una curva fatal, un conductor bajo presi\u00f3n y la vigilia de las 800 velas que marc\u00f3 el duelo en Jap\u00f3n. Una ma\u00f1ana de abril de 2005 se transform\u00f3 en cat\u00e1strofe cuando un tren descarril\u00f3 y choc\u00f3 violentamente contra un edificio provocando la muerte de 107 personas y 562 heridos. Disciplina extrema, errores humanos y un homenaje conmovedor definieron el recuerdo del incidente que oblig\u00f3 a repensar la seguridad ferroviaria\",\"breadcrumb\":{\"@id\":\"https:\\\/\\\/hiox.com.ar\\\/hiox\\\/la-tragedia-de-amagasaki-una-curva-fatal-un-conductor-bajo-presion-y-la-vigilia-de-las-800-velas-que-marco-el-duelo-en-japon\\\/#breadcrumb\"},\"inLanguage\":\"es\",\"potentialAction\":[{\"@type\":\"ReadAction\",\"target\":[\"https:\\\/\\\/hiox.com.ar\\\/hiox\\\/la-tragedia-de-amagasaki-una-curva-fatal-un-conductor-bajo-presion-y-la-vigilia-de-las-800-velas-que-marco-el-duelo-en-japon\\\/\"]}]},{\"@type\":\"ImageObject\",\"inLanguage\":\"es\",\"@id\":\"https:\\\/\\\/hiox.com.ar\\\/hiox\\\/la-tragedia-de-amagasaki-una-curva-fatal-un-conductor-bajo-presion-y-la-vigilia-de-las-800-velas-que-marco-el-duelo-en-japon\\\/#primaryimage\",\"url\":\"https:\\\/\\\/www.infobae.com\\\/resizer\\\/v2\\\/E4XTGULPWFDRPDUKWVCYYBNSUU.jpg?auth=22c828ece9eb87d8171fdfe1af10e9c42da72716207cbac8a2dd44a6c6133948&amp;smart=true&amp;width=1920&amp;height=1080\",\"contentUrl\":\"https:\\\/\\\/www.infobae.com\\\/resizer\\\/v2\\\/E4XTGULPWFDRPDUKWVCYYBNSUU.jpg?auth=22c828ece9eb87d8171fdfe1af10e9c42da72716207cbac8a2dd44a6c6133948&amp;smart=true&amp;width=1920&amp;height=1080\"},{\"@type\":\"BreadcrumbList\",\"@id\":\"https:\\\/\\\/hiox.com.ar\\\/hiox\\\/la-tragedia-de-amagasaki-una-curva-fatal-un-conductor-bajo-presion-y-la-vigilia-de-las-800-velas-que-marco-el-duelo-en-japon\\\/#breadcrumb\",\"itemListElement\":[{\"@type\":\"ListItem\",\"position\":1,\"name\":\"Portada\",\"item\":\"https:\\\/\\\/hiox.com.ar\\\/hiox\\\/\"},{\"@type\":\"ListItem\",\"position\":2,\"name\":\"La tragedia de Amagasaki: una curva fatal, un conductor bajo presi\u00f3n y la vigilia de las 800 velas que marc\u00f3 el duelo en Jap\u00f3n\"}]},{\"@type\":\"WebSite\",\"@id\":\"https:\\\/\\\/hiox.com.ar\\\/hiox\\\/#website\",\"url\":\"https:\\\/\\\/hiox.com.ar\\\/hiox\\\/\",\"name\":\"HIOX\",\"description\":\"Comercio Electronico\",\"publisher\":{\"@id\":\"https:\\\/\\\/hiox.com.ar\\\/hiox\\\/#organization\"},\"potentialAction\":[{\"@type\":\"SearchAction\",\"target\":{\"@type\":\"EntryPoint\",\"urlTemplate\":\"https:\\\/\\\/hiox.com.ar\\\/hiox\\\/?s={search_term_string}\"},\"query-input\":{\"@type\":\"PropertyValueSpecification\",\"valueRequired\":true,\"valueName\":\"search_term_string\"}}],\"inLanguage\":\"es\"},{\"@type\":\"Organization\",\"@id\":\"https:\\\/\\\/hiox.com.ar\\\/hiox\\\/#organization\",\"name\":\"HIOX\",\"url\":\"https:\\\/\\\/hiox.com.ar\\\/hiox\\\/\",\"logo\":{\"@type\":\"ImageObject\",\"inLanguage\":\"es\",\"@id\":\"https:\\\/\\\/hiox.com.ar\\\/hiox\\\/#\\\/schema\\\/logo\\\/image\\\/\",\"url\":\"https:\\\/\\\/hiox.com.ar\\\/hiox\\\/wp-content\\\/uploads\\\/2025\\\/09\\\/cropped-hiox_logo-1.png\",\"contentUrl\":\"https:\\\/\\\/hiox.com.ar\\\/hiox\\\/wp-content\\\/uploads\\\/2025\\\/09\\\/cropped-hiox_logo-1.png\",\"width\":491,\"height\":158,\"caption\":\"HIOX\"},\"image\":{\"@id\":\"https:\\\/\\\/hiox.com.ar\\\/hiox\\\/#\\\/schema\\\/logo\\\/image\\\/\"}},{\"@type\":\"Person\",\"@id\":\"https:\\\/\\\/hiox.com.ar\\\/hiox\\\/#\\\/schema\\\/person\\\/f70183b020df72016f0614086c3cf170\",\"name\":\"Source Author\",\"image\":{\"@type\":\"ImageObject\",\"inLanguage\":\"es\",\"@id\":\"https:\\\/\\\/secure.gravatar.com\\\/avatar\\\/428a8106f8313bec42aca4e38ea86950b6e88a21b0f2764f9f7a4365dc1017a5?s=96&d=mm&r=g\",\"url\":\"https:\\\/\\\/secure.gravatar.com\\\/avatar\\\/428a8106f8313bec42aca4e38ea86950b6e88a21b0f2764f9f7a4365dc1017a5?s=96&d=mm&r=g\",\"contentUrl\":\"https:\\\/\\\/secure.gravatar.com\\\/avatar\\\/428a8106f8313bec42aca4e38ea86950b6e88a21b0f2764f9f7a4365dc1017a5?s=96&d=mm&r=g\",\"caption\":\"Source Author\"},\"url\":\"https:\\\/\\\/hiox.com.ar\\\/hiox\\\/author\\\/wpra-source-author-site-1\\\/\"}]}<\/script>\n<!-- \/ Yoast SEO plugin. -->","yoast_head_json":{"title":"La tragedia de Amagasaki: una curva fatal, un conductor bajo presi\u00f3n y la vigilia de las 800 velas que marc\u00f3 el duelo en Jap\u00f3n - HIOX","description":"La tragedia de Amagasaki: una curva fatal, un conductor bajo presi\u00f3n y la vigilia de las 800 velas que marc\u00f3 el duelo en Jap\u00f3n. Una ma\u00f1ana de abril de 2005 se transform\u00f3 en cat\u00e1strofe cuando un tren descarril\u00f3 y choc\u00f3 violentamente contra un edificio provocando la muerte de 107 personas y 562 heridos. Disciplina extrema, errores humanos y un homenaje conmovedor definieron el recuerdo del incidente que oblig\u00f3 a repensar la seguridad ferroviaria","robots":{"index":"index","follow":"follow","max-snippet":"max-snippet:-1","max-image-preview":"max-image-preview:large","max-video-preview":"max-video-preview:-1"},"canonical":"https:\/\/hiox.com.ar\/hiox\/la-tragedia-de-amagasaki-una-curva-fatal-un-conductor-bajo-presion-y-la-vigilia-de-las-800-velas-que-marco-el-duelo-en-japon\/","og_locale":"es_ES","og_type":"article","og_title":"La tragedia de Amagasaki: una curva fatal, un conductor bajo presi\u00f3n y la vigilia de las 800 velas que marc\u00f3 el duelo en Jap\u00f3n - HIOX","og_description":"La tragedia de Amagasaki: una curva fatal, un conductor bajo presi\u00f3n y la vigilia de las 800 velas que marc\u00f3 el duelo en Jap\u00f3n. Una ma\u00f1ana de abril de 2005 se transform\u00f3 en cat\u00e1strofe cuando un tren descarril\u00f3 y choc\u00f3 violentamente contra un edificio provocando la muerte de 107 personas y 562 heridos. Disciplina extrema, errores humanos y un homenaje conmovedor definieron el recuerdo del incidente que oblig\u00f3 a repensar la seguridad ferroviaria","og_url":"https:\/\/hiox.com.ar\/hiox\/la-tragedia-de-amagasaki-una-curva-fatal-un-conductor-bajo-presion-y-la-vigilia-de-las-800-velas-que-marco-el-duelo-en-japon\/","og_site_name":"HIOX","article_published_time":"2026-04-25T05:54:53+00:00","og_image":[{"url":"https:\/\/www.infobae.com\/resizer\/v2\/E4XTGULPWFDRPDUKWVCYYBNSUU.jpg?auth=22c828ece9eb87d8171fdfe1af10e9c42da72716207cbac8a2dd44a6c6133948&amp;smart=true&amp;width=1920&amp;height=1080","type":"","width":"","height":""}],"author":"Source Author","twitter_card":"summary_large_image","twitter_misc":{"Escrito por":"Source Author","Tiempo de lectura":"9 minutos"},"schema":{"@context":"https:\/\/schema.org","@graph":[{"@type":"NewsArticle","@id":"https:\/\/hiox.com.ar\/hiox\/la-tragedia-de-amagasaki-una-curva-fatal-un-conductor-bajo-presion-y-la-vigilia-de-las-800-velas-que-marco-el-duelo-en-japon\/#article","isPartOf":{"@id":"https:\/\/hiox.com.ar\/hiox\/la-tragedia-de-amagasaki-una-curva-fatal-un-conductor-bajo-presion-y-la-vigilia-de-las-800-velas-que-marco-el-duelo-en-japon\/"},"author":{"name":"Source Author","@id":"https:\/\/hiox.com.ar\/hiox\/#\/schema\/person\/f70183b020df72016f0614086c3cf170"},"headline":"La tragedia de Amagasaki: una curva fatal, un conductor bajo presi\u00f3n y la vigilia de las 800 velas que marc\u00f3 el duelo en Jap\u00f3n","datePublished":"2026-04-25T05:54:53+00:00","mainEntityOfPage":{"@id":"https:\/\/hiox.com.ar\/hiox\/la-tragedia-de-amagasaki-una-curva-fatal-un-conductor-bajo-presion-y-la-vigilia-de-las-800-velas-que-marco-el-duelo-en-japon\/"},"wordCount":1769,"commentCount":0,"publisher":{"@id":"https:\/\/hiox.com.ar\/hiox\/#organization"},"image":{"@id":"https:\/\/hiox.com.ar\/hiox\/la-tragedia-de-amagasaki-una-curva-fatal-un-conductor-bajo-presion-y-la-vigilia-de-las-800-velas-que-marco-el-duelo-en-japon\/#primaryimage"},"thumbnailUrl":"https:\/\/www.infobae.com\/resizer\/v2\/E4XTGULPWFDRPDUKWVCYYBNSUU.jpg?auth=22c828ece9eb87d8171fdfe1af10e9c42da72716207cbac8a2dd44a6c6133948&amp;smart=true&amp;width=1920&amp;height=1080","keywords":["Infobae","Informaci\u00f3n General","Noticias","Novedades"],"articleSection":["\ud83d\udcf0 Noticias \ud83d\uddde\ufe0f"],"inLanguage":"es","potentialAction":[{"@type":"CommentAction","name":"Comment","target":["https:\/\/hiox.com.ar\/hiox\/la-tragedia-de-amagasaki-una-curva-fatal-un-conductor-bajo-presion-y-la-vigilia-de-las-800-velas-que-marco-el-duelo-en-japon\/#respond"]}]},{"@type":["WebPage","ItemPage"],"@id":"https:\/\/hiox.com.ar\/hiox\/la-tragedia-de-amagasaki-una-curva-fatal-un-conductor-bajo-presion-y-la-vigilia-de-las-800-velas-que-marco-el-duelo-en-japon\/","url":"https:\/\/hiox.com.ar\/hiox\/la-tragedia-de-amagasaki-una-curva-fatal-un-conductor-bajo-presion-y-la-vigilia-de-las-800-velas-que-marco-el-duelo-en-japon\/","name":"La tragedia de Amagasaki: una curva fatal, un conductor bajo presi\u00f3n y la vigilia de las 800 velas que marc\u00f3 el duelo en Jap\u00f3n - HIOX","isPartOf":{"@id":"https:\/\/hiox.com.ar\/hiox\/#website"},"primaryImageOfPage":{"@id":"https:\/\/hiox.com.ar\/hiox\/la-tragedia-de-amagasaki-una-curva-fatal-un-conductor-bajo-presion-y-la-vigilia-de-las-800-velas-que-marco-el-duelo-en-japon\/#primaryimage"},"image":{"@id":"https:\/\/hiox.com.ar\/hiox\/la-tragedia-de-amagasaki-una-curva-fatal-un-conductor-bajo-presion-y-la-vigilia-de-las-800-velas-que-marco-el-duelo-en-japon\/#primaryimage"},"thumbnailUrl":"https:\/\/www.infobae.com\/resizer\/v2\/E4XTGULPWFDRPDUKWVCYYBNSUU.jpg?auth=22c828ece9eb87d8171fdfe1af10e9c42da72716207cbac8a2dd44a6c6133948&amp;smart=true&amp;width=1920&amp;height=1080","datePublished":"2026-04-25T05:54:53+00:00","description":"La tragedia de Amagasaki: una curva fatal, un conductor bajo presi\u00f3n y la vigilia de las 800 velas que marc\u00f3 el duelo en Jap\u00f3n. Una ma\u00f1ana de abril de 2005 se transform\u00f3 en cat\u00e1strofe cuando un tren descarril\u00f3 y choc\u00f3 violentamente contra un edificio provocando la muerte de 107 personas y 562 heridos. Disciplina extrema, errores humanos y un homenaje conmovedor definieron el recuerdo del incidente que oblig\u00f3 a repensar la seguridad ferroviaria","breadcrumb":{"@id":"https:\/\/hiox.com.ar\/hiox\/la-tragedia-de-amagasaki-una-curva-fatal-un-conductor-bajo-presion-y-la-vigilia-de-las-800-velas-que-marco-el-duelo-en-japon\/#breadcrumb"},"inLanguage":"es","potentialAction":[{"@type":"ReadAction","target":["https:\/\/hiox.com.ar\/hiox\/la-tragedia-de-amagasaki-una-curva-fatal-un-conductor-bajo-presion-y-la-vigilia-de-las-800-velas-que-marco-el-duelo-en-japon\/"]}]},{"@type":"ImageObject","inLanguage":"es","@id":"https:\/\/hiox.com.ar\/hiox\/la-tragedia-de-amagasaki-una-curva-fatal-un-conductor-bajo-presion-y-la-vigilia-de-las-800-velas-que-marco-el-duelo-en-japon\/#primaryimage","url":"https:\/\/www.infobae.com\/resizer\/v2\/E4XTGULPWFDRPDUKWVCYYBNSUU.jpg?auth=22c828ece9eb87d8171fdfe1af10e9c42da72716207cbac8a2dd44a6c6133948&amp;smart=true&amp;width=1920&amp;height=1080","contentUrl":"https:\/\/www.infobae.com\/resizer\/v2\/E4XTGULPWFDRPDUKWVCYYBNSUU.jpg?auth=22c828ece9eb87d8171fdfe1af10e9c42da72716207cbac8a2dd44a6c6133948&amp;smart=true&amp;width=1920&amp;height=1080"},{"@type":"BreadcrumbList","@id":"https:\/\/hiox.com.ar\/hiox\/la-tragedia-de-amagasaki-una-curva-fatal-un-conductor-bajo-presion-y-la-vigilia-de-las-800-velas-que-marco-el-duelo-en-japon\/#breadcrumb","itemListElement":[{"@type":"ListItem","position":1,"name":"Portada","item":"https:\/\/hiox.com.ar\/hiox\/"},{"@type":"ListItem","position":2,"name":"La tragedia de Amagasaki: una curva fatal, un conductor bajo presi\u00f3n y la vigilia de las 800 velas que marc\u00f3 el duelo en Jap\u00f3n"}]},{"@type":"WebSite","@id":"https:\/\/hiox.com.ar\/hiox\/#website","url":"https:\/\/hiox.com.ar\/hiox\/","name":"HIOX","description":"Comercio Electronico","publisher":{"@id":"https:\/\/hiox.com.ar\/hiox\/#organization"},"potentialAction":[{"@type":"SearchAction","target":{"@type":"EntryPoint","urlTemplate":"https:\/\/hiox.com.ar\/hiox\/?s={search_term_string}"},"query-input":{"@type":"PropertyValueSpecification","valueRequired":true,"valueName":"search_term_string"}}],"inLanguage":"es"},{"@type":"Organization","@id":"https:\/\/hiox.com.ar\/hiox\/#organization","name":"HIOX","url":"https:\/\/hiox.com.ar\/hiox\/","logo":{"@type":"ImageObject","inLanguage":"es","@id":"https:\/\/hiox.com.ar\/hiox\/#\/schema\/logo\/image\/","url":"https:\/\/hiox.com.ar\/hiox\/wp-content\/uploads\/2025\/09\/cropped-hiox_logo-1.png","contentUrl":"https:\/\/hiox.com.ar\/hiox\/wp-content\/uploads\/2025\/09\/cropped-hiox_logo-1.png","width":491,"height":158,"caption":"HIOX"},"image":{"@id":"https:\/\/hiox.com.ar\/hiox\/#\/schema\/logo\/image\/"}},{"@type":"Person","@id":"https:\/\/hiox.com.ar\/hiox\/#\/schema\/person\/f70183b020df72016f0614086c3cf170","name":"Source Author","image":{"@type":"ImageObject","inLanguage":"es","@id":"https:\/\/secure.gravatar.com\/avatar\/428a8106f8313bec42aca4e38ea86950b6e88a21b0f2764f9f7a4365dc1017a5?s=96&d=mm&r=g","url":"https:\/\/secure.gravatar.com\/avatar\/428a8106f8313bec42aca4e38ea86950b6e88a21b0f2764f9f7a4365dc1017a5?s=96&d=mm&r=g","contentUrl":"https:\/\/secure.gravatar.com\/avatar\/428a8106f8313bec42aca4e38ea86950b6e88a21b0f2764f9f7a4365dc1017a5?s=96&d=mm&r=g","caption":"Source Author"},"url":"https:\/\/hiox.com.ar\/hiox\/author\/wpra-source-author-site-1\/"}]}},"_links":{"self":[{"href":"https:\/\/hiox.com.ar\/hiox\/wp-json\/wp\/v2\/posts\/3052","targetHints":{"allow":["GET"]}}],"collection":[{"href":"https:\/\/hiox.com.ar\/hiox\/wp-json\/wp\/v2\/posts"}],"about":[{"href":"https:\/\/hiox.com.ar\/hiox\/wp-json\/wp\/v2\/types\/post"}],"author":[{"embeddable":true,"href":"https:\/\/hiox.com.ar\/hiox\/wp-json\/wp\/v2\/users\/3"}],"replies":[{"embeddable":true,"href":"https:\/\/hiox.com.ar\/hiox\/wp-json\/wp\/v2\/comments?post=3052"}],"version-history":[{"count":0,"href":"https:\/\/hiox.com.ar\/hiox\/wp-json\/wp\/v2\/posts\/3052\/revisions"}],"wp:attachment":[{"href":"https:\/\/hiox.com.ar\/hiox\/wp-json\/wp\/v2\/media?parent=3052"}],"wp:term":[{"taxonomy":"category","embeddable":true,"href":"https:\/\/hiox.com.ar\/hiox\/wp-json\/wp\/v2\/categories?post=3052"},{"taxonomy":"post_tag","embeddable":true,"href":"https:\/\/hiox.com.ar\/hiox\/wp-json\/wp\/v2\/tags?post=3052"}],"curies":[{"name":"wp","href":"https:\/\/api.w.org\/{rel}","templated":true}]}}