{"id":3050,"date":"2026-04-25T02:51:24","date_gmt":"2026-04-25T05:51:24","guid":{"rendered":"https:\/\/hiox.com.ar\/hiox\/jury-a-los-fiscales-del-caso-nora-dalmasso-las-claves-de-la-primera-semana\/"},"modified":"2026-04-25T02:51:24","modified_gmt":"2026-04-25T05:51:24","slug":"jury-a-los-fiscales-del-caso-nora-dalmasso-las-claves-de-la-primera-semana","status":"publish","type":"post","link":"https:\/\/hiox.com.ar\/hiox\/jury-a-los-fiscales-del-caso-nora-dalmasso-las-claves-de-la-primera-semana\/","title":{"rendered":"Jury a los fiscales del caso Nora Dalmasso: las claves de la primera semana"},"content":{"rendered":"<p>Informaci\u00f3n detallada sobre <strong>Jury a los fiscales del caso Nora Dalmasso: las claves de la primera semana<\/strong>. Te traemos las \u00faltimas noticias sobre Noticia Infobae, un tema de gran inter\u00e9s para hoy 25 April, 2026.<\/p>\n<div class=\"entry-content-body\">\n<div><img loading=\"lazy\" decoding=\"async\" src=\"https:\/\/www.infobae.com\/resizer\/v2\/DP54CFDJXVDJZAPW27PCWQT4OI.jpg?auth=695fa8f92308fbee0a6effbaa076c288b0bb38a7b76292c974b3e6cbddb88c6d&amp;smart=true&amp;width=990&amp;height=655\" alt=\"El Jury de Enjuiciamiento\" height=\"655\" width=\"990\"><\/p>\n<p>La primera semana del jury contra los tres fiscales que investigaron el asesinato de <a href=\"https:\/\/www.infobae.com\/tag\/nora-dalmasso\/\" target=\"_blank\" rel=\"noreferrer\" title=\"https:\/\/www.infobae.com\/tag\/nora-dalmasso\/\"><b>Nora Dalmasso<\/b><\/a> en <b>R\u00edo Cuarto<\/b> estuvo marcada por <b>acusaciones de mal desempe\u00f1o, testimonios cr\u00edticos y revelaciones sobre la gesti\u00f3n de la escena del crimen ocurrido en noviembre de 2006<\/b>. <\/p>\n<p>El proceso, que se desarrolla 20 a\u00f1os despu\u00e9s del crimen, tiene como acusados a <b>Javier Di Santo<\/b>, <b>Daniel Miralles<\/b> y <b>Luis Pizarro,<\/b> quienes respondieron a se\u00f1alamientos de <b>negligencia grave<\/b> en sus funciones y defendieron la exhaustividad de su investigaci\u00f3n. Especialmente en torno a <b>Roberto B\u00e1rzola<\/b>,<b> <\/b>el presunto asesino, quien fue descubierto por el fiscal Pablo J\u00e1vega en 2024 a partir de las pruebas <b>que estuvieron desde el d\u00eda uno en el expediente.<\/b><\/p>\n<p>Las audiencias iniciales incluyeron <b>declaraciones de familiares de la v\u00edctima<\/b>. <b>Facundo Macarr\u00f3n<\/b>, hijo de Nora, denunci\u00f3: \u201cPensamos que hab\u00eda mala praxis y vemos que hay delito\u201d. <b>Valentina Macarr\u00f3n,<\/b> por su parte,<b> acompa\u00f1\u00f3 la postura de su hermano<\/b>, subrayando la necesidad de una revisi\u00f3n profunda del accionar fiscal y<b> se\u00f1alando la sensaci\u00f3n de desprotecci\u00f3n <\/b>que vivi\u00f3 la familia a lo largo de todos estos a\u00f1os.<\/p>\n<p>El hermano de la v\u00edcitma, <b>Juan Dalmasso<\/b>, calific\u00f3 la investigaci\u00f3n como <b>\u201cun descontrol\u201d; <\/b>mientras que<b> Marcelo Macarr\u00f3n, el viudo, <\/b>expres\u00f3 su malestar por el manejo de la causa, reiter\u00f3 que la familia siempre esper\u00f3 una actuaci\u00f3n transparente y profesional<b> <\/b>de los fiscales, y reclam\u00f3 que el eje nunca debi\u00f3 haberse <b>desviado de los hechos comprobados.<\/b><\/p>\n<p><img loading=\"lazy\" decoding=\"async\" src=\"https:\/\/www.infobae.com\/resizer\/v2\/MD5NF7J53VDKHDVEFKPMWQXGAE.jpg?auth=5182d093d456b533e52c92f8794cf6b702c735cb1a321d805fa380f94ee6d9a4&amp;smart=true&amp;width=2749&amp;height=1547\" alt=\"Nora Dalmasso\" height=\"1547\" width=\"2749\"><\/p>\n<p>Durante la segunda y tercera jornada, peritos y forenses convocados por el tribunal subrayaron <b>deficiencias en el manejo de la escena del crimen<\/b>. El forense <b>Mart\u00edn Subirachs, <\/b>por ejemplo, detall\u00f3 en su intervenci\u00f3n que \u201cno ten\u00edan insumos\u201d y debi\u00f3 improvisar ante la falta de materiales est\u00e9riles, lo que dificult\u00f3 una labor adecuada en el lugar donde se hall\u00f3 el cuerpo de Dalmasso. <\/p>\n<p>Tambi\u00e9n declar\u00f3 el fiscal <b>Fernando Juan Moine<\/b>, quien colabor\u00f3 en la etapa inicial de la investigaci\u00f3n y <b>Miguel Rohrer, <\/b>el empresario al que la familia de la v\u00edctima apuntaba por el homicidio, que fue una de las declaraciones llamativas de la cuarta audiencia.<\/p>\n<p>El testigo, ante los jueces del jury, acus\u00f3 a los Macarr\u00f3n <b>de no querer que se esclarezca el homicidio<\/b>. En este sentido, tambi\u00e9n dijo que el viudo nunca estuvo \u201cdolido por la muerte de su esposa\u201d.<\/p>\n<p><b>El cronograma de audiencias se extender\u00e1<\/b> <b>hasta la pr\u00f3xima semana<\/b> y, una vez concluida la etapa testimonial, se fijar\u00e1 la fecha para la presentaci\u00f3n de los alegatos de las partes. Fuentes judiciales indicaron que el Jurado de Enjuiciamiento <b>deber\u00e1 emitir una resoluci\u00f3n antes del 28 de mayo.<\/b> La decisi\u00f3n final se limitar\u00e1 a determinar si corresponde o no la destituci\u00f3n de los fiscales involucrados.<\/p>\n<h2>Qu\u00e9 declararon los fiscales<\/h2>\n<p>En sus exposiciones, <b>los tres funcionarios rechazaron los cargos<\/b>, defendieron las hip\u00f3tesis que guiaron sus decisiones y negaron haber omitido l\u00edneas relevantes. Sin embargo, uno de los momentos m\u00e1s tensos de la primera audiencia se produjo durante la declaraci\u00f3n de <b>Daniel Miralles<\/b>, quien se refiri\u00f3 a la decisi\u00f3n de no avanzar en su momento con una toma masiva de ADN.<\/p>\n<p>El fiscal defendi\u00f3 esa decisi\u00f3n con un argumento que gener\u00f3 controversia. \u201cEn el caso de B\u00e1rzola, ya que estamos hablando tanto de B\u00e1rzola, \u00bfno se le design\u00f3 abogado defensor? As\u00ed queremos trabajar. <b>Se pidieron 30 ADN, pero esos 30 ADN eran la primera tanda. Hab\u00eda una lista hipot\u00e9tica de 200. Como dicen ahora vulgarmente, le vamos a pinchar el brazo al que pasaba por el golf para ver qui\u00e9n hab\u00eda sido. No, est\u00e1 mal<\/b>\u201d, sostuvo durante la audiencia.<\/p>\n<p><img loading=\"lazy\" decoding=\"async\" src=\"https:\/\/www.infobae.com\/resizer\/v2\/HP2XWDWGQVCVTBQSEJ5I6O4IFQ.jpg?auth=320ce4899c916b3967624fe0c52e3ea919258ad08b3cc86496f75d3e65872456&amp;smart=true&amp;width=1920&amp;height=1080\" alt=\"Javier Di Santo, Daniel Miralles y Luis Pizarro, los fiscales\" height=\"1080\" width=\"1920\"><\/p>\n<p>A su turno, el abogado de la familia Macarr\u00f3n cuestion\u00f3 ese planteo. Seg\u00fan supo este medio, el letrado se\u00f1al\u00f3 que los fiscales Di Santo y Miralles <b>ordenaron an\u00e1lisis de ADN sobre personas que no estaban imputadas, pero no avanzaron sobre B\u00e1rzola<\/b>, pese a que exist\u00edan indicios de que hab\u00eda estado en el lugar y momento del hecho, que habr\u00eda mentido para justificar su presencia y que sab\u00eda que Dalmasso estaba sola. Adem\u00e1s, remarc\u00f3 que no explicaron por qu\u00e9 fue descartado como sospechoso.<\/p>\n<p>En ese sentido, tambi\u00e9n cuestion\u00f3 la imputaci\u00f3n de Facundo Macarr\u00f3n. \u201c<b>\u00bfPor qu\u00e9 deriv\u00f3 la investigaci\u00f3n hacia Facundo?<\/b> No lo sabemos. Entendemos que no existieron motivos suficientes para no investigar otras hip\u00f3tesis ni para acusarlo con un nivel de sospecha leve\u201d, afirm\u00f3 Liebau.<\/p>\n<h2>\u201cMi mam\u00e1 y nosotros nos merecemos justicia\u201d<\/h2>\n<p>Antes de que comenzara la primera audiencia, <b>Facundo Macarr\u00f3n<\/b>, hijo de Nora Dalmasso, critic\u00f3 a los tres fiscales ante la prensa y reclam\u00f3 avances concretos. \u201cLo que pedimos es que sean destituidos, que esto no pase nunca m\u00e1s. <b>Mi mam\u00e1 y nosotros nos merecemos justicia<\/b>\u201d, sostuvo. Y agreg\u00f3: \u201cLos fiscales deben dar explicaciones y el asesino tiene que estar preso. Yo no puedo volver a R\u00edo Cuarto porque el asesino est\u00e1 suelto\u201d.<\/p>\n<p>En la misma l\u00ednea, su abogada, <b>Mar\u00eda \u00c1ngeles Mussolini<\/b>, plante\u00f3 que la expectativa de la familia est\u00e1 puesta en obtener respuestas sobre lo ocurrido durante la investigaci\u00f3n. <b>\u201cQuieren saber por qu\u00e9 pas\u00f3 lo que pas\u00f3, por qu\u00e9 no se tom\u00f3 el ADN en tiempo y forma y por qu\u00e9 hoy est\u00e1n peleando para que la causa no prescriba. Es lo que quiere toda la sociedad\u201d<\/b>, le dijo a <b>Infobae<\/b>.<\/p>\n<\/div>\n<\/div>\n<hr \/>\n<p>Esta noticia sobre <strong>Jury a los fiscales del caso Nora Dalmasso: las claves de la primera semana<\/strong> fue publicada originalmente en <a href=\"https:\/\/www.infobae.com\/arc\/outboundfeeds\/rss\/\" target=\"_blank\" rel=\"nofollow\">Infobae.com<\/a>. Puedes ampliar la informaci\u00f3n siguiendo el enlace a la fuente original: <a href=\"https:\/\/www.infobae.com\/sociedad\/policiales\/2026\/04\/25\/jury-a-los-fiscales-del-caso-nora-dalmasso-las-claves-de-la-primera-semana\/\" target=\"_blank\" rel=\"noopener noreferrer\">Jury a los fiscales del caso Nora Dalmasso: las claves de la primera semana<\/a>.<\/p>\n<p><small>Categor\u00eda: Noticia Infobae | Fecha: 25 April, 2026<\/small><\/p>\n","protected":false},"excerpt":{"rendered":"<div>El proceso se desarrolla en la Legislatura de C\u00f3rdoba a 20 a\u00f1os del crimen. Declar\u00f3 la familia de la v\u00edctima, los funcionarios acusados y peritos que intervinieron en la investigaci\u00f3n<\/div>\n","protected":false},"author":3,"featured_media":0,"comment_status":"open","ping_status":"open","sticky":false,"template":"","format":"standard","meta":{"site-sidebar-layout":"default","site-content-layout":"","ast-site-content-layout":"default","site-content-style":"default","site-sidebar-style":"default","ast-global-header-display":"","ast-banner-title-visibility":"","ast-main-header-display":"","ast-hfb-above-header-display":"","ast-hfb-below-header-display":"","ast-hfb-mobile-header-display":"","site-post-title":"","ast-breadcrumbs-content":"","ast-featured-img":"","footer-sml-layout":"","ast-disable-related-posts":"","theme-transparent-header-meta":"","adv-header-id-meta":"","stick-header-meta":"","header-above-stick-meta":"","header-main-stick-meta":"","header-below-stick-meta":"","astra-migrate-meta-layouts":"default","ast-page-background-enabled":"default","ast-page-background-meta":{"desktop":{"background-color":"var(--ast-global-color-5)","background-image":"","background-repeat":"repeat","background-position":"center center","background-size":"auto","background-attachment":"scroll","background-type":"","background-media":"","overlay-type":"","overlay-color":"","overlay-opacity":"","overlay-gradient":""},"tablet":{"background-color":"","background-image":"","background-repeat":"repeat","background-position":"center center","background-size":"auto","background-attachment":"scroll","background-type":"","background-media":"","overlay-type":"","overlay-color":"","overlay-opacity":"","overlay-gradient":""},"mobile":{"background-color":"","background-image":"","background-repeat":"repeat","background-position":"center center","background-size":"auto","background-attachment":"scroll","background-type":"","background-media":"","overlay-type":"","overlay-color":"","overlay-opacity":"","overlay-gradient":""}},"ast-content-background-meta":{"desktop":{"background-color":"var(--ast-global-color-4)","background-image":"","background-repeat":"repeat","background-position":"center center","background-size":"auto","background-attachment":"scroll","background-type":"","background-media":"","overlay-type":"","overlay-color":"","overlay-opacity":"","overlay-gradient":""},"tablet":{"background-color":"var(--ast-global-color-4)","background-image":"","background-repeat":"repeat","background-position":"center center","background-size":"auto","background-attachment":"scroll","background-type":"","background-media":"","overlay-type":"","overlay-color":"","overlay-opacity":"","overlay-gradient":""},"mobile":{"background-color":"var(--ast-global-color-4)","background-image":"","background-repeat":"repeat","background-position":"center center","background-size":"auto","background-attachment":"scroll","background-type":"","background-media":"","overlay-type":"","overlay-color":"","overlay-opacity":"","overlay-gradient":""}},"fifu_image_url":"","fifu_image_alt":"","footnotes":""},"categories":[23],"tags":[25,27,24,26],"class_list":["post-3050","post","type-post","status-publish","format-standard","hentry","category-noticias","tag-infobae","tag-informacion-general","tag-noticias","tag-novedades"],"yoast_head":"<!-- This site is optimized with the Yoast SEO plugin v27.5 - https:\/\/yoast.com\/product\/yoast-seo-wordpress\/ -->\n<title>Jury a los fiscales del caso Nora Dalmasso: las claves de la primera semana - HIOX<\/title>\n<meta name=\"description\" content=\"Jury a los fiscales del caso Nora Dalmasso: las claves de la primera semana. El proceso se desarrolla en la Legislatura de C\u00f3rdoba a 20 a\u00f1os del crimen. Declar\u00f3 la familia de la v\u00edctima, los funcionarios acusados y peritos que intervinieron en la investigaci\u00f3n\" \/>\n<meta name=\"robots\" content=\"index, follow, max-snippet:-1, max-image-preview:large, max-video-preview:-1\" \/>\n<link rel=\"canonical\" href=\"https:\/\/hiox.com.ar\/hiox\/jury-a-los-fiscales-del-caso-nora-dalmasso-las-claves-de-la-primera-semana\/\" \/>\n<meta property=\"og:locale\" content=\"es_ES\" \/>\n<meta property=\"og:type\" content=\"article\" \/>\n<meta property=\"og:title\" content=\"Jury a los fiscales del caso Nora Dalmasso: las claves de la primera semana - HIOX\" \/>\n<meta property=\"og:description\" content=\"Jury a los fiscales del caso Nora Dalmasso: las claves de la primera semana. El proceso se desarrolla en la Legislatura de C\u00f3rdoba a 20 a\u00f1os del crimen. Declar\u00f3 la familia de la v\u00edctima, los funcionarios acusados y peritos que intervinieron en la investigaci\u00f3n\" \/>\n<meta property=\"og:url\" content=\"https:\/\/hiox.com.ar\/hiox\/jury-a-los-fiscales-del-caso-nora-dalmasso-las-claves-de-la-primera-semana\/\" \/>\n<meta property=\"og:site_name\" content=\"HIOX\" \/>\n<meta property=\"article:published_time\" content=\"2026-04-25T05:51:24+00:00\" \/>\n<meta property=\"og:image\" content=\"https:\/\/www.infobae.com\/resizer\/v2\/DP54CFDJXVDJZAPW27PCWQT4OI.jpg?auth=695fa8f92308fbee0a6effbaa076c288b0bb38a7b76292c974b3e6cbddb88c6d&amp;smart=true&amp;width=990&amp;height=655\" \/>\n<meta name=\"author\" content=\"Source Author\" \/>\n<meta name=\"twitter:card\" content=\"summary_large_image\" \/>\n<meta name=\"twitter:label1\" content=\"Escrito por\" \/>\n\t<meta name=\"twitter:data1\" content=\"Source Author\" \/>\n\t<meta name=\"twitter:label2\" content=\"Tiempo de lectura\" \/>\n\t<meta name=\"twitter:data2\" content=\"5 minutos\" \/>\n<script type=\"application\/ld+json\" class=\"yoast-schema-graph\">{\"@context\":\"https:\\\/\\\/schema.org\",\"@graph\":[{\"@type\":\"NewsArticle\",\"@id\":\"https:\\\/\\\/hiox.com.ar\\\/hiox\\\/jury-a-los-fiscales-del-caso-nora-dalmasso-las-claves-de-la-primera-semana\\\/#article\",\"isPartOf\":{\"@id\":\"https:\\\/\\\/hiox.com.ar\\\/hiox\\\/jury-a-los-fiscales-del-caso-nora-dalmasso-las-claves-de-la-primera-semana\\\/\"},\"author\":{\"name\":\"Source Author\",\"@id\":\"https:\\\/\\\/hiox.com.ar\\\/hiox\\\/#\\\/schema\\\/person\\\/f70183b020df72016f0614086c3cf170\"},\"headline\":\"Jury a los fiscales del caso Nora Dalmasso: las claves de la primera semana\",\"datePublished\":\"2026-04-25T05:51:24+00:00\",\"mainEntityOfPage\":{\"@id\":\"https:\\\/\\\/hiox.com.ar\\\/hiox\\\/jury-a-los-fiscales-del-caso-nora-dalmasso-las-claves-de-la-primera-semana\\\/\"},\"wordCount\":1022,\"commentCount\":0,\"publisher\":{\"@id\":\"https:\\\/\\\/hiox.com.ar\\\/hiox\\\/#organization\"},\"image\":{\"@id\":\"https:\\\/\\\/hiox.com.ar\\\/hiox\\\/jury-a-los-fiscales-del-caso-nora-dalmasso-las-claves-de-la-primera-semana\\\/#primaryimage\"},\"thumbnailUrl\":\"https:\\\/\\\/www.infobae.com\\\/resizer\\\/v2\\\/DP54CFDJXVDJZAPW27PCWQT4OI.jpg?auth=695fa8f92308fbee0a6effbaa076c288b0bb38a7b76292c974b3e6cbddb88c6d&amp;smart=true&amp;width=990&amp;height=655\",\"keywords\":[\"Infobae\",\"Informaci\u00f3n General\",\"Noticias\",\"Novedades\"],\"articleSection\":[\"\ud83d\udcf0 Noticias \ud83d\uddde\ufe0f\"],\"inLanguage\":\"es\",\"potentialAction\":[{\"@type\":\"CommentAction\",\"name\":\"Comment\",\"target\":[\"https:\\\/\\\/hiox.com.ar\\\/hiox\\\/jury-a-los-fiscales-del-caso-nora-dalmasso-las-claves-de-la-primera-semana\\\/#respond\"]}]},{\"@type\":[\"WebPage\",\"ItemPage\"],\"@id\":\"https:\\\/\\\/hiox.com.ar\\\/hiox\\\/jury-a-los-fiscales-del-caso-nora-dalmasso-las-claves-de-la-primera-semana\\\/\",\"url\":\"https:\\\/\\\/hiox.com.ar\\\/hiox\\\/jury-a-los-fiscales-del-caso-nora-dalmasso-las-claves-de-la-primera-semana\\\/\",\"name\":\"Jury a los fiscales del caso Nora Dalmasso: las claves de la primera semana - HIOX\",\"isPartOf\":{\"@id\":\"https:\\\/\\\/hiox.com.ar\\\/hiox\\\/#website\"},\"primaryImageOfPage\":{\"@id\":\"https:\\\/\\\/hiox.com.ar\\\/hiox\\\/jury-a-los-fiscales-del-caso-nora-dalmasso-las-claves-de-la-primera-semana\\\/#primaryimage\"},\"image\":{\"@id\":\"https:\\\/\\\/hiox.com.ar\\\/hiox\\\/jury-a-los-fiscales-del-caso-nora-dalmasso-las-claves-de-la-primera-semana\\\/#primaryimage\"},\"thumbnailUrl\":\"https:\\\/\\\/www.infobae.com\\\/resizer\\\/v2\\\/DP54CFDJXVDJZAPW27PCWQT4OI.jpg?auth=695fa8f92308fbee0a6effbaa076c288b0bb38a7b76292c974b3e6cbddb88c6d&amp;smart=true&amp;width=990&amp;height=655\",\"datePublished\":\"2026-04-25T05:51:24+00:00\",\"description\":\"Jury a los fiscales del caso Nora Dalmasso: las claves de la primera semana. El proceso se desarrolla en la Legislatura de C\u00f3rdoba a 20 a\u00f1os del crimen. Declar\u00f3 la familia de la v\u00edctima, los funcionarios acusados y peritos que intervinieron en la investigaci\u00f3n\",\"breadcrumb\":{\"@id\":\"https:\\\/\\\/hiox.com.ar\\\/hiox\\\/jury-a-los-fiscales-del-caso-nora-dalmasso-las-claves-de-la-primera-semana\\\/#breadcrumb\"},\"inLanguage\":\"es\",\"potentialAction\":[{\"@type\":\"ReadAction\",\"target\":[\"https:\\\/\\\/hiox.com.ar\\\/hiox\\\/jury-a-los-fiscales-del-caso-nora-dalmasso-las-claves-de-la-primera-semana\\\/\"]}]},{\"@type\":\"ImageObject\",\"inLanguage\":\"es\",\"@id\":\"https:\\\/\\\/hiox.com.ar\\\/hiox\\\/jury-a-los-fiscales-del-caso-nora-dalmasso-las-claves-de-la-primera-semana\\\/#primaryimage\",\"url\":\"https:\\\/\\\/www.infobae.com\\\/resizer\\\/v2\\\/DP54CFDJXVDJZAPW27PCWQT4OI.jpg?auth=695fa8f92308fbee0a6effbaa076c288b0bb38a7b76292c974b3e6cbddb88c6d&amp;smart=true&amp;width=990&amp;height=655\",\"contentUrl\":\"https:\\\/\\\/www.infobae.com\\\/resizer\\\/v2\\\/DP54CFDJXVDJZAPW27PCWQT4OI.jpg?auth=695fa8f92308fbee0a6effbaa076c288b0bb38a7b76292c974b3e6cbddb88c6d&amp;smart=true&amp;width=990&amp;height=655\"},{\"@type\":\"BreadcrumbList\",\"@id\":\"https:\\\/\\\/hiox.com.ar\\\/hiox\\\/jury-a-los-fiscales-del-caso-nora-dalmasso-las-claves-de-la-primera-semana\\\/#breadcrumb\",\"itemListElement\":[{\"@type\":\"ListItem\",\"position\":1,\"name\":\"Portada\",\"item\":\"https:\\\/\\\/hiox.com.ar\\\/hiox\\\/\"},{\"@type\":\"ListItem\",\"position\":2,\"name\":\"Jury a los fiscales del caso Nora Dalmasso: las claves de la primera semana\"}]},{\"@type\":\"WebSite\",\"@id\":\"https:\\\/\\\/hiox.com.ar\\\/hiox\\\/#website\",\"url\":\"https:\\\/\\\/hiox.com.ar\\\/hiox\\\/\",\"name\":\"HIOX\",\"description\":\"Comercio Electronico\",\"publisher\":{\"@id\":\"https:\\\/\\\/hiox.com.ar\\\/hiox\\\/#organization\"},\"potentialAction\":[{\"@type\":\"SearchAction\",\"target\":{\"@type\":\"EntryPoint\",\"urlTemplate\":\"https:\\\/\\\/hiox.com.ar\\\/hiox\\\/?s={search_term_string}\"},\"query-input\":{\"@type\":\"PropertyValueSpecification\",\"valueRequired\":true,\"valueName\":\"search_term_string\"}}],\"inLanguage\":\"es\"},{\"@type\":\"Organization\",\"@id\":\"https:\\\/\\\/hiox.com.ar\\\/hiox\\\/#organization\",\"name\":\"HIOX\",\"url\":\"https:\\\/\\\/hiox.com.ar\\\/hiox\\\/\",\"logo\":{\"@type\":\"ImageObject\",\"inLanguage\":\"es\",\"@id\":\"https:\\\/\\\/hiox.com.ar\\\/hiox\\\/#\\\/schema\\\/logo\\\/image\\\/\",\"url\":\"https:\\\/\\\/hiox.com.ar\\\/hiox\\\/wp-content\\\/uploads\\\/2025\\\/09\\\/cropped-hiox_logo-1.png\",\"contentUrl\":\"https:\\\/\\\/hiox.com.ar\\\/hiox\\\/wp-content\\\/uploads\\\/2025\\\/09\\\/cropped-hiox_logo-1.png\",\"width\":491,\"height\":158,\"caption\":\"HIOX\"},\"image\":{\"@id\":\"https:\\\/\\\/hiox.com.ar\\\/hiox\\\/#\\\/schema\\\/logo\\\/image\\\/\"}},{\"@type\":\"Person\",\"@id\":\"https:\\\/\\\/hiox.com.ar\\\/hiox\\\/#\\\/schema\\\/person\\\/f70183b020df72016f0614086c3cf170\",\"name\":\"Source Author\",\"image\":{\"@type\":\"ImageObject\",\"inLanguage\":\"es\",\"@id\":\"https:\\\/\\\/secure.gravatar.com\\\/avatar\\\/428a8106f8313bec42aca4e38ea86950b6e88a21b0f2764f9f7a4365dc1017a5?s=96&d=mm&r=g\",\"url\":\"https:\\\/\\\/secure.gravatar.com\\\/avatar\\\/428a8106f8313bec42aca4e38ea86950b6e88a21b0f2764f9f7a4365dc1017a5?s=96&d=mm&r=g\",\"contentUrl\":\"https:\\\/\\\/secure.gravatar.com\\\/avatar\\\/428a8106f8313bec42aca4e38ea86950b6e88a21b0f2764f9f7a4365dc1017a5?s=96&d=mm&r=g\",\"caption\":\"Source Author\"},\"url\":\"https:\\\/\\\/hiox.com.ar\\\/hiox\\\/author\\\/wpra-source-author-site-1\\\/\"}]}<\/script>\n<!-- \/ Yoast SEO plugin. -->","yoast_head_json":{"title":"Jury a los fiscales del caso Nora Dalmasso: las claves de la primera semana - HIOX","description":"Jury a los fiscales del caso Nora Dalmasso: las claves de la primera semana. El proceso se desarrolla en la Legislatura de C\u00f3rdoba a 20 a\u00f1os del crimen. Declar\u00f3 la familia de la v\u00edctima, los funcionarios acusados y peritos que intervinieron en la investigaci\u00f3n","robots":{"index":"index","follow":"follow","max-snippet":"max-snippet:-1","max-image-preview":"max-image-preview:large","max-video-preview":"max-video-preview:-1"},"canonical":"https:\/\/hiox.com.ar\/hiox\/jury-a-los-fiscales-del-caso-nora-dalmasso-las-claves-de-la-primera-semana\/","og_locale":"es_ES","og_type":"article","og_title":"Jury a los fiscales del caso Nora Dalmasso: las claves de la primera semana - HIOX","og_description":"Jury a los fiscales del caso Nora Dalmasso: las claves de la primera semana. El proceso se desarrolla en la Legislatura de C\u00f3rdoba a 20 a\u00f1os del crimen. Declar\u00f3 la familia de la v\u00edctima, los funcionarios acusados y peritos que intervinieron en la investigaci\u00f3n","og_url":"https:\/\/hiox.com.ar\/hiox\/jury-a-los-fiscales-del-caso-nora-dalmasso-las-claves-de-la-primera-semana\/","og_site_name":"HIOX","article_published_time":"2026-04-25T05:51:24+00:00","og_image":[{"url":"https:\/\/www.infobae.com\/resizer\/v2\/DP54CFDJXVDJZAPW27PCWQT4OI.jpg?auth=695fa8f92308fbee0a6effbaa076c288b0bb38a7b76292c974b3e6cbddb88c6d&amp;smart=true&amp;width=990&amp;height=655","type":"","width":"","height":""}],"author":"Source Author","twitter_card":"summary_large_image","twitter_misc":{"Escrito por":"Source Author","Tiempo de lectura":"5 minutos"},"schema":{"@context":"https:\/\/schema.org","@graph":[{"@type":"NewsArticle","@id":"https:\/\/hiox.com.ar\/hiox\/jury-a-los-fiscales-del-caso-nora-dalmasso-las-claves-de-la-primera-semana\/#article","isPartOf":{"@id":"https:\/\/hiox.com.ar\/hiox\/jury-a-los-fiscales-del-caso-nora-dalmasso-las-claves-de-la-primera-semana\/"},"author":{"name":"Source Author","@id":"https:\/\/hiox.com.ar\/hiox\/#\/schema\/person\/f70183b020df72016f0614086c3cf170"},"headline":"Jury a los fiscales del caso Nora Dalmasso: las claves de la primera semana","datePublished":"2026-04-25T05:51:24+00:00","mainEntityOfPage":{"@id":"https:\/\/hiox.com.ar\/hiox\/jury-a-los-fiscales-del-caso-nora-dalmasso-las-claves-de-la-primera-semana\/"},"wordCount":1022,"commentCount":0,"publisher":{"@id":"https:\/\/hiox.com.ar\/hiox\/#organization"},"image":{"@id":"https:\/\/hiox.com.ar\/hiox\/jury-a-los-fiscales-del-caso-nora-dalmasso-las-claves-de-la-primera-semana\/#primaryimage"},"thumbnailUrl":"https:\/\/www.infobae.com\/resizer\/v2\/DP54CFDJXVDJZAPW27PCWQT4OI.jpg?auth=695fa8f92308fbee0a6effbaa076c288b0bb38a7b76292c974b3e6cbddb88c6d&amp;smart=true&amp;width=990&amp;height=655","keywords":["Infobae","Informaci\u00f3n General","Noticias","Novedades"],"articleSection":["\ud83d\udcf0 Noticias \ud83d\uddde\ufe0f"],"inLanguage":"es","potentialAction":[{"@type":"CommentAction","name":"Comment","target":["https:\/\/hiox.com.ar\/hiox\/jury-a-los-fiscales-del-caso-nora-dalmasso-las-claves-de-la-primera-semana\/#respond"]}]},{"@type":["WebPage","ItemPage"],"@id":"https:\/\/hiox.com.ar\/hiox\/jury-a-los-fiscales-del-caso-nora-dalmasso-las-claves-de-la-primera-semana\/","url":"https:\/\/hiox.com.ar\/hiox\/jury-a-los-fiscales-del-caso-nora-dalmasso-las-claves-de-la-primera-semana\/","name":"Jury a los fiscales del caso Nora Dalmasso: las claves de la primera semana - HIOX","isPartOf":{"@id":"https:\/\/hiox.com.ar\/hiox\/#website"},"primaryImageOfPage":{"@id":"https:\/\/hiox.com.ar\/hiox\/jury-a-los-fiscales-del-caso-nora-dalmasso-las-claves-de-la-primera-semana\/#primaryimage"},"image":{"@id":"https:\/\/hiox.com.ar\/hiox\/jury-a-los-fiscales-del-caso-nora-dalmasso-las-claves-de-la-primera-semana\/#primaryimage"},"thumbnailUrl":"https:\/\/www.infobae.com\/resizer\/v2\/DP54CFDJXVDJZAPW27PCWQT4OI.jpg?auth=695fa8f92308fbee0a6effbaa076c288b0bb38a7b76292c974b3e6cbddb88c6d&amp;smart=true&amp;width=990&amp;height=655","datePublished":"2026-04-25T05:51:24+00:00","description":"Jury a los fiscales del caso Nora Dalmasso: las claves de la primera semana. El proceso se desarrolla en la Legislatura de C\u00f3rdoba a 20 a\u00f1os del crimen. Declar\u00f3 la familia de la v\u00edctima, los funcionarios acusados y peritos que intervinieron en la investigaci\u00f3n","breadcrumb":{"@id":"https:\/\/hiox.com.ar\/hiox\/jury-a-los-fiscales-del-caso-nora-dalmasso-las-claves-de-la-primera-semana\/#breadcrumb"},"inLanguage":"es","potentialAction":[{"@type":"ReadAction","target":["https:\/\/hiox.com.ar\/hiox\/jury-a-los-fiscales-del-caso-nora-dalmasso-las-claves-de-la-primera-semana\/"]}]},{"@type":"ImageObject","inLanguage":"es","@id":"https:\/\/hiox.com.ar\/hiox\/jury-a-los-fiscales-del-caso-nora-dalmasso-las-claves-de-la-primera-semana\/#primaryimage","url":"https:\/\/www.infobae.com\/resizer\/v2\/DP54CFDJXVDJZAPW27PCWQT4OI.jpg?auth=695fa8f92308fbee0a6effbaa076c288b0bb38a7b76292c974b3e6cbddb88c6d&amp;smart=true&amp;width=990&amp;height=655","contentUrl":"https:\/\/www.infobae.com\/resizer\/v2\/DP54CFDJXVDJZAPW27PCWQT4OI.jpg?auth=695fa8f92308fbee0a6effbaa076c288b0bb38a7b76292c974b3e6cbddb88c6d&amp;smart=true&amp;width=990&amp;height=655"},{"@type":"BreadcrumbList","@id":"https:\/\/hiox.com.ar\/hiox\/jury-a-los-fiscales-del-caso-nora-dalmasso-las-claves-de-la-primera-semana\/#breadcrumb","itemListElement":[{"@type":"ListItem","position":1,"name":"Portada","item":"https:\/\/hiox.com.ar\/hiox\/"},{"@type":"ListItem","position":2,"name":"Jury a los fiscales del caso Nora Dalmasso: las claves de la primera semana"}]},{"@type":"WebSite","@id":"https:\/\/hiox.com.ar\/hiox\/#website","url":"https:\/\/hiox.com.ar\/hiox\/","name":"HIOX","description":"Comercio Electronico","publisher":{"@id":"https:\/\/hiox.com.ar\/hiox\/#organization"},"potentialAction":[{"@type":"SearchAction","target":{"@type":"EntryPoint","urlTemplate":"https:\/\/hiox.com.ar\/hiox\/?s={search_term_string}"},"query-input":{"@type":"PropertyValueSpecification","valueRequired":true,"valueName":"search_term_string"}}],"inLanguage":"es"},{"@type":"Organization","@id":"https:\/\/hiox.com.ar\/hiox\/#organization","name":"HIOX","url":"https:\/\/hiox.com.ar\/hiox\/","logo":{"@type":"ImageObject","inLanguage":"es","@id":"https:\/\/hiox.com.ar\/hiox\/#\/schema\/logo\/image\/","url":"https:\/\/hiox.com.ar\/hiox\/wp-content\/uploads\/2025\/09\/cropped-hiox_logo-1.png","contentUrl":"https:\/\/hiox.com.ar\/hiox\/wp-content\/uploads\/2025\/09\/cropped-hiox_logo-1.png","width":491,"height":158,"caption":"HIOX"},"image":{"@id":"https:\/\/hiox.com.ar\/hiox\/#\/schema\/logo\/image\/"}},{"@type":"Person","@id":"https:\/\/hiox.com.ar\/hiox\/#\/schema\/person\/f70183b020df72016f0614086c3cf170","name":"Source Author","image":{"@type":"ImageObject","inLanguage":"es","@id":"https:\/\/secure.gravatar.com\/avatar\/428a8106f8313bec42aca4e38ea86950b6e88a21b0f2764f9f7a4365dc1017a5?s=96&d=mm&r=g","url":"https:\/\/secure.gravatar.com\/avatar\/428a8106f8313bec42aca4e38ea86950b6e88a21b0f2764f9f7a4365dc1017a5?s=96&d=mm&r=g","contentUrl":"https:\/\/secure.gravatar.com\/avatar\/428a8106f8313bec42aca4e38ea86950b6e88a21b0f2764f9f7a4365dc1017a5?s=96&d=mm&r=g","caption":"Source Author"},"url":"https:\/\/hiox.com.ar\/hiox\/author\/wpra-source-author-site-1\/"}]}},"_links":{"self":[{"href":"https:\/\/hiox.com.ar\/hiox\/wp-json\/wp\/v2\/posts\/3050","targetHints":{"allow":["GET"]}}],"collection":[{"href":"https:\/\/hiox.com.ar\/hiox\/wp-json\/wp\/v2\/posts"}],"about":[{"href":"https:\/\/hiox.com.ar\/hiox\/wp-json\/wp\/v2\/types\/post"}],"author":[{"embeddable":true,"href":"https:\/\/hiox.com.ar\/hiox\/wp-json\/wp\/v2\/users\/3"}],"replies":[{"embeddable":true,"href":"https:\/\/hiox.com.ar\/hiox\/wp-json\/wp\/v2\/comments?post=3050"}],"version-history":[{"count":0,"href":"https:\/\/hiox.com.ar\/hiox\/wp-json\/wp\/v2\/posts\/3050\/revisions"}],"wp:attachment":[{"href":"https:\/\/hiox.com.ar\/hiox\/wp-json\/wp\/v2\/media?parent=3050"}],"wp:term":[{"taxonomy":"category","embeddable":true,"href":"https:\/\/hiox.com.ar\/hiox\/wp-json\/wp\/v2\/categories?post=3050"},{"taxonomy":"post_tag","embeddable":true,"href":"https:\/\/hiox.com.ar\/hiox\/wp-json\/wp\/v2\/tags?post=3050"}],"curies":[{"name":"wp","href":"https:\/\/api.w.org\/{rel}","templated":true}]}}