{"id":3043,"date":"2026-04-24T02:59:02","date_gmt":"2026-04-24T05:59:02","guid":{"rendered":"https:\/\/hiox.com.ar\/hiox\/el-final-del-rey-de-la-noche-portena-disparos-de-madrugada-y-la-sombra-de-una-venganza-narco-quien-mato-a-poli-armentano\/"},"modified":"2026-04-24T02:59:02","modified_gmt":"2026-04-24T05:59:02","slug":"el-final-del-rey-de-la-noche-portena-disparos-de-madrugada-y-la-sombra-de-una-venganza-narco-quien-mato-a-poli-armentano","status":"publish","type":"post","link":"https:\/\/hiox.com.ar\/hiox\/el-final-del-rey-de-la-noche-portena-disparos-de-madrugada-y-la-sombra-de-una-venganza-narco-quien-mato-a-poli-armentano\/","title":{"rendered":"El final del \u201cRey de la noche porte\u00f1a\u201d, disparos de madrugada y la sombra de una venganza narco: \u00bfqui\u00e9n mat\u00f3 a Poli Armentano?"},"content":{"rendered":"<p>Informaci\u00f3n detallada sobre <strong>El final del \u201cRey de la noche porte\u00f1a\u201d, disparos de madrugada y la sombra de una venganza narco: \u00bfqui\u00e9n mat\u00f3 a Poli Armentano?<\/strong>. Te traemos las \u00faltimas noticias sobre Noticia Infobae, un tema de gran inter\u00e9s para hoy 24 April, 2026.<\/p>\n<div class=\"entry-content-body\">\n<div><img loading=\"lazy\" decoding=\"async\" src=\"https:\/\/www.infobae.com\/resizer\/v2\/QCBRN5ACTFH4LCR2LMMQVP3Z7U.jpg?auth=5b8072dbcf6b1d4fb06d545bca60532bec00eb24e23adbd753fd0d6c5c3f7588&amp;smart=true&amp;width=1920&amp;height=1080\" alt=\"El asesinato de Armentano, ejecutado de un disparo en abril de 1994 al regresar a su casa en Palermo, permanece impune\" height=\"1080\" width=\"1920\"><\/p>\n<p>Nunca se pudo saber qui\u00e9n mat\u00f3 a <a href=\"https:\/\/www.infobae.com\/historias\/2025\/05\/30\/los-enigmas-en-el-crimen-de-poli-armentano-el-rey-de-la-noche-portena-un-disparo-de-madrugada-y-la-sospecha-de-una-venganza-narco\/?gad_source=1&amp;gad_campaignid=20993778607&amp;gbraid=0AAAAADmqXxTU_JS1u9hyeg7Rig0GQZyLR&amp;gclid=CjwKCAjwhqfPBhBWEiwAZo196pgdpLeo5ftmEgVlvHS-Wq8MUIn7w2xzxmTgWh9jYhehC8iUYagcBhoCHdkQAvD_BwE\" target=\"_blank\" rel=\"\" title=\"https:\/\/www.infobae.com\/historias\/2025\/05\/30\/los-enigmas-en-el-crimen-de-poli-armentano-el-rey-de-la-noche-portena-un-disparo-de-madrugada-y-la-sospecha-de-una-venganza-narco\/?gad_source=1&amp;gad_campaignid=20993778607&amp;gbraid=0AAAAADmqXxTU_JS1u9hyeg7Rig0GQZyLR&amp;gclid=CjwKCAjwhqfPBhBWEiwAZo196pgdpLeo5ftmEgVlvHS-Wq8MUIn7w2xzxmTgWh9jYhehC8iUYagcBhoCHdkQAvD_BwE\"><b>Leopoldo \u201cPoli\u201d Armentano<\/b><\/a>, conocido como \u201cEl Rey de la Noche\u201d, despu\u00e9s de que aquella madrugada del 20 de abril de 1994 alguien lo ejecutara con un solo disparo de una pistola calibre 22 que le atraves\u00f3 el p\u00f3mulo izquierdo, el cerebro, la oreja y le hizo perder el habla y casi la visi\u00f3n. Ten\u00eda 37 a\u00f1os.<\/p>\n<p>El expediente recorri\u00f3 m\u00e1s de veinte juzgados y ning\u00fan magistrado logr\u00f3 determinar la identidad del sicario, tampoco del autor intelectual del homicidio si es que existi\u00f3, y mucho menos el porqu\u00e9 del homicidio. <b>Por eso la causa termin\u00f3 archivada en el a\u00f1o 2006.<\/b><\/p>\n<p>De entrada, la causa fue investigada por el Juzgado de Instrucci\u00f3n 25 a manos del entonces juez Francisco <b>Miguel \u00c1ngel Trovato<\/b>, conocido en el ambiente judicial por su histrionismo y por su particular inter\u00e9s por trascender en los medios period\u00edsticos con un estilo con el que pretend\u00eda mostrarse como una especie de \u201cdandy\u201d de los Tribunales. Se sent\u00eda en el centro de la escena, y a los periodistas que intent\u00e1bamos investigar en aquellos tiempos donde todav\u00eda se pod\u00eda fumar en las oficinas, sol\u00eda recibirnos exhibiendo su encendedor Dupont y fumando cigarrillos L&amp;M largos con boquilla.<\/p>\n<p><img loading=\"lazy\" decoding=\"async\" src=\"https:\/\/www.infobae.com\/resizer\/v2\/UOBMVEPSERC6JK4PTNWIEXL63A.jpg?auth=15f9e8a3e9f8501636e642cbe9e6bd38f468afb234efc1644b6c8fc79f9f8af6&amp;smart=true&amp;width=1920&amp;height=1080\" alt=\"Poli Armentano junto a Zulemita Menem y Guillermo Coppola en El Cielo\" height=\"1080\" width=\"1920\"><\/p>\n<h2>Coppola, el amigo apuntado<\/h2>\n<p>A sus o\u00eddos llegaban todo tipo de versiones y \u00e9l prefiri\u00f3 de entrada seguir una que pon\u00eda como principal sospechoso a <b>Guillermo Coppola<\/b>, uno de los grandes amigos de Poli, a quien muchos calificaban como una especie de padre, por la estrecha relaci\u00f3n que manten\u00edan.<\/p>\n<p>Coppola hab\u00eda despedido a Poli parado en el umbral de la b\u00f3veda del <b>cementerio de la Recoleta<\/b> con el f\u00e9retro a sus espaldas y de cara a una gran cantidad de familiares y amigos con estas palabras: \u201cHoy logr\u00f3 que todo el mundo hablara de \u00e9l, ser tapa de revistas. Gracias a la prensa por haberlo proclamado <b>rey de la noche y del jet set.<\/b> Y gracias se\u00f1or por haberlo llevado adonde iba todos los d\u00edas: El Cielo \u2013reconocido boliche de la Costanera Norte del que Armentano era propietario-\u201c.<\/p>\n<p>Coppola se defend\u00eda y estaba indignado con las versiones que pretend\u00edan involucrarlo: \u201cPoli era como un hijo o un hermano menor para m\u00ed. \u00bfDe qu\u00e9 pacto de silencio hablan?, por favor. Que dejen de inventar. Algo parecido pasa con el tema de la droga que mencionan constantemente relacion\u00e1ndolo con el caso. Hablan pero nadie aporta pruebas y ensucian a la gente\u201d, expres\u00f3 cuando pude consultarle acerca del curso de la investigaci\u00f3n.<\/p>\n<p><img loading=\"lazy\" decoding=\"async\" src=\"https:\/\/www.infobae.com\/resizer\/v2\/7G54C3DPCJH5VI2KH3HLXSRFUY.jpg?auth=31ddc319701e79fde7d2ac109b3f0c4cebc02f6ad6820951dcca0d39b2f51386&amp;smart=true&amp;width=1920&amp;height=1080\" alt=\"Coppola se defend\u00eda y estaba indignado con las versiones que pretend\u00edan involucrarlo: \u201cPoli era como un hijo o un hermano menor para m\u00ed\" height=\"1080\" width=\"1920\"><\/p>\n<h2>Sospechas de todo tipo<\/h2>\n<p>En tanto, las teor\u00edas y especulaciones vinculadas con el crimen aparec\u00edan una tras otra. Se dijo que <b>Armentano ten\u00eda una deuda con Coppola<\/b> y que el ataque pudo haber venido de ese lado. Seg\u00fan cont\u00f3 Guillermo, s\u00ed era cierto que lleg\u00f3 a prestarle unos 200.000 d\u00f3lares, pero revel\u00f3 que eso entre ellos estaba saldado. Tambi\u00e9n se mencion\u00f3 a otro peso pesado de la noche, el due\u00f1o de <b>Pinar de Rocha, Daniel Bellini<\/b>, como otro acreedor de una suma superior a la mencionada. Nunca lleg\u00f3 a comprobarse nada.<\/p>\n<p>Otra versi\u00f3n involucraba a dos ex agentes del servicio penitenciario que habr\u00edan mencionado<b> \u201ca un gil que iban a mandar a El Cielo\u201d. <\/b>Ven\u00eda del lado de la polic\u00eda a trav\u00e9s de uno de sus tantos soplones. Los agentes s\u00ed fueron procesados, pero luego desvinculados por falta de pruebas. Tambi\u00e9n se busc\u00f3 a un ex socio correntino de Poli, de quien se dijo que le podr\u00eda haber facilitado dinero para la creaci\u00f3n de Trumps. Un peso pesado de la noche que termin\u00f3 preso en Europa por presunto tr\u00e1fico de drogas, pero no estuvo involucrado en el homicidio de Armentano.<\/p>\n<p>Lo cierto era que El Rey de la Noche hab\u00eda estado en los Estados Unidos no hac\u00eda tanto y volvi\u00f3 m\u00e1s que preocupado. Tambi\u00e9n ven\u00eda de pasar por Europa con no muy buenas noticias que nunca trascendieron, pero que se supo que le provocaron tensi\u00f3n. \u00c9l estaba intentando cambiar h\u00e1bitos de vida, se confesaba enamorado, quer\u00eda formar una familia y tener un hijo.<\/p>\n<p>M\u00e1s all\u00e1 de las distintas l\u00edneas de investigaci\u00f3n, su hermana Andrea y sus padres no se cansaron de repetir que lo hab\u00edan matado porque <b>no transaba con los narcos<\/b> que lo buscaban imperiosamente para vender droga en sus discos. Y como no acept\u00f3, lo ejecutaron.<\/p>\n<p><img loading=\"lazy\" decoding=\"async\" src=\"https:\/\/www.infobae.com\/resizer\/v2\/YUAFQ474Z5D6RBQZEYTS2IZ4KY.jpg?auth=10441b13c54deeadd38ce892a652bc3bb31a423f6bf3521dc623803d3fe78ce8&amp;smart=true&amp;width=1920&amp;height=1080\" alt=\"Las causas del homicidio nunca fueron esclarecidas y el expediente del Rey de la Noche termin\u00f3 archivado en 2006 por falta de pruebas\" height=\"1080\" width=\"1920\"><\/p>\n<h2>Qu\u00e9 pas\u00f3 la madrugada tr\u00e1gica<\/h2>\n<p>El 20 de abril de 1994, Armentano regresaba agotado a su departamento luego de una larga jornada de trabajo y reuniones constantes. La \u00faltima hab\u00eda comenzado antes de la medianoche del d\u00eda anterior con una cena en el rest\u00f3 Mirasol acompa\u00f1ado por Guillermo Coppola, su hija Natalia y su novio, N\u00e9stor Chudnovsky, quien por esos tiempos era su odont\u00f3logo y pareja de la actriz Adriana Brodsky, y el por entonces secretario privado del presidente Carlos Menem, Ram\u00f3n Hern\u00e1ndez.<\/p>\n<p>Luego se dirigi\u00f3 a uno de sus negocios que sent\u00eda como su propia casa, la disco Trumps, en Libertador y Bulnes, uno de sus lugares en el mundo. Su otro boliche era El Cielo, por donde pasaban todos: desde Franco y Mauricio Macri, Zulemita y Carlitos Menem Junior, Guillermo Vilas, Manuel Antelo y Charly Alberti hasta Ginette Reynal, Nico Repetto, Beatriz Salom\u00f3n, <b>Alberto \u201cConejo\u201d Tarantini y Pata Villanueva.<\/b><\/p>\n<p>Cuando se retir\u00f3 de all\u00ed, pasadas las cuatro de la ma\u00f1ana, Poli charl\u00f3 con Coppola en la puerta. Subi\u00f3 a su BMW, se dirigi\u00f3 hacia su departamento de la calle Demar\u00eda 4719 en el barrio de Palermo y estacion\u00f3 el auto en la cochera del Autom\u00f3vil Club Argentino. Desde ah\u00ed iba caminando cuando un individuo nunca identificado le dispar\u00f3 a quemarropa. Cay\u00f3 al piso y a pesar de no poder ver de un ojo y casi ni hablar, se movi\u00f3 y se arrastr\u00f3 como pudo hasta llegar a su edificio y subi\u00f3 a su vivienda en el quinto piso. Mientras tanto, <b>Luis Vizcarra, el encargado, recurr\u00eda a un vecino para que llamara a emergencias.<\/b><\/p>\n<p>Poli vio que lleg\u00f3 la ambulancia casi junto a la polic\u00eda, se asust\u00f3, pero como no tuvo m\u00e1s fuerzas termin\u00f3 desvanecido y fue trasladado en estado desesperante al <b>Hospital Fern\u00e1ndez, donde muri\u00f3 dos d\u00edas m\u00e1s tarde.<\/b><\/p>\n<p>El crimen sorprendi\u00f3 a su c\u00edrculo m\u00e1s cercano y a sus ex parejas. Hab\u00eda tenido una relaci\u00f3n importante de un par de a\u00f1os en los que estuvo muy bien junto a Mar\u00eda Fernanda Villar, quien se preocup\u00f3 por cuidarlo porque advert\u00eda que estaba amenazado. Y hasta se habl\u00f3 de un romance con<b> Zulemita Menem,<\/b> que siempre ambos se encargaron de negar. Tambi\u00e9n hab\u00eda sido pareja de Leonor Coviello y su \u00faltima novia conocida hasta el verano previo a su muerte fue Florencia Berazategui.<\/p>\n<p><img loading=\"lazy\" decoding=\"async\" src=\"https:\/\/www.infobae.com\/resizer\/v2\/CRVDWK3XDZGQPFL3YKUMTXWDG4.jpg?auth=4bd8ec44aee29d2f07b2303c1107424a6a7c001da5cf1a7d2f57b82b8e09fba7&amp;smart=true&amp;width=1920&amp;height=1080\" alt=\"La muerte de Leopoldo \u201cPoli\u201d Armentano, apodado el Rey de la Noche, contin\u00faa sin resolverse tras 30 a\u00f1os de investigaci\u00f3n judicial\" height=\"1080\" width=\"1920\"><\/p>\n<h2>Sin justicia<\/h2>\n<p>Mientras tanto,<b> el juez Trovato<\/b>, famoso despu\u00e9s por haber recibido un placard como coima para cerrar una investigaci\u00f3n por la muerte de una nena que cay\u00f3 por el hueco de un ascensor y destituido por cohecho agravado, abuso de autoridad, enriquecimiento il\u00edcito y extorsi\u00f3n, continuaba sin avanzar ni cerrar algunas de las hip\u00f3tesis que dec\u00eda investigar. <\/p>\n<p>As\u00ed, el homicidio de El Rey de la Noche continu\u00f3 impune como tantos otros. Los restos de Poli Armentano permanecieron en el cementerio de la Recoleta hasta 2012, cuando su familia logr\u00f3 cumplir su voluntad de ser trasladado a Paraguay, tierra donde jug\u00f3 al rugby en el club CURDA (Club Universitario de Rugby de Asunci\u00f3n) y fue feliz.<\/p>\n<\/div>\n<\/div>\n<hr \/>\n<p>Esta noticia sobre <strong>El final del \u201cRey de la noche porte\u00f1a\u201d, disparos de madrugada y la sombra de una venganza narco: \u00bfqui\u00e9n mat\u00f3 a Poli Armentano?<\/strong> fue publicada originalmente en <a href=\"https:\/\/www.infobae.com\/arc\/outboundfeeds\/rss\/\" target=\"_blank\" rel=\"nofollow\">Infobae.com<\/a>. Puedes ampliar la informaci\u00f3n siguiendo el enlace a la fuente original: <a href=\"https:\/\/www.infobae.com\/sociedad\/2026\/04\/24\/el-final-del-rey-de-la-noche-portena-disparos-de-madrugada-y-la-sombra-de-una-venganza-narco-quien-mato-a-poli-armentano\/\" target=\"_blank\" rel=\"noopener noreferrer\">El final del \u201cRey de la noche porte\u00f1a\u201d, disparos de madrugada y la sombra de una venganza narco: \u00bfqui\u00e9n mat\u00f3 a Poli Armentano?<\/a>.<\/p>\n<p><small>Categor\u00eda: Noticia Infobae | Fecha: 24 April, 2026<\/small><\/p>\n","protected":false},"excerpt":{"rendered":"<div>La pol\u00e9mica investigaci\u00f3n termin\u00f3 sin culpables y con la causa archivada hace 20 a\u00f1os. Un homicidio repleto de versiones que apuntaban a una venganza del narcotr\u00e1fico<\/div>\n","protected":false},"author":3,"featured_media":0,"comment_status":"open","ping_status":"open","sticky":false,"template":"","format":"standard","meta":{"site-sidebar-layout":"default","site-content-layout":"","ast-site-content-layout":"default","site-content-style":"default","site-sidebar-style":"default","ast-global-header-display":"","ast-banner-title-visibility":"","ast-main-header-display":"","ast-hfb-above-header-display":"","ast-hfb-below-header-display":"","ast-hfb-mobile-header-display":"","site-post-title":"","ast-breadcrumbs-content":"","ast-featured-img":"","footer-sml-layout":"","ast-disable-related-posts":"","theme-transparent-header-meta":"","adv-header-id-meta":"","stick-header-meta":"","header-above-stick-meta":"","header-main-stick-meta":"","header-below-stick-meta":"","astra-migrate-meta-layouts":"default","ast-page-background-enabled":"default","ast-page-background-meta":{"desktop":{"background-color":"var(--ast-global-color-5)","background-image":"","background-repeat":"repeat","background-position":"center center","background-size":"auto","background-attachment":"scroll","background-type":"","background-media":"","overlay-type":"","overlay-color":"","overlay-opacity":"","overlay-gradient":""},"tablet":{"background-color":"","background-image":"","background-repeat":"repeat","background-position":"center center","background-size":"auto","background-attachment":"scroll","background-type":"","background-media":"","overlay-type":"","overlay-color":"","overlay-opacity":"","overlay-gradient":""},"mobile":{"background-color":"","background-image":"","background-repeat":"repeat","background-position":"center center","background-size":"auto","background-attachment":"scroll","background-type":"","background-media":"","overlay-type":"","overlay-color":"","overlay-opacity":"","overlay-gradient":""}},"ast-content-background-meta":{"desktop":{"background-color":"var(--ast-global-color-4)","background-image":"","background-repeat":"repeat","background-position":"center center","background-size":"auto","background-attachment":"scroll","background-type":"","background-media":"","overlay-type":"","overlay-color":"","overlay-opacity":"","overlay-gradient":""},"tablet":{"background-color":"var(--ast-global-color-4)","background-image":"","background-repeat":"repeat","background-position":"center center","background-size":"auto","background-attachment":"scroll","background-type":"","background-media":"","overlay-type":"","overlay-color":"","overlay-opacity":"","overlay-gradient":""},"mobile":{"background-color":"var(--ast-global-color-4)","background-image":"","background-repeat":"repeat","background-position":"center center","background-size":"auto","background-attachment":"scroll","background-type":"","background-media":"","overlay-type":"","overlay-color":"","overlay-opacity":"","overlay-gradient":""}},"fifu_image_url":"","fifu_image_alt":"","footnotes":""},"categories":[23],"tags":[25,27,24,26],"class_list":["post-3043","post","type-post","status-publish","format-standard","hentry","category-noticias","tag-infobae","tag-informacion-general","tag-noticias","tag-novedades"],"yoast_head":"<!-- This site is optimized with the Yoast SEO plugin v27.5 - https:\/\/yoast.com\/product\/yoast-seo-wordpress\/ -->\n<title>El final del \u201cRey de la noche porte\u00f1a\u201d, disparos de madrugada y la sombra de una venganza narco: \u00bfqui\u00e9n mat\u00f3 a Poli Armentano? - HIOX<\/title>\n<meta name=\"description\" content=\"El final del \u201cRey de la noche porte\u00f1a\u201d, disparos de madrugada y la sombra de una venganza narco: \u00bfqui\u00e9n mat\u00f3 a Poli Armentano?. La pol\u00e9mica investigaci\u00f3n termin\u00f3 sin culpables y con la causa archivada hace 20 a\u00f1os. Un homicidio repleto de versiones que apuntaban a una venganza del narcotr\u00e1fico\" \/>\n<meta name=\"robots\" content=\"index, follow, max-snippet:-1, max-image-preview:large, max-video-preview:-1\" \/>\n<link rel=\"canonical\" href=\"https:\/\/hiox.com.ar\/hiox\/el-final-del-rey-de-la-noche-portena-disparos-de-madrugada-y-la-sombra-de-una-venganza-narco-quien-mato-a-poli-armentano\/\" \/>\n<meta property=\"og:locale\" content=\"es_ES\" \/>\n<meta property=\"og:type\" content=\"article\" \/>\n<meta property=\"og:title\" content=\"El final del \u201cRey de la noche porte\u00f1a\u201d, disparos de madrugada y la sombra de una venganza narco: \u00bfqui\u00e9n mat\u00f3 a Poli Armentano? - HIOX\" \/>\n<meta property=\"og:description\" content=\"El final del \u201cRey de la noche porte\u00f1a\u201d, disparos de madrugada y la sombra de una venganza narco: \u00bfqui\u00e9n mat\u00f3 a Poli Armentano?. La pol\u00e9mica investigaci\u00f3n termin\u00f3 sin culpables y con la causa archivada hace 20 a\u00f1os. Un homicidio repleto de versiones que apuntaban a una venganza del narcotr\u00e1fico\" \/>\n<meta property=\"og:url\" content=\"https:\/\/hiox.com.ar\/hiox\/el-final-del-rey-de-la-noche-portena-disparos-de-madrugada-y-la-sombra-de-una-venganza-narco-quien-mato-a-poli-armentano\/\" \/>\n<meta property=\"og:site_name\" content=\"HIOX\" \/>\n<meta property=\"article:published_time\" content=\"2026-04-24T05:59:02+00:00\" \/>\n<meta property=\"og:image\" content=\"https:\/\/www.infobae.com\/resizer\/v2\/QCBRN5ACTFH4LCR2LMMQVP3Z7U.jpg?auth=5b8072dbcf6b1d4fb06d545bca60532bec00eb24e23adbd753fd0d6c5c3f7588&amp;smart=true&amp;width=1920&amp;height=1080\" \/>\n<meta name=\"author\" content=\"Source Author\" \/>\n<meta name=\"twitter:card\" content=\"summary_large_image\" \/>\n<meta name=\"twitter:label1\" content=\"Escrito por\" \/>\n\t<meta name=\"twitter:data1\" content=\"Source Author\" \/>\n\t<meta name=\"twitter:label2\" content=\"Tiempo de lectura\" \/>\n\t<meta name=\"twitter:data2\" content=\"7 minutos\" \/>\n<script type=\"application\/ld+json\" class=\"yoast-schema-graph\">{\"@context\":\"https:\\\/\\\/schema.org\",\"@graph\":[{\"@type\":\"NewsArticle\",\"@id\":\"https:\\\/\\\/hiox.com.ar\\\/hiox\\\/el-final-del-rey-de-la-noche-portena-disparos-de-madrugada-y-la-sombra-de-una-venganza-narco-quien-mato-a-poli-armentano\\\/#article\",\"isPartOf\":{\"@id\":\"https:\\\/\\\/hiox.com.ar\\\/hiox\\\/el-final-del-rey-de-la-noche-portena-disparos-de-madrugada-y-la-sombra-de-una-venganza-narco-quien-mato-a-poli-armentano\\\/\"},\"author\":{\"name\":\"Source Author\",\"@id\":\"https:\\\/\\\/hiox.com.ar\\\/hiox\\\/#\\\/schema\\\/person\\\/f70183b020df72016f0614086c3cf170\"},\"headline\":\"El final del \u201cRey de la noche porte\u00f1a\u201d, disparos de madrugada y la sombra de una venganza narco: \u00bfqui\u00e9n mat\u00f3 a Poli Armentano?\",\"datePublished\":\"2026-04-24T05:59:02+00:00\",\"mainEntityOfPage\":{\"@id\":\"https:\\\/\\\/hiox.com.ar\\\/hiox\\\/el-final-del-rey-de-la-noche-portena-disparos-de-madrugada-y-la-sombra-de-una-venganza-narco-quien-mato-a-poli-armentano\\\/\"},\"wordCount\":1441,\"commentCount\":0,\"publisher\":{\"@id\":\"https:\\\/\\\/hiox.com.ar\\\/hiox\\\/#organization\"},\"image\":{\"@id\":\"https:\\\/\\\/hiox.com.ar\\\/hiox\\\/el-final-del-rey-de-la-noche-portena-disparos-de-madrugada-y-la-sombra-de-una-venganza-narco-quien-mato-a-poli-armentano\\\/#primaryimage\"},\"thumbnailUrl\":\"https:\\\/\\\/www.infobae.com\\\/resizer\\\/v2\\\/QCBRN5ACTFH4LCR2LMMQVP3Z7U.jpg?auth=5b8072dbcf6b1d4fb06d545bca60532bec00eb24e23adbd753fd0d6c5c3f7588&amp;smart=true&amp;width=1920&amp;height=1080\",\"keywords\":[\"Infobae\",\"Informaci\u00f3n General\",\"Noticias\",\"Novedades\"],\"articleSection\":[\"\ud83d\udcf0 Noticias \ud83d\uddde\ufe0f\"],\"inLanguage\":\"es\",\"potentialAction\":[{\"@type\":\"CommentAction\",\"name\":\"Comment\",\"target\":[\"https:\\\/\\\/hiox.com.ar\\\/hiox\\\/el-final-del-rey-de-la-noche-portena-disparos-de-madrugada-y-la-sombra-de-una-venganza-narco-quien-mato-a-poli-armentano\\\/#respond\"]}]},{\"@type\":[\"WebPage\",\"ItemPage\"],\"@id\":\"https:\\\/\\\/hiox.com.ar\\\/hiox\\\/el-final-del-rey-de-la-noche-portena-disparos-de-madrugada-y-la-sombra-de-una-venganza-narco-quien-mato-a-poli-armentano\\\/\",\"url\":\"https:\\\/\\\/hiox.com.ar\\\/hiox\\\/el-final-del-rey-de-la-noche-portena-disparos-de-madrugada-y-la-sombra-de-una-venganza-narco-quien-mato-a-poli-armentano\\\/\",\"name\":\"El final del \u201cRey de la noche porte\u00f1a\u201d, disparos de madrugada y la sombra de una venganza narco: \u00bfqui\u00e9n mat\u00f3 a Poli Armentano? - HIOX\",\"isPartOf\":{\"@id\":\"https:\\\/\\\/hiox.com.ar\\\/hiox\\\/#website\"},\"primaryImageOfPage\":{\"@id\":\"https:\\\/\\\/hiox.com.ar\\\/hiox\\\/el-final-del-rey-de-la-noche-portena-disparos-de-madrugada-y-la-sombra-de-una-venganza-narco-quien-mato-a-poli-armentano\\\/#primaryimage\"},\"image\":{\"@id\":\"https:\\\/\\\/hiox.com.ar\\\/hiox\\\/el-final-del-rey-de-la-noche-portena-disparos-de-madrugada-y-la-sombra-de-una-venganza-narco-quien-mato-a-poli-armentano\\\/#primaryimage\"},\"thumbnailUrl\":\"https:\\\/\\\/www.infobae.com\\\/resizer\\\/v2\\\/QCBRN5ACTFH4LCR2LMMQVP3Z7U.jpg?auth=5b8072dbcf6b1d4fb06d545bca60532bec00eb24e23adbd753fd0d6c5c3f7588&amp;smart=true&amp;width=1920&amp;height=1080\",\"datePublished\":\"2026-04-24T05:59:02+00:00\",\"description\":\"El final del \u201cRey de la noche porte\u00f1a\u201d, disparos de madrugada y la sombra de una venganza narco: \u00bfqui\u00e9n mat\u00f3 a Poli Armentano?. La pol\u00e9mica investigaci\u00f3n termin\u00f3 sin culpables y con la causa archivada hace 20 a\u00f1os. Un homicidio repleto de versiones que apuntaban a una venganza del narcotr\u00e1fico\",\"breadcrumb\":{\"@id\":\"https:\\\/\\\/hiox.com.ar\\\/hiox\\\/el-final-del-rey-de-la-noche-portena-disparos-de-madrugada-y-la-sombra-de-una-venganza-narco-quien-mato-a-poli-armentano\\\/#breadcrumb\"},\"inLanguage\":\"es\",\"potentialAction\":[{\"@type\":\"ReadAction\",\"target\":[\"https:\\\/\\\/hiox.com.ar\\\/hiox\\\/el-final-del-rey-de-la-noche-portena-disparos-de-madrugada-y-la-sombra-de-una-venganza-narco-quien-mato-a-poli-armentano\\\/\"]}]},{\"@type\":\"ImageObject\",\"inLanguage\":\"es\",\"@id\":\"https:\\\/\\\/hiox.com.ar\\\/hiox\\\/el-final-del-rey-de-la-noche-portena-disparos-de-madrugada-y-la-sombra-de-una-venganza-narco-quien-mato-a-poli-armentano\\\/#primaryimage\",\"url\":\"https:\\\/\\\/www.infobae.com\\\/resizer\\\/v2\\\/QCBRN5ACTFH4LCR2LMMQVP3Z7U.jpg?auth=5b8072dbcf6b1d4fb06d545bca60532bec00eb24e23adbd753fd0d6c5c3f7588&amp;smart=true&amp;width=1920&amp;height=1080\",\"contentUrl\":\"https:\\\/\\\/www.infobae.com\\\/resizer\\\/v2\\\/QCBRN5ACTFH4LCR2LMMQVP3Z7U.jpg?auth=5b8072dbcf6b1d4fb06d545bca60532bec00eb24e23adbd753fd0d6c5c3f7588&amp;smart=true&amp;width=1920&amp;height=1080\"},{\"@type\":\"BreadcrumbList\",\"@id\":\"https:\\\/\\\/hiox.com.ar\\\/hiox\\\/el-final-del-rey-de-la-noche-portena-disparos-de-madrugada-y-la-sombra-de-una-venganza-narco-quien-mato-a-poli-armentano\\\/#breadcrumb\",\"itemListElement\":[{\"@type\":\"ListItem\",\"position\":1,\"name\":\"Portada\",\"item\":\"https:\\\/\\\/hiox.com.ar\\\/hiox\\\/\"},{\"@type\":\"ListItem\",\"position\":2,\"name\":\"El final del \u201cRey de la noche porte\u00f1a\u201d, disparos de madrugada y la sombra de una venganza narco: \u00bfqui\u00e9n mat\u00f3 a Poli Armentano?\"}]},{\"@type\":\"WebSite\",\"@id\":\"https:\\\/\\\/hiox.com.ar\\\/hiox\\\/#website\",\"url\":\"https:\\\/\\\/hiox.com.ar\\\/hiox\\\/\",\"name\":\"HIOX\",\"description\":\"Comercio Electronico\",\"publisher\":{\"@id\":\"https:\\\/\\\/hiox.com.ar\\\/hiox\\\/#organization\"},\"potentialAction\":[{\"@type\":\"SearchAction\",\"target\":{\"@type\":\"EntryPoint\",\"urlTemplate\":\"https:\\\/\\\/hiox.com.ar\\\/hiox\\\/?s={search_term_string}\"},\"query-input\":{\"@type\":\"PropertyValueSpecification\",\"valueRequired\":true,\"valueName\":\"search_term_string\"}}],\"inLanguage\":\"es\"},{\"@type\":\"Organization\",\"@id\":\"https:\\\/\\\/hiox.com.ar\\\/hiox\\\/#organization\",\"name\":\"HIOX\",\"url\":\"https:\\\/\\\/hiox.com.ar\\\/hiox\\\/\",\"logo\":{\"@type\":\"ImageObject\",\"inLanguage\":\"es\",\"@id\":\"https:\\\/\\\/hiox.com.ar\\\/hiox\\\/#\\\/schema\\\/logo\\\/image\\\/\",\"url\":\"https:\\\/\\\/hiox.com.ar\\\/hiox\\\/wp-content\\\/uploads\\\/2025\\\/09\\\/cropped-hiox_logo-1.png\",\"contentUrl\":\"https:\\\/\\\/hiox.com.ar\\\/hiox\\\/wp-content\\\/uploads\\\/2025\\\/09\\\/cropped-hiox_logo-1.png\",\"width\":491,\"height\":158,\"caption\":\"HIOX\"},\"image\":{\"@id\":\"https:\\\/\\\/hiox.com.ar\\\/hiox\\\/#\\\/schema\\\/logo\\\/image\\\/\"}},{\"@type\":\"Person\",\"@id\":\"https:\\\/\\\/hiox.com.ar\\\/hiox\\\/#\\\/schema\\\/person\\\/f70183b020df72016f0614086c3cf170\",\"name\":\"Source Author\",\"image\":{\"@type\":\"ImageObject\",\"inLanguage\":\"es\",\"@id\":\"https:\\\/\\\/secure.gravatar.com\\\/avatar\\\/428a8106f8313bec42aca4e38ea86950b6e88a21b0f2764f9f7a4365dc1017a5?s=96&d=mm&r=g\",\"url\":\"https:\\\/\\\/secure.gravatar.com\\\/avatar\\\/428a8106f8313bec42aca4e38ea86950b6e88a21b0f2764f9f7a4365dc1017a5?s=96&d=mm&r=g\",\"contentUrl\":\"https:\\\/\\\/secure.gravatar.com\\\/avatar\\\/428a8106f8313bec42aca4e38ea86950b6e88a21b0f2764f9f7a4365dc1017a5?s=96&d=mm&r=g\",\"caption\":\"Source Author\"},\"url\":\"https:\\\/\\\/hiox.com.ar\\\/hiox\\\/author\\\/wpra-source-author-site-1\\\/\"}]}<\/script>\n<!-- \/ Yoast SEO plugin. -->","yoast_head_json":{"title":"El final del \u201cRey de la noche porte\u00f1a\u201d, disparos de madrugada y la sombra de una venganza narco: \u00bfqui\u00e9n mat\u00f3 a Poli Armentano? - HIOX","description":"El final del \u201cRey de la noche porte\u00f1a\u201d, disparos de madrugada y la sombra de una venganza narco: \u00bfqui\u00e9n mat\u00f3 a Poli Armentano?. La pol\u00e9mica investigaci\u00f3n termin\u00f3 sin culpables y con la causa archivada hace 20 a\u00f1os. Un homicidio repleto de versiones que apuntaban a una venganza del narcotr\u00e1fico","robots":{"index":"index","follow":"follow","max-snippet":"max-snippet:-1","max-image-preview":"max-image-preview:large","max-video-preview":"max-video-preview:-1"},"canonical":"https:\/\/hiox.com.ar\/hiox\/el-final-del-rey-de-la-noche-portena-disparos-de-madrugada-y-la-sombra-de-una-venganza-narco-quien-mato-a-poli-armentano\/","og_locale":"es_ES","og_type":"article","og_title":"El final del \u201cRey de la noche porte\u00f1a\u201d, disparos de madrugada y la sombra de una venganza narco: \u00bfqui\u00e9n mat\u00f3 a Poli Armentano? - HIOX","og_description":"El final del \u201cRey de la noche porte\u00f1a\u201d, disparos de madrugada y la sombra de una venganza narco: \u00bfqui\u00e9n mat\u00f3 a Poli Armentano?. La pol\u00e9mica investigaci\u00f3n termin\u00f3 sin culpables y con la causa archivada hace 20 a\u00f1os. Un homicidio repleto de versiones que apuntaban a una venganza del narcotr\u00e1fico","og_url":"https:\/\/hiox.com.ar\/hiox\/el-final-del-rey-de-la-noche-portena-disparos-de-madrugada-y-la-sombra-de-una-venganza-narco-quien-mato-a-poli-armentano\/","og_site_name":"HIOX","article_published_time":"2026-04-24T05:59:02+00:00","og_image":[{"url":"https:\/\/www.infobae.com\/resizer\/v2\/QCBRN5ACTFH4LCR2LMMQVP3Z7U.jpg?auth=5b8072dbcf6b1d4fb06d545bca60532bec00eb24e23adbd753fd0d6c5c3f7588&amp;smart=true&amp;width=1920&amp;height=1080","type":"","width":"","height":""}],"author":"Source Author","twitter_card":"summary_large_image","twitter_misc":{"Escrito por":"Source Author","Tiempo de lectura":"7 minutos"},"schema":{"@context":"https:\/\/schema.org","@graph":[{"@type":"NewsArticle","@id":"https:\/\/hiox.com.ar\/hiox\/el-final-del-rey-de-la-noche-portena-disparos-de-madrugada-y-la-sombra-de-una-venganza-narco-quien-mato-a-poli-armentano\/#article","isPartOf":{"@id":"https:\/\/hiox.com.ar\/hiox\/el-final-del-rey-de-la-noche-portena-disparos-de-madrugada-y-la-sombra-de-una-venganza-narco-quien-mato-a-poli-armentano\/"},"author":{"name":"Source Author","@id":"https:\/\/hiox.com.ar\/hiox\/#\/schema\/person\/f70183b020df72016f0614086c3cf170"},"headline":"El final del \u201cRey de la noche porte\u00f1a\u201d, disparos de madrugada y la sombra de una venganza narco: \u00bfqui\u00e9n mat\u00f3 a Poli Armentano?","datePublished":"2026-04-24T05:59:02+00:00","mainEntityOfPage":{"@id":"https:\/\/hiox.com.ar\/hiox\/el-final-del-rey-de-la-noche-portena-disparos-de-madrugada-y-la-sombra-de-una-venganza-narco-quien-mato-a-poli-armentano\/"},"wordCount":1441,"commentCount":0,"publisher":{"@id":"https:\/\/hiox.com.ar\/hiox\/#organization"},"image":{"@id":"https:\/\/hiox.com.ar\/hiox\/el-final-del-rey-de-la-noche-portena-disparos-de-madrugada-y-la-sombra-de-una-venganza-narco-quien-mato-a-poli-armentano\/#primaryimage"},"thumbnailUrl":"https:\/\/www.infobae.com\/resizer\/v2\/QCBRN5ACTFH4LCR2LMMQVP3Z7U.jpg?auth=5b8072dbcf6b1d4fb06d545bca60532bec00eb24e23adbd753fd0d6c5c3f7588&amp;smart=true&amp;width=1920&amp;height=1080","keywords":["Infobae","Informaci\u00f3n General","Noticias","Novedades"],"articleSection":["\ud83d\udcf0 Noticias \ud83d\uddde\ufe0f"],"inLanguage":"es","potentialAction":[{"@type":"CommentAction","name":"Comment","target":["https:\/\/hiox.com.ar\/hiox\/el-final-del-rey-de-la-noche-portena-disparos-de-madrugada-y-la-sombra-de-una-venganza-narco-quien-mato-a-poli-armentano\/#respond"]}]},{"@type":["WebPage","ItemPage"],"@id":"https:\/\/hiox.com.ar\/hiox\/el-final-del-rey-de-la-noche-portena-disparos-de-madrugada-y-la-sombra-de-una-venganza-narco-quien-mato-a-poli-armentano\/","url":"https:\/\/hiox.com.ar\/hiox\/el-final-del-rey-de-la-noche-portena-disparos-de-madrugada-y-la-sombra-de-una-venganza-narco-quien-mato-a-poli-armentano\/","name":"El final del \u201cRey de la noche porte\u00f1a\u201d, disparos de madrugada y la sombra de una venganza narco: \u00bfqui\u00e9n mat\u00f3 a Poli Armentano? - HIOX","isPartOf":{"@id":"https:\/\/hiox.com.ar\/hiox\/#website"},"primaryImageOfPage":{"@id":"https:\/\/hiox.com.ar\/hiox\/el-final-del-rey-de-la-noche-portena-disparos-de-madrugada-y-la-sombra-de-una-venganza-narco-quien-mato-a-poli-armentano\/#primaryimage"},"image":{"@id":"https:\/\/hiox.com.ar\/hiox\/el-final-del-rey-de-la-noche-portena-disparos-de-madrugada-y-la-sombra-de-una-venganza-narco-quien-mato-a-poli-armentano\/#primaryimage"},"thumbnailUrl":"https:\/\/www.infobae.com\/resizer\/v2\/QCBRN5ACTFH4LCR2LMMQVP3Z7U.jpg?auth=5b8072dbcf6b1d4fb06d545bca60532bec00eb24e23adbd753fd0d6c5c3f7588&amp;smart=true&amp;width=1920&amp;height=1080","datePublished":"2026-04-24T05:59:02+00:00","description":"El final del \u201cRey de la noche porte\u00f1a\u201d, disparos de madrugada y la sombra de una venganza narco: \u00bfqui\u00e9n mat\u00f3 a Poli Armentano?. La pol\u00e9mica investigaci\u00f3n termin\u00f3 sin culpables y con la causa archivada hace 20 a\u00f1os. Un homicidio repleto de versiones que apuntaban a una venganza del narcotr\u00e1fico","breadcrumb":{"@id":"https:\/\/hiox.com.ar\/hiox\/el-final-del-rey-de-la-noche-portena-disparos-de-madrugada-y-la-sombra-de-una-venganza-narco-quien-mato-a-poli-armentano\/#breadcrumb"},"inLanguage":"es","potentialAction":[{"@type":"ReadAction","target":["https:\/\/hiox.com.ar\/hiox\/el-final-del-rey-de-la-noche-portena-disparos-de-madrugada-y-la-sombra-de-una-venganza-narco-quien-mato-a-poli-armentano\/"]}]},{"@type":"ImageObject","inLanguage":"es","@id":"https:\/\/hiox.com.ar\/hiox\/el-final-del-rey-de-la-noche-portena-disparos-de-madrugada-y-la-sombra-de-una-venganza-narco-quien-mato-a-poli-armentano\/#primaryimage","url":"https:\/\/www.infobae.com\/resizer\/v2\/QCBRN5ACTFH4LCR2LMMQVP3Z7U.jpg?auth=5b8072dbcf6b1d4fb06d545bca60532bec00eb24e23adbd753fd0d6c5c3f7588&amp;smart=true&amp;width=1920&amp;height=1080","contentUrl":"https:\/\/www.infobae.com\/resizer\/v2\/QCBRN5ACTFH4LCR2LMMQVP3Z7U.jpg?auth=5b8072dbcf6b1d4fb06d545bca60532bec00eb24e23adbd753fd0d6c5c3f7588&amp;smart=true&amp;width=1920&amp;height=1080"},{"@type":"BreadcrumbList","@id":"https:\/\/hiox.com.ar\/hiox\/el-final-del-rey-de-la-noche-portena-disparos-de-madrugada-y-la-sombra-de-una-venganza-narco-quien-mato-a-poli-armentano\/#breadcrumb","itemListElement":[{"@type":"ListItem","position":1,"name":"Portada","item":"https:\/\/hiox.com.ar\/hiox\/"},{"@type":"ListItem","position":2,"name":"El final del \u201cRey de la noche porte\u00f1a\u201d, disparos de madrugada y la sombra de una venganza narco: \u00bfqui\u00e9n mat\u00f3 a Poli Armentano?"}]},{"@type":"WebSite","@id":"https:\/\/hiox.com.ar\/hiox\/#website","url":"https:\/\/hiox.com.ar\/hiox\/","name":"HIOX","description":"Comercio Electronico","publisher":{"@id":"https:\/\/hiox.com.ar\/hiox\/#organization"},"potentialAction":[{"@type":"SearchAction","target":{"@type":"EntryPoint","urlTemplate":"https:\/\/hiox.com.ar\/hiox\/?s={search_term_string}"},"query-input":{"@type":"PropertyValueSpecification","valueRequired":true,"valueName":"search_term_string"}}],"inLanguage":"es"},{"@type":"Organization","@id":"https:\/\/hiox.com.ar\/hiox\/#organization","name":"HIOX","url":"https:\/\/hiox.com.ar\/hiox\/","logo":{"@type":"ImageObject","inLanguage":"es","@id":"https:\/\/hiox.com.ar\/hiox\/#\/schema\/logo\/image\/","url":"https:\/\/hiox.com.ar\/hiox\/wp-content\/uploads\/2025\/09\/cropped-hiox_logo-1.png","contentUrl":"https:\/\/hiox.com.ar\/hiox\/wp-content\/uploads\/2025\/09\/cropped-hiox_logo-1.png","width":491,"height":158,"caption":"HIOX"},"image":{"@id":"https:\/\/hiox.com.ar\/hiox\/#\/schema\/logo\/image\/"}},{"@type":"Person","@id":"https:\/\/hiox.com.ar\/hiox\/#\/schema\/person\/f70183b020df72016f0614086c3cf170","name":"Source Author","image":{"@type":"ImageObject","inLanguage":"es","@id":"https:\/\/secure.gravatar.com\/avatar\/428a8106f8313bec42aca4e38ea86950b6e88a21b0f2764f9f7a4365dc1017a5?s=96&d=mm&r=g","url":"https:\/\/secure.gravatar.com\/avatar\/428a8106f8313bec42aca4e38ea86950b6e88a21b0f2764f9f7a4365dc1017a5?s=96&d=mm&r=g","contentUrl":"https:\/\/secure.gravatar.com\/avatar\/428a8106f8313bec42aca4e38ea86950b6e88a21b0f2764f9f7a4365dc1017a5?s=96&d=mm&r=g","caption":"Source Author"},"url":"https:\/\/hiox.com.ar\/hiox\/author\/wpra-source-author-site-1\/"}]}},"_links":{"self":[{"href":"https:\/\/hiox.com.ar\/hiox\/wp-json\/wp\/v2\/posts\/3043","targetHints":{"allow":["GET"]}}],"collection":[{"href":"https:\/\/hiox.com.ar\/hiox\/wp-json\/wp\/v2\/posts"}],"about":[{"href":"https:\/\/hiox.com.ar\/hiox\/wp-json\/wp\/v2\/types\/post"}],"author":[{"embeddable":true,"href":"https:\/\/hiox.com.ar\/hiox\/wp-json\/wp\/v2\/users\/3"}],"replies":[{"embeddable":true,"href":"https:\/\/hiox.com.ar\/hiox\/wp-json\/wp\/v2\/comments?post=3043"}],"version-history":[{"count":0,"href":"https:\/\/hiox.com.ar\/hiox\/wp-json\/wp\/v2\/posts\/3043\/revisions"}],"wp:attachment":[{"href":"https:\/\/hiox.com.ar\/hiox\/wp-json\/wp\/v2\/media?parent=3043"}],"wp:term":[{"taxonomy":"category","embeddable":true,"href":"https:\/\/hiox.com.ar\/hiox\/wp-json\/wp\/v2\/categories?post=3043"},{"taxonomy":"post_tag","embeddable":true,"href":"https:\/\/hiox.com.ar\/hiox\/wp-json\/wp\/v2\/tags?post=3043"}],"curies":[{"name":"wp","href":"https:\/\/api.w.org\/{rel}","templated":true}]}}