{"id":3041,"date":"2026-04-24T02:58:22","date_gmt":"2026-04-24T05:58:22","guid":{"rendered":"https:\/\/hiox.com.ar\/hiox\/el-gobierno-debio-postergar-la-reunion-de-mesa-politica-y-demora-el-debate-por-la-estrategia-de-la-reforma-electoral\/"},"modified":"2026-04-24T02:58:22","modified_gmt":"2026-04-24T05:58:22","slug":"el-gobierno-debio-postergar-la-reunion-de-mesa-politica-y-demora-el-debate-por-la-estrategia-de-la-reforma-electoral","status":"publish","type":"post","link":"https:\/\/hiox.com.ar\/hiox\/el-gobierno-debio-postergar-la-reunion-de-mesa-politica-y-demora-el-debate-por-la-estrategia-de-la-reforma-electoral\/","title":{"rendered":"El Gobierno debi\u00f3 postergar la reuni\u00f3n de mesa pol\u00edtica y demora el debate por la estrategia de la reforma electoral"},"content":{"rendered":"<p>Informaci\u00f3n detallada sobre <strong>El Gobierno debi\u00f3 postergar la reuni\u00f3n de mesa pol\u00edtica y demora el debate por la estrategia de la reforma electoral<\/strong>. Te traemos las \u00faltimas noticias sobre Noticia Infobae, un tema de gran inter\u00e9s para hoy 24 April, 2026.<\/p>\n<div class=\"entry-content-body\">\n<div><img loading=\"lazy\" decoding=\"async\" src=\"https:\/\/www.infobae.com\/resizer\/v2\/O6DGIO3HEVE7HMZO4UOPJI7MLQ.png?auth=7e8a7734c157ee2d4c9b72d2f7437dadcdbfec6d56950c3a78d27ce9d1a3a17c&amp;smart=true&amp;width=1920&amp;height=1080\" alt=\"La mesa pol\u00edtica se re\u00fane en Casa Rosada\" height=\"1080\" width=\"1920\"><\/p>\n<p>Al cierre de una semana intensa, el jefe de Gabinete, <b>Manuel Adorni<\/b>, debi\u00f3 reprogramar la reuni\u00f3n de mesa pol\u00edtica prevista para este viernes por \u201cproblemas de agenda\u201d, y postergar\u00e1 para el pr\u00f3ximo <b>lunes a las 14<\/b> la definici\u00f3n de la estrategia legislativa que desplegar\u00e1 el Gobierno y que ejecutar\u00e1n los alfiles negociadores para intentar aprobar el proyecto de <b>reforma electoral<\/b> enviado recientemente al Congreso Nacional. <\/p>\n<p>Con complicaciones en la coordinaci\u00f3n de horarios, la cita que estaba programada para las <b>11 <\/b>de este viernes, en las oficinas del Ministerio del Interior de Casa Rosada, se pospuso para principios de la semana entrante debido a que la titular del bloque de La Libertad Avanza en la C\u00e1mara de Senadores, <b>Patricia Bullrich<\/b>, no pod\u00eda dar el presente por cuestiones de agenda. La decisi\u00f3n se tom\u00f3 a \u00faltima hora del jueves luego de analizar la posibilidad de retrasar el horario. <\/p>\n<p>Seg\u00fan anticiparon fuentes oficiales, el nuevo intercambio apunta a elaborar un primer <b>estado de situaci\u00f3n de la reforma,<\/b> que ingres\u00f3 al Congreso el pasado mi\u00e9rcoles, para, en funci\u00f3n de las primeras reacciones, dise\u00f1ar una estrategia que permita avanzar con las modificaciones que el oficialismo aspira aplicar en el sistema democr\u00e1tico en la previa a las elecciones presidenciales de 2027.<\/p>\n<p>Tras el anuncio del mandatario y el posterior env\u00edo al Senado, las bancadas aliadas, en particular el PRO y la Uni\u00f3n C\u00edvica Radical manifestaron su rechazo al proyecto que contempla la eliminaci\u00f3n de las <b>elecciones Primarias, Abiertas, Simult\u00e1neas y Obligatorias<\/b> (PASO) y una revisi\u00f3n profunda del sistema de financiamiento actual de los partidos pol\u00edticos, entre otros puntos. <\/p>\n<p>Ante ese escenario, el lunes, Adorni recibir\u00e1 en su despacho a los ministros <b>Diego Santilli <\/b>(Interior) y <b>Luis Caputo <\/b>(Econom\u00eda); al titular de la C\u00e1mara de Diputados, <b>Mart\u00edn Menem<\/b>, y al armador nacional, <b>Eduardo \u201cLule\u201d Menem<\/b>; al asesor presidencial, <b>Santiago Caputo; <\/b>y a la jefa de bloque de LLA, <b>Patricia Bullrich<\/b>, para intentar ordenar el paso a paso parlamentario. Todo bajo la supervisi\u00f3n de la secretaria general de la Presidencia, <b>Karina Milei.<\/b><\/p>\n<p><img loading=\"lazy\" decoding=\"async\" src=\"https:\/\/www.infobae.com\/resizer\/v2\/HYGVXKZ6DVE4DI6WWTUOE5ZVJM.JPG?auth=2aca3ca858440ec3a0ce59cf3e46a5c2f3ede28d0bbc7b0185049bcc7da3e342&amp;smart=true&amp;width=5293&amp;height=3600\" alt=\"La senadora de LLA Patricia Bullrich (REUTERS\/Matias Baglietto)\" height=\"3600\" width=\"5293\"><\/p>\n<p>\u201cLa clave de la reforma son las PASO. Tambi\u00e9n el tema del financiamiento<b>, pero la prioridad son las PASO y sabemos que es probable que no apoyen, veremos alternativas<\/b>\u201d, garantizaba a este medio una fuente que transita los pasillos de Casa Rosada. Sin los votos para aprobarlo, un sector del oficialismo se muestra abierto a dar lugar a la posibilidad de plantear alternativas como la<b> <\/b><a href=\"https:\/\/www.infobae.com\/politica\/2026\/04\/23\/el-gobierno-se-prepara-para-encarar-una-compleja-negociacion-con-los-aliados-por-la-reforma-electoral\/\" target=\"_blank\" rel=\"\" title=\"https:\/\/www.infobae.com\/politica\/2026\/04\/23\/el-gobierno-se-prepara-para-encarar-una-compleja-negociacion-con-los-aliados-por-la-reforma-electoral\/\"><b>suspensi\u00f3n o, eventualmente, la eliminaci\u00f3n de la obligatoriedad de la misma. <\/b><\/a><\/p>\n<p>Asimismo, <b>Bullrich <\/b>activ\u00f3 los primeros contactos con los jefes de las bancadas aliadas el mismo mi\u00e9rcoles con intenci\u00f3n de dise\u00f1ar un primer panorama de apoyos sobre los que trabajar, lo que habilitar\u00e1 a Santilli a entrar en acci\u00f3n, quien tiene previsto <b>retomar las recorridas por las provincias<\/b>. \u201cEl primer sondeo se est\u00e1 haciendo en el Senado por ahora, <b>pero tambi\u00e9n estamos trabajando en el de Propiedad Privada<\/b>\u201d, expres\u00f3 ante este medio un integrante del reducido c\u00edrculo. <\/p>\n<p>En el oficialismo vaticinan que el panorama podr\u00eda complejizarse en <b>Diputados<\/b>, puntualmente con las modificaciones previstas en la Ley de Financiamiento sobre los Partidos Pol\u00edticos, por lo que esperan la sesi\u00f3n en la C\u00e1mara Alta para dise\u00f1ar la estrategia. \u201cEs probable que el tema de financiamiento est\u00e9 m\u00e1s dif\u00edcil en Diputados porque <b>hay varios sectores que hacen rosca con la plata del Estado, pero Ficha Limpia oficia de se\u00f1uelo<\/b>\u201d, admiti\u00f3 ante este medio una fuente legislativa. <\/p>\n<p>El intercambio tendr\u00e1 adem\u00e1s una instancia <b>de repaso de las iniciativas enviadas<\/b> hasta entonces para delimitar los pr\u00f3ximos pasos y fijar fechas de las medidas prioritarias. La hoja de ruta legislativa prevista para los pr\u00f3ximos meses contempla adem\u00e1s la medida dise\u00f1ada por el ministro de Desregulaci\u00f3n y Transformaci\u00f3n del Estado, Federico Sturzenegger, en defensa de la Propiedad Privada, pero tambi\u00e9n los cambios incorporados en la <a href=\"https:\/\/www.infobae.com\/salud\/2026\/04\/07\/como-sera-el-nuevo-proyecto-de-ley-de-salud-mental-que-el-gobierno-mandara-al-congreso\/\" target=\"_blank\" rel=\"\" title=\"https:\/\/www.infobae.com\/salud\/2026\/04\/07\/como-sera-el-nuevo-proyecto-de-ley-de-salud-mental-que-el-gobierno-mandara-al-congreso\/\"><b>Ley de Salud Mental <\/b><\/a>y el proyecto de Fraude de Pensiones por Invalidez.<\/p>\n<p><img loading=\"lazy\" decoding=\"async\" src=\"https:\/\/www.infobae.com\/resizer\/v2\/A6OENKAF4FAJ7F2JBK7KQL6T4E.jpg?auth=392998cd32c475392772d68a163770e7f6729d46788e3302c8690fe8beaac0b3&amp;smart=true&amp;width=3000&amp;height=2028\" alt=\"El jefe de Gabinete, Manuel Adorni, en el Congreso (Maximiliano Luna)\" height=\"2028\" width=\"3000\"><\/p>\n<p>La reuni\u00f3n se convoc\u00f3 sin la prensa acreditada, luego de que Milei ordenara la restricci\u00f3n en el acceso a Casa Rosada, y en la previa a una semana clave. El pr\u00f3ximo mi\u00e9rcoles, el ministro coordinador asistir\u00e1 a la C\u00e1mara de Diputados a brindar <b>su primer informe de gesti\u00f3n <\/b>escoltado por el mandatario que confirm\u00f3 hace algunas horas su asistencia. <\/p>\n<p>Se espera que haya menci\u00f3n al detalle del contenido del mismo tras la recopilaci\u00f3n de las m\u00e1s de 2200 preguntas en las que trabajan los equipos designados. Ser\u00e1 el evento que marcar\u00e1 un quiebre en la din\u00e1mica comunicacional del exvocero, que se mantiene en reserva desde hace semanas, y activar\u00e1 la actividad legislativa suspendida desde la habilitaci\u00f3n a las modificaciones a la Ley de Glaciares. <\/p>\n<\/div>\n<\/div>\n<hr \/>\n<p>Esta noticia sobre <strong>El Gobierno debi\u00f3 postergar la reuni\u00f3n de mesa pol\u00edtica y demora el debate por la estrategia de la reforma electoral<\/strong> fue publicada originalmente en <a href=\"https:\/\/www.infobae.com\/arc\/outboundfeeds\/rss\/\" target=\"_blank\" rel=\"nofollow\">Infobae.com<\/a>. Puedes ampliar la informaci\u00f3n siguiendo el enlace a la fuente original: <a href=\"https:\/\/www.infobae.com\/politica\/2026\/04\/24\/el-gobierno-debio-postergar-la-reunion-de-mesa-politica-y-demora-el-debate-por-la-estrategia-de-la-reforma-electoral\/\" target=\"_blank\" rel=\"noopener noreferrer\">El Gobierno debi\u00f3 postergar la reuni\u00f3n de mesa pol\u00edtica y demora el debate por la estrategia de la reforma electoral<\/a>.<\/p>\n<p><small>Categor\u00eda: Noticia Infobae | Fecha: 24 April, 2026<\/small><\/p>\n","protected":false},"excerpt":{"rendered":"<div>El reducido equipo suspendi\u00f3 la cita de este viernes a las 11 tras alegar problemas de agenda. El pr\u00f3ximo lunes a las 14 analizar\u00e1n las primeras reacciones del proyecto y un temario que incluye un repaso de la agenda legislativa<\/div>\n","protected":false},"author":3,"featured_media":0,"comment_status":"open","ping_status":"open","sticky":false,"template":"","format":"standard","meta":{"site-sidebar-layout":"default","site-content-layout":"","ast-site-content-layout":"default","site-content-style":"default","site-sidebar-style":"default","ast-global-header-display":"","ast-banner-title-visibility":"","ast-main-header-display":"","ast-hfb-above-header-display":"","ast-hfb-below-header-display":"","ast-hfb-mobile-header-display":"","site-post-title":"","ast-breadcrumbs-content":"","ast-featured-img":"","footer-sml-layout":"","ast-disable-related-posts":"","theme-transparent-header-meta":"","adv-header-id-meta":"","stick-header-meta":"","header-above-stick-meta":"","header-main-stick-meta":"","header-below-stick-meta":"","astra-migrate-meta-layouts":"default","ast-page-background-enabled":"default","ast-page-background-meta":{"desktop":{"background-color":"var(--ast-global-color-5)","background-image":"","background-repeat":"repeat","background-position":"center center","background-size":"auto","background-attachment":"scroll","background-type":"","background-media":"","overlay-type":"","overlay-color":"","overlay-opacity":"","overlay-gradient":""},"tablet":{"background-color":"","background-image":"","background-repeat":"repeat","background-position":"center center","background-size":"auto","background-attachment":"scroll","background-type":"","background-media":"","overlay-type":"","overlay-color":"","overlay-opacity":"","overlay-gradient":""},"mobile":{"background-color":"","background-image":"","background-repeat":"repeat","background-position":"center center","background-size":"auto","background-attachment":"scroll","background-type":"","background-media":"","overlay-type":"","overlay-color":"","overlay-opacity":"","overlay-gradient":""}},"ast-content-background-meta":{"desktop":{"background-color":"var(--ast-global-color-4)","background-image":"","background-repeat":"repeat","background-position":"center center","background-size":"auto","background-attachment":"scroll","background-type":"","background-media":"","overlay-type":"","overlay-color":"","overlay-opacity":"","overlay-gradient":""},"tablet":{"background-color":"var(--ast-global-color-4)","background-image":"","background-repeat":"repeat","background-position":"center center","background-size":"auto","background-attachment":"scroll","background-type":"","background-media":"","overlay-type":"","overlay-color":"","overlay-opacity":"","overlay-gradient":""},"mobile":{"background-color":"var(--ast-global-color-4)","background-image":"","background-repeat":"repeat","background-position":"center center","background-size":"auto","background-attachment":"scroll","background-type":"","background-media":"","overlay-type":"","overlay-color":"","overlay-opacity":"","overlay-gradient":""}},"fifu_image_url":"","fifu_image_alt":"","footnotes":""},"categories":[23],"tags":[25,27,24,26],"class_list":["post-3041","post","type-post","status-publish","format-standard","hentry","category-noticias","tag-infobae","tag-informacion-general","tag-noticias","tag-novedades"],"yoast_head":"<!-- This site is optimized with the Yoast SEO plugin v27.5 - https:\/\/yoast.com\/product\/yoast-seo-wordpress\/ -->\n<title>El Gobierno debi\u00f3 postergar la reuni\u00f3n de mesa pol\u00edtica y demora el debate por la estrategia de la reforma electoral - HIOX<\/title>\n<meta name=\"description\" content=\"El Gobierno debi\u00f3 postergar la reuni\u00f3n de mesa pol\u00edtica y demora el debate por la estrategia de la reforma electoral. El reducido equipo suspendi\u00f3 la cita de este viernes a las 11 tras alegar problemas de agenda. El pr\u00f3ximo lunes a las 14 analizar\u00e1n las primeras reacciones del proyecto y un temario que incluye un repaso de la agenda legislativa\" \/>\n<meta name=\"robots\" content=\"index, follow, max-snippet:-1, max-image-preview:large, max-video-preview:-1\" \/>\n<link rel=\"canonical\" href=\"https:\/\/hiox.com.ar\/hiox\/el-gobierno-debio-postergar-la-reunion-de-mesa-politica-y-demora-el-debate-por-la-estrategia-de-la-reforma-electoral\/\" \/>\n<meta property=\"og:locale\" content=\"es_ES\" \/>\n<meta property=\"og:type\" content=\"article\" \/>\n<meta property=\"og:title\" content=\"El Gobierno debi\u00f3 postergar la reuni\u00f3n de mesa pol\u00edtica y demora el debate por la estrategia de la reforma electoral - HIOX\" \/>\n<meta property=\"og:description\" content=\"El Gobierno debi\u00f3 postergar la reuni\u00f3n de mesa pol\u00edtica y demora el debate por la estrategia de la reforma electoral. El reducido equipo suspendi\u00f3 la cita de este viernes a las 11 tras alegar problemas de agenda. El pr\u00f3ximo lunes a las 14 analizar\u00e1n las primeras reacciones del proyecto y un temario que incluye un repaso de la agenda legislativa\" \/>\n<meta property=\"og:url\" content=\"https:\/\/hiox.com.ar\/hiox\/el-gobierno-debio-postergar-la-reunion-de-mesa-politica-y-demora-el-debate-por-la-estrategia-de-la-reforma-electoral\/\" \/>\n<meta property=\"og:site_name\" content=\"HIOX\" \/>\n<meta property=\"article:published_time\" content=\"2026-04-24T05:58:22+00:00\" \/>\n<meta property=\"og:image\" content=\"https:\/\/www.infobae.com\/resizer\/v2\/O6DGIO3HEVE7HMZO4UOPJI7MLQ.png?auth=7e8a7734c157ee2d4c9b72d2f7437dadcdbfec6d56950c3a78d27ce9d1a3a17c&amp;smart=true&amp;width=1920&amp;height=1080\" \/>\n<meta name=\"author\" content=\"Source Author\" \/>\n<meta name=\"twitter:card\" content=\"summary_large_image\" \/>\n<meta name=\"twitter:label1\" content=\"Escrito por\" \/>\n\t<meta name=\"twitter:data1\" content=\"Source Author\" \/>\n\t<meta name=\"twitter:label2\" content=\"Tiempo de lectura\" \/>\n\t<meta name=\"twitter:data2\" content=\"5 minutos\" \/>\n<script type=\"application\/ld+json\" class=\"yoast-schema-graph\">{\"@context\":\"https:\\\/\\\/schema.org\",\"@graph\":[{\"@type\":\"NewsArticle\",\"@id\":\"https:\\\/\\\/hiox.com.ar\\\/hiox\\\/el-gobierno-debio-postergar-la-reunion-de-mesa-politica-y-demora-el-debate-por-la-estrategia-de-la-reforma-electoral\\\/#article\",\"isPartOf\":{\"@id\":\"https:\\\/\\\/hiox.com.ar\\\/hiox\\\/el-gobierno-debio-postergar-la-reunion-de-mesa-politica-y-demora-el-debate-por-la-estrategia-de-la-reforma-electoral\\\/\"},\"author\":{\"name\":\"Source Author\",\"@id\":\"https:\\\/\\\/hiox.com.ar\\\/hiox\\\/#\\\/schema\\\/person\\\/f70183b020df72016f0614086c3cf170\"},\"headline\":\"El Gobierno debi\u00f3 postergar la reuni\u00f3n de mesa pol\u00edtica y demora el debate por la estrategia de la reforma electoral\",\"datePublished\":\"2026-04-24T05:58:22+00:00\",\"mainEntityOfPage\":{\"@id\":\"https:\\\/\\\/hiox.com.ar\\\/hiox\\\/el-gobierno-debio-postergar-la-reunion-de-mesa-politica-y-demora-el-debate-por-la-estrategia-de-la-reforma-electoral\\\/\"},\"wordCount\":958,\"commentCount\":0,\"publisher\":{\"@id\":\"https:\\\/\\\/hiox.com.ar\\\/hiox\\\/#organization\"},\"image\":{\"@id\":\"https:\\\/\\\/hiox.com.ar\\\/hiox\\\/el-gobierno-debio-postergar-la-reunion-de-mesa-politica-y-demora-el-debate-por-la-estrategia-de-la-reforma-electoral\\\/#primaryimage\"},\"thumbnailUrl\":\"https:\\\/\\\/www.infobae.com\\\/resizer\\\/v2\\\/O6DGIO3HEVE7HMZO4UOPJI7MLQ.png?auth=7e8a7734c157ee2d4c9b72d2f7437dadcdbfec6d56950c3a78d27ce9d1a3a17c&amp;smart=true&amp;width=1920&amp;height=1080\",\"keywords\":[\"Infobae\",\"Informaci\u00f3n General\",\"Noticias\",\"Novedades\"],\"articleSection\":[\"\ud83d\udcf0 Noticias \ud83d\uddde\ufe0f\"],\"inLanguage\":\"es\",\"potentialAction\":[{\"@type\":\"CommentAction\",\"name\":\"Comment\",\"target\":[\"https:\\\/\\\/hiox.com.ar\\\/hiox\\\/el-gobierno-debio-postergar-la-reunion-de-mesa-politica-y-demora-el-debate-por-la-estrategia-de-la-reforma-electoral\\\/#respond\"]}]},{\"@type\":[\"WebPage\",\"ItemPage\"],\"@id\":\"https:\\\/\\\/hiox.com.ar\\\/hiox\\\/el-gobierno-debio-postergar-la-reunion-de-mesa-politica-y-demora-el-debate-por-la-estrategia-de-la-reforma-electoral\\\/\",\"url\":\"https:\\\/\\\/hiox.com.ar\\\/hiox\\\/el-gobierno-debio-postergar-la-reunion-de-mesa-politica-y-demora-el-debate-por-la-estrategia-de-la-reforma-electoral\\\/\",\"name\":\"El Gobierno debi\u00f3 postergar la reuni\u00f3n de mesa pol\u00edtica y demora el debate por la estrategia de la reforma electoral - HIOX\",\"isPartOf\":{\"@id\":\"https:\\\/\\\/hiox.com.ar\\\/hiox\\\/#website\"},\"primaryImageOfPage\":{\"@id\":\"https:\\\/\\\/hiox.com.ar\\\/hiox\\\/el-gobierno-debio-postergar-la-reunion-de-mesa-politica-y-demora-el-debate-por-la-estrategia-de-la-reforma-electoral\\\/#primaryimage\"},\"image\":{\"@id\":\"https:\\\/\\\/hiox.com.ar\\\/hiox\\\/el-gobierno-debio-postergar-la-reunion-de-mesa-politica-y-demora-el-debate-por-la-estrategia-de-la-reforma-electoral\\\/#primaryimage\"},\"thumbnailUrl\":\"https:\\\/\\\/www.infobae.com\\\/resizer\\\/v2\\\/O6DGIO3HEVE7HMZO4UOPJI7MLQ.png?auth=7e8a7734c157ee2d4c9b72d2f7437dadcdbfec6d56950c3a78d27ce9d1a3a17c&amp;smart=true&amp;width=1920&amp;height=1080\",\"datePublished\":\"2026-04-24T05:58:22+00:00\",\"description\":\"El Gobierno debi\u00f3 postergar la reuni\u00f3n de mesa pol\u00edtica y demora el debate por la estrategia de la reforma electoral. El reducido equipo suspendi\u00f3 la cita de este viernes a las 11 tras alegar problemas de agenda. El pr\u00f3ximo lunes a las 14 analizar\u00e1n las primeras reacciones del proyecto y un temario que incluye un repaso de la agenda legislativa\",\"breadcrumb\":{\"@id\":\"https:\\\/\\\/hiox.com.ar\\\/hiox\\\/el-gobierno-debio-postergar-la-reunion-de-mesa-politica-y-demora-el-debate-por-la-estrategia-de-la-reforma-electoral\\\/#breadcrumb\"},\"inLanguage\":\"es\",\"potentialAction\":[{\"@type\":\"ReadAction\",\"target\":[\"https:\\\/\\\/hiox.com.ar\\\/hiox\\\/el-gobierno-debio-postergar-la-reunion-de-mesa-politica-y-demora-el-debate-por-la-estrategia-de-la-reforma-electoral\\\/\"]}]},{\"@type\":\"ImageObject\",\"inLanguage\":\"es\",\"@id\":\"https:\\\/\\\/hiox.com.ar\\\/hiox\\\/el-gobierno-debio-postergar-la-reunion-de-mesa-politica-y-demora-el-debate-por-la-estrategia-de-la-reforma-electoral\\\/#primaryimage\",\"url\":\"https:\\\/\\\/www.infobae.com\\\/resizer\\\/v2\\\/O6DGIO3HEVE7HMZO4UOPJI7MLQ.png?auth=7e8a7734c157ee2d4c9b72d2f7437dadcdbfec6d56950c3a78d27ce9d1a3a17c&amp;smart=true&amp;width=1920&amp;height=1080\",\"contentUrl\":\"https:\\\/\\\/www.infobae.com\\\/resizer\\\/v2\\\/O6DGIO3HEVE7HMZO4UOPJI7MLQ.png?auth=7e8a7734c157ee2d4c9b72d2f7437dadcdbfec6d56950c3a78d27ce9d1a3a17c&amp;smart=true&amp;width=1920&amp;height=1080\"},{\"@type\":\"BreadcrumbList\",\"@id\":\"https:\\\/\\\/hiox.com.ar\\\/hiox\\\/el-gobierno-debio-postergar-la-reunion-de-mesa-politica-y-demora-el-debate-por-la-estrategia-de-la-reforma-electoral\\\/#breadcrumb\",\"itemListElement\":[{\"@type\":\"ListItem\",\"position\":1,\"name\":\"Portada\",\"item\":\"https:\\\/\\\/hiox.com.ar\\\/hiox\\\/\"},{\"@type\":\"ListItem\",\"position\":2,\"name\":\"El Gobierno debi\u00f3 postergar la reuni\u00f3n de mesa pol\u00edtica y demora el debate por la estrategia de la reforma electoral\"}]},{\"@type\":\"WebSite\",\"@id\":\"https:\\\/\\\/hiox.com.ar\\\/hiox\\\/#website\",\"url\":\"https:\\\/\\\/hiox.com.ar\\\/hiox\\\/\",\"name\":\"HIOX\",\"description\":\"Comercio Electronico\",\"publisher\":{\"@id\":\"https:\\\/\\\/hiox.com.ar\\\/hiox\\\/#organization\"},\"potentialAction\":[{\"@type\":\"SearchAction\",\"target\":{\"@type\":\"EntryPoint\",\"urlTemplate\":\"https:\\\/\\\/hiox.com.ar\\\/hiox\\\/?s={search_term_string}\"},\"query-input\":{\"@type\":\"PropertyValueSpecification\",\"valueRequired\":true,\"valueName\":\"search_term_string\"}}],\"inLanguage\":\"es\"},{\"@type\":\"Organization\",\"@id\":\"https:\\\/\\\/hiox.com.ar\\\/hiox\\\/#organization\",\"name\":\"HIOX\",\"url\":\"https:\\\/\\\/hiox.com.ar\\\/hiox\\\/\",\"logo\":{\"@type\":\"ImageObject\",\"inLanguage\":\"es\",\"@id\":\"https:\\\/\\\/hiox.com.ar\\\/hiox\\\/#\\\/schema\\\/logo\\\/image\\\/\",\"url\":\"https:\\\/\\\/hiox.com.ar\\\/hiox\\\/wp-content\\\/uploads\\\/2025\\\/09\\\/cropped-hiox_logo-1.png\",\"contentUrl\":\"https:\\\/\\\/hiox.com.ar\\\/hiox\\\/wp-content\\\/uploads\\\/2025\\\/09\\\/cropped-hiox_logo-1.png\",\"width\":491,\"height\":158,\"caption\":\"HIOX\"},\"image\":{\"@id\":\"https:\\\/\\\/hiox.com.ar\\\/hiox\\\/#\\\/schema\\\/logo\\\/image\\\/\"}},{\"@type\":\"Person\",\"@id\":\"https:\\\/\\\/hiox.com.ar\\\/hiox\\\/#\\\/schema\\\/person\\\/f70183b020df72016f0614086c3cf170\",\"name\":\"Source Author\",\"image\":{\"@type\":\"ImageObject\",\"inLanguage\":\"es\",\"@id\":\"https:\\\/\\\/secure.gravatar.com\\\/avatar\\\/428a8106f8313bec42aca4e38ea86950b6e88a21b0f2764f9f7a4365dc1017a5?s=96&d=mm&r=g\",\"url\":\"https:\\\/\\\/secure.gravatar.com\\\/avatar\\\/428a8106f8313bec42aca4e38ea86950b6e88a21b0f2764f9f7a4365dc1017a5?s=96&d=mm&r=g\",\"contentUrl\":\"https:\\\/\\\/secure.gravatar.com\\\/avatar\\\/428a8106f8313bec42aca4e38ea86950b6e88a21b0f2764f9f7a4365dc1017a5?s=96&d=mm&r=g\",\"caption\":\"Source Author\"},\"url\":\"https:\\\/\\\/hiox.com.ar\\\/hiox\\\/author\\\/wpra-source-author-site-1\\\/\"}]}<\/script>\n<!-- \/ Yoast SEO plugin. -->","yoast_head_json":{"title":"El Gobierno debi\u00f3 postergar la reuni\u00f3n de mesa pol\u00edtica y demora el debate por la estrategia de la reforma electoral - HIOX","description":"El Gobierno debi\u00f3 postergar la reuni\u00f3n de mesa pol\u00edtica y demora el debate por la estrategia de la reforma electoral. El reducido equipo suspendi\u00f3 la cita de este viernes a las 11 tras alegar problemas de agenda. El pr\u00f3ximo lunes a las 14 analizar\u00e1n las primeras reacciones del proyecto y un temario que incluye un repaso de la agenda legislativa","robots":{"index":"index","follow":"follow","max-snippet":"max-snippet:-1","max-image-preview":"max-image-preview:large","max-video-preview":"max-video-preview:-1"},"canonical":"https:\/\/hiox.com.ar\/hiox\/el-gobierno-debio-postergar-la-reunion-de-mesa-politica-y-demora-el-debate-por-la-estrategia-de-la-reforma-electoral\/","og_locale":"es_ES","og_type":"article","og_title":"El Gobierno debi\u00f3 postergar la reuni\u00f3n de mesa pol\u00edtica y demora el debate por la estrategia de la reforma electoral - HIOX","og_description":"El Gobierno debi\u00f3 postergar la reuni\u00f3n de mesa pol\u00edtica y demora el debate por la estrategia de la reforma electoral. El reducido equipo suspendi\u00f3 la cita de este viernes a las 11 tras alegar problemas de agenda. El pr\u00f3ximo lunes a las 14 analizar\u00e1n las primeras reacciones del proyecto y un temario que incluye un repaso de la agenda legislativa","og_url":"https:\/\/hiox.com.ar\/hiox\/el-gobierno-debio-postergar-la-reunion-de-mesa-politica-y-demora-el-debate-por-la-estrategia-de-la-reforma-electoral\/","og_site_name":"HIOX","article_published_time":"2026-04-24T05:58:22+00:00","og_image":[{"url":"https:\/\/www.infobae.com\/resizer\/v2\/O6DGIO3HEVE7HMZO4UOPJI7MLQ.png?auth=7e8a7734c157ee2d4c9b72d2f7437dadcdbfec6d56950c3a78d27ce9d1a3a17c&amp;smart=true&amp;width=1920&amp;height=1080","type":"","width":"","height":""}],"author":"Source Author","twitter_card":"summary_large_image","twitter_misc":{"Escrito por":"Source Author","Tiempo de lectura":"5 minutos"},"schema":{"@context":"https:\/\/schema.org","@graph":[{"@type":"NewsArticle","@id":"https:\/\/hiox.com.ar\/hiox\/el-gobierno-debio-postergar-la-reunion-de-mesa-politica-y-demora-el-debate-por-la-estrategia-de-la-reforma-electoral\/#article","isPartOf":{"@id":"https:\/\/hiox.com.ar\/hiox\/el-gobierno-debio-postergar-la-reunion-de-mesa-politica-y-demora-el-debate-por-la-estrategia-de-la-reforma-electoral\/"},"author":{"name":"Source Author","@id":"https:\/\/hiox.com.ar\/hiox\/#\/schema\/person\/f70183b020df72016f0614086c3cf170"},"headline":"El Gobierno debi\u00f3 postergar la reuni\u00f3n de mesa pol\u00edtica y demora el debate por la estrategia de la reforma electoral","datePublished":"2026-04-24T05:58:22+00:00","mainEntityOfPage":{"@id":"https:\/\/hiox.com.ar\/hiox\/el-gobierno-debio-postergar-la-reunion-de-mesa-politica-y-demora-el-debate-por-la-estrategia-de-la-reforma-electoral\/"},"wordCount":958,"commentCount":0,"publisher":{"@id":"https:\/\/hiox.com.ar\/hiox\/#organization"},"image":{"@id":"https:\/\/hiox.com.ar\/hiox\/el-gobierno-debio-postergar-la-reunion-de-mesa-politica-y-demora-el-debate-por-la-estrategia-de-la-reforma-electoral\/#primaryimage"},"thumbnailUrl":"https:\/\/www.infobae.com\/resizer\/v2\/O6DGIO3HEVE7HMZO4UOPJI7MLQ.png?auth=7e8a7734c157ee2d4c9b72d2f7437dadcdbfec6d56950c3a78d27ce9d1a3a17c&amp;smart=true&amp;width=1920&amp;height=1080","keywords":["Infobae","Informaci\u00f3n General","Noticias","Novedades"],"articleSection":["\ud83d\udcf0 Noticias \ud83d\uddde\ufe0f"],"inLanguage":"es","potentialAction":[{"@type":"CommentAction","name":"Comment","target":["https:\/\/hiox.com.ar\/hiox\/el-gobierno-debio-postergar-la-reunion-de-mesa-politica-y-demora-el-debate-por-la-estrategia-de-la-reforma-electoral\/#respond"]}]},{"@type":["WebPage","ItemPage"],"@id":"https:\/\/hiox.com.ar\/hiox\/el-gobierno-debio-postergar-la-reunion-de-mesa-politica-y-demora-el-debate-por-la-estrategia-de-la-reforma-electoral\/","url":"https:\/\/hiox.com.ar\/hiox\/el-gobierno-debio-postergar-la-reunion-de-mesa-politica-y-demora-el-debate-por-la-estrategia-de-la-reforma-electoral\/","name":"El Gobierno debi\u00f3 postergar la reuni\u00f3n de mesa pol\u00edtica y demora el debate por la estrategia de la reforma electoral - HIOX","isPartOf":{"@id":"https:\/\/hiox.com.ar\/hiox\/#website"},"primaryImageOfPage":{"@id":"https:\/\/hiox.com.ar\/hiox\/el-gobierno-debio-postergar-la-reunion-de-mesa-politica-y-demora-el-debate-por-la-estrategia-de-la-reforma-electoral\/#primaryimage"},"image":{"@id":"https:\/\/hiox.com.ar\/hiox\/el-gobierno-debio-postergar-la-reunion-de-mesa-politica-y-demora-el-debate-por-la-estrategia-de-la-reforma-electoral\/#primaryimage"},"thumbnailUrl":"https:\/\/www.infobae.com\/resizer\/v2\/O6DGIO3HEVE7HMZO4UOPJI7MLQ.png?auth=7e8a7734c157ee2d4c9b72d2f7437dadcdbfec6d56950c3a78d27ce9d1a3a17c&amp;smart=true&amp;width=1920&amp;height=1080","datePublished":"2026-04-24T05:58:22+00:00","description":"El Gobierno debi\u00f3 postergar la reuni\u00f3n de mesa pol\u00edtica y demora el debate por la estrategia de la reforma electoral. El reducido equipo suspendi\u00f3 la cita de este viernes a las 11 tras alegar problemas de agenda. El pr\u00f3ximo lunes a las 14 analizar\u00e1n las primeras reacciones del proyecto y un temario que incluye un repaso de la agenda legislativa","breadcrumb":{"@id":"https:\/\/hiox.com.ar\/hiox\/el-gobierno-debio-postergar-la-reunion-de-mesa-politica-y-demora-el-debate-por-la-estrategia-de-la-reforma-electoral\/#breadcrumb"},"inLanguage":"es","potentialAction":[{"@type":"ReadAction","target":["https:\/\/hiox.com.ar\/hiox\/el-gobierno-debio-postergar-la-reunion-de-mesa-politica-y-demora-el-debate-por-la-estrategia-de-la-reforma-electoral\/"]}]},{"@type":"ImageObject","inLanguage":"es","@id":"https:\/\/hiox.com.ar\/hiox\/el-gobierno-debio-postergar-la-reunion-de-mesa-politica-y-demora-el-debate-por-la-estrategia-de-la-reforma-electoral\/#primaryimage","url":"https:\/\/www.infobae.com\/resizer\/v2\/O6DGIO3HEVE7HMZO4UOPJI7MLQ.png?auth=7e8a7734c157ee2d4c9b72d2f7437dadcdbfec6d56950c3a78d27ce9d1a3a17c&amp;smart=true&amp;width=1920&amp;height=1080","contentUrl":"https:\/\/www.infobae.com\/resizer\/v2\/O6DGIO3HEVE7HMZO4UOPJI7MLQ.png?auth=7e8a7734c157ee2d4c9b72d2f7437dadcdbfec6d56950c3a78d27ce9d1a3a17c&amp;smart=true&amp;width=1920&amp;height=1080"},{"@type":"BreadcrumbList","@id":"https:\/\/hiox.com.ar\/hiox\/el-gobierno-debio-postergar-la-reunion-de-mesa-politica-y-demora-el-debate-por-la-estrategia-de-la-reforma-electoral\/#breadcrumb","itemListElement":[{"@type":"ListItem","position":1,"name":"Portada","item":"https:\/\/hiox.com.ar\/hiox\/"},{"@type":"ListItem","position":2,"name":"El Gobierno debi\u00f3 postergar la reuni\u00f3n de mesa pol\u00edtica y demora el debate por la estrategia de la reforma electoral"}]},{"@type":"WebSite","@id":"https:\/\/hiox.com.ar\/hiox\/#website","url":"https:\/\/hiox.com.ar\/hiox\/","name":"HIOX","description":"Comercio Electronico","publisher":{"@id":"https:\/\/hiox.com.ar\/hiox\/#organization"},"potentialAction":[{"@type":"SearchAction","target":{"@type":"EntryPoint","urlTemplate":"https:\/\/hiox.com.ar\/hiox\/?s={search_term_string}"},"query-input":{"@type":"PropertyValueSpecification","valueRequired":true,"valueName":"search_term_string"}}],"inLanguage":"es"},{"@type":"Organization","@id":"https:\/\/hiox.com.ar\/hiox\/#organization","name":"HIOX","url":"https:\/\/hiox.com.ar\/hiox\/","logo":{"@type":"ImageObject","inLanguage":"es","@id":"https:\/\/hiox.com.ar\/hiox\/#\/schema\/logo\/image\/","url":"https:\/\/hiox.com.ar\/hiox\/wp-content\/uploads\/2025\/09\/cropped-hiox_logo-1.png","contentUrl":"https:\/\/hiox.com.ar\/hiox\/wp-content\/uploads\/2025\/09\/cropped-hiox_logo-1.png","width":491,"height":158,"caption":"HIOX"},"image":{"@id":"https:\/\/hiox.com.ar\/hiox\/#\/schema\/logo\/image\/"}},{"@type":"Person","@id":"https:\/\/hiox.com.ar\/hiox\/#\/schema\/person\/f70183b020df72016f0614086c3cf170","name":"Source Author","image":{"@type":"ImageObject","inLanguage":"es","@id":"https:\/\/secure.gravatar.com\/avatar\/428a8106f8313bec42aca4e38ea86950b6e88a21b0f2764f9f7a4365dc1017a5?s=96&d=mm&r=g","url":"https:\/\/secure.gravatar.com\/avatar\/428a8106f8313bec42aca4e38ea86950b6e88a21b0f2764f9f7a4365dc1017a5?s=96&d=mm&r=g","contentUrl":"https:\/\/secure.gravatar.com\/avatar\/428a8106f8313bec42aca4e38ea86950b6e88a21b0f2764f9f7a4365dc1017a5?s=96&d=mm&r=g","caption":"Source Author"},"url":"https:\/\/hiox.com.ar\/hiox\/author\/wpra-source-author-site-1\/"}]}},"_links":{"self":[{"href":"https:\/\/hiox.com.ar\/hiox\/wp-json\/wp\/v2\/posts\/3041","targetHints":{"allow":["GET"]}}],"collection":[{"href":"https:\/\/hiox.com.ar\/hiox\/wp-json\/wp\/v2\/posts"}],"about":[{"href":"https:\/\/hiox.com.ar\/hiox\/wp-json\/wp\/v2\/types\/post"}],"author":[{"embeddable":true,"href":"https:\/\/hiox.com.ar\/hiox\/wp-json\/wp\/v2\/users\/3"}],"replies":[{"embeddable":true,"href":"https:\/\/hiox.com.ar\/hiox\/wp-json\/wp\/v2\/comments?post=3041"}],"version-history":[{"count":0,"href":"https:\/\/hiox.com.ar\/hiox\/wp-json\/wp\/v2\/posts\/3041\/revisions"}],"wp:attachment":[{"href":"https:\/\/hiox.com.ar\/hiox\/wp-json\/wp\/v2\/media?parent=3041"}],"wp:term":[{"taxonomy":"category","embeddable":true,"href":"https:\/\/hiox.com.ar\/hiox\/wp-json\/wp\/v2\/categories?post=3041"},{"taxonomy":"post_tag","embeddable":true,"href":"https:\/\/hiox.com.ar\/hiox\/wp-json\/wp\/v2\/tags?post=3041"}],"curies":[{"name":"wp","href":"https:\/\/api.w.org\/{rel}","templated":true}]}}