{"id":3039,"date":"2026-04-24T02:57:59","date_gmt":"2026-04-24T05:57:59","guid":{"rendered":"https:\/\/hiox.com.ar\/hiox\/la-historia-de-la-flecha-de-plata-el-historico-auto-de-juan-manuel-fangio-que-franco-colapinto-manejara-en-su-exhibicion\/"},"modified":"2026-04-24T02:57:59","modified_gmt":"2026-04-24T05:57:59","slug":"la-historia-de-la-flecha-de-plata-el-historico-auto-de-juan-manuel-fangio-que-franco-colapinto-manejara-en-su-exhibicion","status":"publish","type":"post","link":"https:\/\/hiox.com.ar\/hiox\/la-historia-de-la-flecha-de-plata-el-historico-auto-de-juan-manuel-fangio-que-franco-colapinto-manejara-en-su-exhibicion\/","title":{"rendered":"La historia de la \u201cFlecha de Plata\u201d, el hist\u00f3rico auto de Juan Manuel Fangio que Franco Colapinto manejar\u00e1 en su exhibici\u00f3n"},"content":{"rendered":"<p>Informaci\u00f3n detallada sobre <strong>La historia de la \u201cFlecha de Plata\u201d, el hist\u00f3rico auto de Juan Manuel Fangio que Franco Colapinto manejar\u00e1 en su exhibici\u00f3n<\/strong>. Te traemos las \u00faltimas noticias sobre Noticia Infobae, un tema de gran inter\u00e9s para hoy 24 April, 2026.<\/p>\n<div class=\"entry-content-body\">\n<div><img loading=\"lazy\" decoding=\"async\" src=\"https:\/\/www.infobae.com\/resizer\/v2\/AWJSJLYF7JBQJGWNIP7EMWIBP4.jpg?auth=8c93628282fd6ccdf846a706e8ff225ed1e2c408772250e2fd2fe122f2e7135a&amp;smart=true&amp;width=3072&amp;height=2304\" alt=\"El Mercedes W 196, hist\u00f3rico monoplaza de Fangio, que usar\u00e1 Colapinto durante su exhibici\u00f3n (Museo Fangio).\" height=\"2304\" width=\"3072\"><\/p>\n<p><b>Franco Colapinto<\/b> marcar\u00e1 un hito en la historia del automovilismo nacional al concretar <a href=\"https:\/\/www.infobae.com\/deportes\/2026\/04\/22\/como-sera-la-exhibicion-de-franco-colapinto-en-palermo-a-bordo-de-un-alpine-de-f1-cronograma-de-cortes-y-los-detalles-del-show\/\" target=\"_blank\" rel=\"\" title=\"https:\/\/www.infobae.com\/deportes\/2026\/04\/22\/como-sera-la-exhibicion-de-franco-colapinto-en-palermo-a-bordo-de-un-alpine-de-f1-cronograma-de-cortes-y-los-detalles-del-show\/\">el regreso de un auto de <b>F\u00f3rmula 1<\/b> a la capital del pa\u00eds despu\u00e9s de catorce a\u00f1os<\/a>. Adem\u00e1s de que el piloto de <b>Alpine <\/b>manejar\u00e1 un <a href=\"https:\/\/www.infobae.com\/deportes\/2026\/04\/02\/como-es-el-auto-de-f1-que-usara-colapinto-en-la-exhibicion-en-buenos-aires-el-detalle-que-hara-enloquecer-a-los-fanaticos\/\" target=\"_blank\" rel=\"\" title=\"https:\/\/www.infobae.com\/deportes\/2026\/04\/02\/como-es-el-auto-de-f1-que-usara-colapinto-en-la-exhibicion-en-buenos-aires-el-detalle-que-hara-enloquecer-a-los-fanaticos\/\"><b>Lotus E20 de 2012 con motor Renault V8<\/b><\/a>, otra de las atracciones ser\u00e1 cuando conduzca una r\u00e9plica del <b>Mercedes-Benz W196 <\/b>\u2014la famosa <i><b>Flecha de Plata<\/b><\/i>\u2014, integrando el legado de <b>Juan Manuel Fangio<\/b> con el entusiasmo de una nueva generaci\u00f3n.<\/p>\n<p>Colapinto conducir\u00e1 una r\u00e9plica, realizada por el empresario argentino <b>Carlos Di Forti<\/b>, la cual reproduce <b>el hist\u00f3rico modelo con el que Fangio fue campe\u00f3n mundial en 1954 y 1955<\/b>. En la exhibici\u00f3n, el auto \u2014dise\u00f1ado para alcanzar 250 km\/h\u2014 circular\u00e1 a una velocidad controlada, en sincron\u00eda con el esp\u00edritu celebratorio de la jornada. El monoplaza tiene un motor Mercedes m\u00e1s moderno que el original y <b>tambi\u00e9n se exhibe en el museo de Fangio<\/b>.<\/p>\n<p>En noviembre de 2022, cuando el pilarense luchaba en la <b>F\u00f3rmula 3<\/b>, Colapinto visit\u00f3 uno de los monumentos de Fangio y la <i>Flecha de Plata<\/i> en Puerto Madero \u2014actualmente est\u00e1 en el Paseo Fangio en el Parque 3 de Febrero\u2014. \u201c<b>Antes de volver a Europa fui a conocer la estatua de Fangio<\/b>. Me queda por visitar la de M\u00f3naco y Nurburgring (<i>NdR: tambi\u00e9n existe otra en Monza, todas realizadas por Mercedes-Benz en Alemania<\/i>) para poder decir que tuve la suerte de verlas todas! <b>Qu\u00e9 incre\u00edble ver la historia que dej\u00f3 y lo que representa para el automovilismo mundial el mejor piloto que tuvo nuestro pa\u00eds<\/b>\u201d, escribi\u00f3 un joven Franco. Menos de cuatro a\u00f1os despu\u00e9s, tendr\u00e1 la oportunidad de manejarlo frente a sus fan\u00e1ticos que lo acompa\u00f1an todas las carreras en la F1.<\/p>\n<p><img loading=\"lazy\" decoding=\"async\" src=\"https:\/\/www.infobae.com\/resizer\/v2\/JJQG4JDJURGALETYZDBDRXPFEI.jpg?auth=c9c4c8ed1dce00419e7a13c843d102e25a2fec8f24388e703dd55867fb0cd780&amp;smart=true&amp;width=1920&amp;height=1417\" alt=\"El posteo de Colapinto en noviembre de 2022 visitando el monumento de Fangio y la Flecha de Plata\" height=\"1417\" width=\"1920\"><\/p>\n<p><b>El Mercedes-Benz W196 fue el monoplaza con el que Fangio domin\u00f3 la F\u00f3rmula 1 durante las temporadas de 1954 y 1955<\/b>. Su dise\u00f1o innovador y su potencia marcaron una era para la m\u00e1xima categor\u00eda. Mercedes-Benz compiti\u00f3 en veinte pruebas entre 1954 y 1955 \u2014catorce de F\u00f3rmula 1 y seis de Sport\u2014 y obtuvo diecis\u00e9is victorias, de las cuales <b>once fueron del piloto argentino<\/b>. El modelo gan\u00f3 notoriedad tanto por sus caracter\u00edsticas t\u00e9cnicas como por su asociaci\u00f3n con el \u201cChueco\u201d de Balcarce. El apodo <i>Flecha de Plata<\/i> surgi\u00f3 para todos los veh\u00edculos de la escuder\u00eda de la \u00e9poca, que utilizaban dicho color.<\/p>\n<p>Una de las unidades originales del W196 integr\u00f3 durante casi seis d\u00e9cadas la colecci\u00f3n del museo del Indianapolis Motor Speedway (IMS) tras una donaci\u00f3n de Mercedes en 1965. \u201c<b>Es un auto hermoso, es un auto muy hist\u00f3rico<\/b>, est\u00e1 un poco fuera de nuestra ventana de visi\u00f3n. <b>Hemos tenido la suerte de ser administradores de este veh\u00edculo durante casi 60 a\u00f1os<\/b> y ha sido una gran pieza en el museo\u201d, explic\u00f3 <b>Jason Vansickle<\/b>, curador del museo.<\/p>\n<p><img loading=\"lazy\" decoding=\"async\" src=\"https:\/\/www.infobae.com\/resizer\/v2\/22X67JYDKVGUZE2UWF52B2XOOQ.jpg?auth=0791202c262d7aa0807835cc73dc76ca946964eb7742f9ccb51f310345b2d6a9&amp;smart=true&amp;width=1920&amp;height=1040\" alt=\"Juan Manuel Fangio con la Flecha de Plata de Mercedes en 1955 F(1 Retro)\" height=\"1040\" width=\"1920\"><\/p>\n<p><a href=\"https:\/\/www.infobae.com\/sociedad\/2025\/06\/11\/a-70-anos-de-la-tragedia-de-le-mans-choque-en-la-pista-fuego-en-la-tribuna-83-muertos-y-el-volantazo-que-le-salvo-la-vida-a-fangio\/\" target=\"_blank\" rel=\"\" title=\"https:\/\/www.infobae.com\/sociedad\/2025\/06\/11\/a-70-anos-de-la-tragedia-de-le-mans-choque-en-la-pista-fuego-en-la-tribuna-83-muertos-y-el-volantazo-que-le-salvo-la-vida-a-fangio\/\">La historia del W196 tambi\u00e9n est\u00e1 marcada por un episodio doloroso<\/a>: <b>el accidente de las 24 Horas de Le Mans en 1955, que caus\u00f3 la muerte de 84 personas<\/b>, e impuls\u00f3 el retiro de Mercedes-Benz de las competencias automovil\u00edsticas durante d\u00e9cadas. No fue hasta 2010 cuando la marca regres\u00f3 a la F\u00f3rmula 1, obteniendo ocho t\u00edtulos de constructores y siete de pilotos \u2014seis de ellos con Lewis Hamilton y uno con Nico Rosberg\u2014 consolidando as\u00ed un dominio contempor\u00e1neo sobre la especialidad.<\/p>\n<p>A principios de 2025, <a href=\"https:\/\/www.infobae.com\/deportes\/2025\/02\/03\/un-iconico-auto-que-utilizo-juan-manuel-fangio-en-la-formula-1-fue-vendido-a-un-precio-record\/\" target=\"_blank\" rel=\"\" title=\"https:\/\/www.infobae.com\/deportes\/2025\/02\/03\/un-iconico-auto-que-utilizo-juan-manuel-fangio-en-la-formula-1-fue-vendido-a-un-precio-record\/\">una de las unidades originales del W196 fue vendida por <b>42,7 millones de libras esterlinas<\/b><\/a><b> (USD 52,5 millones)<\/b>, lo que subraya el valor ic\u00f3nico y patrimonial del veh\u00edculo. El <b>Mercedes W196 R<\/b>, identificado con el n\u00famero de chasis 00009\/54, es uno de los cuatro ejemplares completos que se fabricaron de este modelo. Este coche, destacado en su \u00e9poca por su dise\u00f1o aerodin\u00e1mico y <b>su distintivo color plateado que le vali\u00f3 el apodo de <\/b><i><b>Flecha de Plata<\/b><\/i>, debut\u00f3 en el Gran Premio de Argentina en 1955.<\/p>\n<p>El Museo de Fangio tambi\u00e9n llevar\u00e1 otros seis monoplazas a la exhibici\u00f3n del domingo. El m\u00e1s importante de estos ser\u00e1 el <b>Maserati 450S, ganador con Fangio y el Pr\u00edncipe Behra en las 12 Horas de Sebring de 1957<\/b>. Fue v\u00e1lido por el Mundial de Autos Sports, hoy conocido como FIA WEC. A este, se sumar\u00e1n: <b>Ferrari 166<\/b> (conducida por Fangio en las temporadas internacionales, antes de la creaci\u00f3n de la F1), <b>Volpi Chevrolet<\/b> (de monopostos nacionales conducido por Fangio), <b>Simca Gordini T11<\/b> (primer auto de Fangio en Europa), <b>McLaren MP4\/3<\/b> (conducido por Ayrton Senna a fines de 1987 y en la pretemporada de 1988) y el <b>Renault RE30 <\/b>de F1 de Alain Prost en 1982.<\/p>\n<p><img loading=\"lazy\" decoding=\"async\" src=\"https:\/\/www.infobae.com\/resizer\/v2\/WJFIFUPXPA7C2KVLRU3OFQJJYU.jpg?auth=04311fdb0238ba8a6d0dbfeab26949cac3231fe156448ba55b35ba8aebf76bfd&amp;smart=true&amp;width=3839&amp;height=2822\" alt=\"Una de las unidades del monoplaza Mercedes que fue subastada por una cifra hist\u00f3rica (REUTERS\/Christine Uyanik)\" height=\"2822\" width=\"3839\"><\/p>\n<p>El evento en Palermo <b>comenzar\u00e1 el domingo a las 8.30<\/b> con la apertura de los sectores p\u00fablicos. Tanto en plaza Seeber como en plaza Sicilia habr\u00e1 dos grandes escenarios con pantallas gigantes, espacios para entrevistas al p\u00fablico, presencia de DJs y la actuaci\u00f3n de la Orquesta Sinf\u00f3nica de la Ciudad desde las 11. <\/p>\n<p><b>Colapinto realizar\u00e1 cuatro salidas a la pista<\/b> callejera trazada sobre la avenida del Libertador, entre Bullrich y Casares, recorriendo parte de la avenida Sarmiento y pasando por el Monumento a los Espa\u00f1oles. <b>La primera vuelta ser\u00e1 a las 12.45<\/b> con un Lotus E20 de 2012 con motor Renault V8, que integra el branding del BWT Alpine Formula One Team. La segunda salida, <b>prevista para las 14.30<\/b>, ser\u00e1 con la r\u00e9plica del <b>W196<\/b>, evocando la m\u00e1quina que inmortaliz\u00f3 al qu\u00edntuple campe\u00f3n mundial Fangio. Luego, Colapinto volver\u00e1 a girar con <b>el Lotus a las 15.15<\/b>, antes de cerrar su participaci\u00f3n con un recorrido en un <b>\u00f3mnibus descapotable a las 15.55<\/b>.<\/p>\n<p>Con esta exhibici\u00f3n, <b>Colapinto se convertir\u00e1 en el primer argentino en conducir un F\u00f3rmula 1 sobre el asfalto de Palermo<\/b>, lo que constituye una novedad absoluta en la memoria reciente del automovilismo nacional. El acceso est\u00e1 organizado para evitar el acampe y la venta ambulante, en una log\u00edstica pensada para el disfrute y la seguridad de los asistentes.<\/p>\n<\/div>\n<\/div>\n<hr \/>\n<p>Esta noticia sobre <strong>La historia de la \u201cFlecha de Plata\u201d, el hist\u00f3rico auto de Juan Manuel Fangio que Franco Colapinto manejar\u00e1 en su exhibici\u00f3n<\/strong> fue publicada originalmente en <a href=\"https:\/\/www.infobae.com\/arc\/outboundfeeds\/rss\/\" target=\"_blank\" rel=\"nofollow\">Infobae.com<\/a>. Puedes ampliar la informaci\u00f3n siguiendo el enlace a la fuente original: <a href=\"https:\/\/www.infobae.com\/deportes\/2026\/04\/24\/la-historia-de-la-flecha-de-plata-el-historico-auto-de-juan-manuel-fangio-que-franco-colapinto-manejara-en-su-exhibicion\/\" target=\"_blank\" rel=\"noopener noreferrer\">La historia de la \u201cFlecha de Plata\u201d, el hist\u00f3rico auto de Juan Manuel Fangio que Franco Colapinto manejar\u00e1 en su exhibici\u00f3n<\/a>.<\/p>\n<p><small>Categor\u00eda: Noticia Infobae | Fecha: 24 April, 2026<\/small><\/p>\n","protected":false},"excerpt":{"rendered":"<div>El argentino de Alpine volver\u00e1 a conducir un monoplaza de la F\u00f3rmula 1 en el pa\u00eds tras 14 a\u00f1os y, a lo largo de la jornada, tambi\u00e9n utilizar\u00e1 el veh\u00edculo con el que el Chueco se consagr\u00f3 bicampe\u00f3n<\/div>\n","protected":false},"author":3,"featured_media":0,"comment_status":"open","ping_status":"open","sticky":false,"template":"","format":"standard","meta":{"site-sidebar-layout":"default","site-content-layout":"","ast-site-content-layout":"default","site-content-style":"default","site-sidebar-style":"default","ast-global-header-display":"","ast-banner-title-visibility":"","ast-main-header-display":"","ast-hfb-above-header-display":"","ast-hfb-below-header-display":"","ast-hfb-mobile-header-display":"","site-post-title":"","ast-breadcrumbs-content":"","ast-featured-img":"","footer-sml-layout":"","ast-disable-related-posts":"","theme-transparent-header-meta":"","adv-header-id-meta":"","stick-header-meta":"","header-above-stick-meta":"","header-main-stick-meta":"","header-below-stick-meta":"","astra-migrate-meta-layouts":"default","ast-page-background-enabled":"default","ast-page-background-meta":{"desktop":{"background-color":"var(--ast-global-color-5)","background-image":"","background-repeat":"repeat","background-position":"center center","background-size":"auto","background-attachment":"scroll","background-type":"","background-media":"","overlay-type":"","overlay-color":"","overlay-opacity":"","overlay-gradient":""},"tablet":{"background-color":"","background-image":"","background-repeat":"repeat","background-position":"center center","background-size":"auto","background-attachment":"scroll","background-type":"","background-media":"","overlay-type":"","overlay-color":"","overlay-opacity":"","overlay-gradient":""},"mobile":{"background-color":"","background-image":"","background-repeat":"repeat","background-position":"center center","background-size":"auto","background-attachment":"scroll","background-type":"","background-media":"","overlay-type":"","overlay-color":"","overlay-opacity":"","overlay-gradient":""}},"ast-content-background-meta":{"desktop":{"background-color":"var(--ast-global-color-4)","background-image":"","background-repeat":"repeat","background-position":"center center","background-size":"auto","background-attachment":"scroll","background-type":"","background-media":"","overlay-type":"","overlay-color":"","overlay-opacity":"","overlay-gradient":""},"tablet":{"background-color":"var(--ast-global-color-4)","background-image":"","background-repeat":"repeat","background-position":"center center","background-size":"auto","background-attachment":"scroll","background-type":"","background-media":"","overlay-type":"","overlay-color":"","overlay-opacity":"","overlay-gradient":""},"mobile":{"background-color":"var(--ast-global-color-4)","background-image":"","background-repeat":"repeat","background-position":"center center","background-size":"auto","background-attachment":"scroll","background-type":"","background-media":"","overlay-type":"","overlay-color":"","overlay-opacity":"","overlay-gradient":""}},"fifu_image_url":"","fifu_image_alt":"","footnotes":""},"categories":[23],"tags":[25,27,24,26],"class_list":["post-3039","post","type-post","status-publish","format-standard","hentry","category-noticias","tag-infobae","tag-informacion-general","tag-noticias","tag-novedades"],"yoast_head":"<!-- This site is optimized with the Yoast SEO plugin v27.4 - https:\/\/yoast.com\/product\/yoast-seo-wordpress\/ -->\n<title>La historia de la \u201cFlecha de Plata\u201d, el hist\u00f3rico auto de Juan Manuel Fangio que Franco Colapinto manejar\u00e1 en su exhibici\u00f3n - HIOX<\/title>\n<meta name=\"description\" content=\"La historia de la \u201cFlecha de Plata\u201d, el hist\u00f3rico auto de Juan Manuel Fangio que Franco Colapinto manejar\u00e1 en su exhibici\u00f3n. El argentino de Alpine volver\u00e1 a conducir un monoplaza de la F\u00f3rmula 1 en el pa\u00eds tras 14 a\u00f1os y, a lo largo de la jornada, tambi\u00e9n utilizar\u00e1 el veh\u00edculo con el que el Chueco se consagr\u00f3 bicampe\u00f3n\" \/>\n<meta name=\"robots\" content=\"index, follow, max-snippet:-1, max-image-preview:large, max-video-preview:-1\" \/>\n<link rel=\"canonical\" href=\"https:\/\/hiox.com.ar\/hiox\/la-historia-de-la-flecha-de-plata-el-historico-auto-de-juan-manuel-fangio-que-franco-colapinto-manejara-en-su-exhibicion\/\" \/>\n<meta property=\"og:locale\" content=\"es_ES\" \/>\n<meta property=\"og:type\" content=\"article\" \/>\n<meta property=\"og:title\" content=\"La historia de la \u201cFlecha de Plata\u201d, el hist\u00f3rico auto de Juan Manuel Fangio que Franco Colapinto manejar\u00e1 en su exhibici\u00f3n - HIOX\" \/>\n<meta property=\"og:description\" content=\"La historia de la \u201cFlecha de Plata\u201d, el hist\u00f3rico auto de Juan Manuel Fangio que Franco Colapinto manejar\u00e1 en su exhibici\u00f3n. El argentino de Alpine volver\u00e1 a conducir un monoplaza de la F\u00f3rmula 1 en el pa\u00eds tras 14 a\u00f1os y, a lo largo de la jornada, tambi\u00e9n utilizar\u00e1 el veh\u00edculo con el que el Chueco se consagr\u00f3 bicampe\u00f3n\" \/>\n<meta property=\"og:url\" content=\"https:\/\/hiox.com.ar\/hiox\/la-historia-de-la-flecha-de-plata-el-historico-auto-de-juan-manuel-fangio-que-franco-colapinto-manejara-en-su-exhibicion\/\" \/>\n<meta property=\"og:site_name\" content=\"HIOX\" \/>\n<meta property=\"article:published_time\" content=\"2026-04-24T05:57:59+00:00\" \/>\n<meta property=\"og:image\" content=\"https:\/\/www.infobae.com\/resizer\/v2\/AWJSJLYF7JBQJGWNIP7EMWIBP4.jpg?auth=8c93628282fd6ccdf846a706e8ff225ed1e2c408772250e2fd2fe122f2e7135a&amp;smart=true&amp;width=3072&amp;height=2304\" \/>\n<meta name=\"author\" content=\"Source Author\" \/>\n<meta name=\"twitter:card\" content=\"summary_large_image\" \/>\n<meta name=\"twitter:label1\" content=\"Escrito por\" \/>\n\t<meta name=\"twitter:data1\" content=\"Source Author\" \/>\n\t<meta name=\"twitter:label2\" content=\"Tiempo de lectura\" \/>\n\t<meta name=\"twitter:data2\" content=\"6 minutos\" \/>\n<script type=\"application\/ld+json\" class=\"yoast-schema-graph\">{\"@context\":\"https:\\\/\\\/schema.org\",\"@graph\":[{\"@type\":\"NewsArticle\",\"@id\":\"https:\\\/\\\/hiox.com.ar\\\/hiox\\\/la-historia-de-la-flecha-de-plata-el-historico-auto-de-juan-manuel-fangio-que-franco-colapinto-manejara-en-su-exhibicion\\\/#article\",\"isPartOf\":{\"@id\":\"https:\\\/\\\/hiox.com.ar\\\/hiox\\\/la-historia-de-la-flecha-de-plata-el-historico-auto-de-juan-manuel-fangio-que-franco-colapinto-manejara-en-su-exhibicion\\\/\"},\"author\":{\"name\":\"Source Author\",\"@id\":\"https:\\\/\\\/hiox.com.ar\\\/hiox\\\/#\\\/schema\\\/person\\\/f70183b020df72016f0614086c3cf170\"},\"headline\":\"La historia de la \u201cFlecha de Plata\u201d, el hist\u00f3rico auto de Juan Manuel Fangio que Franco Colapinto manejar\u00e1 en su exhibici\u00f3n\",\"datePublished\":\"2026-04-24T05:57:59+00:00\",\"mainEntityOfPage\":{\"@id\":\"https:\\\/\\\/hiox.com.ar\\\/hiox\\\/la-historia-de-la-flecha-de-plata-el-historico-auto-de-juan-manuel-fangio-que-franco-colapinto-manejara-en-su-exhibicion\\\/\"},\"wordCount\":1138,\"commentCount\":0,\"publisher\":{\"@id\":\"https:\\\/\\\/hiox.com.ar\\\/hiox\\\/#organization\"},\"image\":{\"@id\":\"https:\\\/\\\/hiox.com.ar\\\/hiox\\\/la-historia-de-la-flecha-de-plata-el-historico-auto-de-juan-manuel-fangio-que-franco-colapinto-manejara-en-su-exhibicion\\\/#primaryimage\"},\"thumbnailUrl\":\"https:\\\/\\\/www.infobae.com\\\/resizer\\\/v2\\\/AWJSJLYF7JBQJGWNIP7EMWIBP4.jpg?auth=8c93628282fd6ccdf846a706e8ff225ed1e2c408772250e2fd2fe122f2e7135a&amp;smart=true&amp;width=3072&amp;height=2304\",\"keywords\":[\"Infobae\",\"Informaci\u00f3n General\",\"Noticias\",\"Novedades\"],\"articleSection\":[\"\ud83d\udcf0 Noticias \ud83d\uddde\ufe0f\"],\"inLanguage\":\"es\",\"potentialAction\":[{\"@type\":\"CommentAction\",\"name\":\"Comment\",\"target\":[\"https:\\\/\\\/hiox.com.ar\\\/hiox\\\/la-historia-de-la-flecha-de-plata-el-historico-auto-de-juan-manuel-fangio-que-franco-colapinto-manejara-en-su-exhibicion\\\/#respond\"]}]},{\"@type\":[\"WebPage\",\"ItemPage\"],\"@id\":\"https:\\\/\\\/hiox.com.ar\\\/hiox\\\/la-historia-de-la-flecha-de-plata-el-historico-auto-de-juan-manuel-fangio-que-franco-colapinto-manejara-en-su-exhibicion\\\/\",\"url\":\"https:\\\/\\\/hiox.com.ar\\\/hiox\\\/la-historia-de-la-flecha-de-plata-el-historico-auto-de-juan-manuel-fangio-que-franco-colapinto-manejara-en-su-exhibicion\\\/\",\"name\":\"La historia de la \u201cFlecha de Plata\u201d, el hist\u00f3rico auto de Juan Manuel Fangio que Franco Colapinto manejar\u00e1 en su exhibici\u00f3n - HIOX\",\"isPartOf\":{\"@id\":\"https:\\\/\\\/hiox.com.ar\\\/hiox\\\/#website\"},\"primaryImageOfPage\":{\"@id\":\"https:\\\/\\\/hiox.com.ar\\\/hiox\\\/la-historia-de-la-flecha-de-plata-el-historico-auto-de-juan-manuel-fangio-que-franco-colapinto-manejara-en-su-exhibicion\\\/#primaryimage\"},\"image\":{\"@id\":\"https:\\\/\\\/hiox.com.ar\\\/hiox\\\/la-historia-de-la-flecha-de-plata-el-historico-auto-de-juan-manuel-fangio-que-franco-colapinto-manejara-en-su-exhibicion\\\/#primaryimage\"},\"thumbnailUrl\":\"https:\\\/\\\/www.infobae.com\\\/resizer\\\/v2\\\/AWJSJLYF7JBQJGWNIP7EMWIBP4.jpg?auth=8c93628282fd6ccdf846a706e8ff225ed1e2c408772250e2fd2fe122f2e7135a&amp;smart=true&amp;width=3072&amp;height=2304\",\"datePublished\":\"2026-04-24T05:57:59+00:00\",\"description\":\"La historia de la \u201cFlecha de Plata\u201d, el hist\u00f3rico auto de Juan Manuel Fangio que Franco Colapinto manejar\u00e1 en su exhibici\u00f3n. El argentino de Alpine volver\u00e1 a conducir un monoplaza de la F\u00f3rmula 1 en el pa\u00eds tras 14 a\u00f1os y, a lo largo de la jornada, tambi\u00e9n utilizar\u00e1 el veh\u00edculo con el que el Chueco se consagr\u00f3 bicampe\u00f3n\",\"breadcrumb\":{\"@id\":\"https:\\\/\\\/hiox.com.ar\\\/hiox\\\/la-historia-de-la-flecha-de-plata-el-historico-auto-de-juan-manuel-fangio-que-franco-colapinto-manejara-en-su-exhibicion\\\/#breadcrumb\"},\"inLanguage\":\"es\",\"potentialAction\":[{\"@type\":\"ReadAction\",\"target\":[\"https:\\\/\\\/hiox.com.ar\\\/hiox\\\/la-historia-de-la-flecha-de-plata-el-historico-auto-de-juan-manuel-fangio-que-franco-colapinto-manejara-en-su-exhibicion\\\/\"]}]},{\"@type\":\"ImageObject\",\"inLanguage\":\"es\",\"@id\":\"https:\\\/\\\/hiox.com.ar\\\/hiox\\\/la-historia-de-la-flecha-de-plata-el-historico-auto-de-juan-manuel-fangio-que-franco-colapinto-manejara-en-su-exhibicion\\\/#primaryimage\",\"url\":\"https:\\\/\\\/www.infobae.com\\\/resizer\\\/v2\\\/AWJSJLYF7JBQJGWNIP7EMWIBP4.jpg?auth=8c93628282fd6ccdf846a706e8ff225ed1e2c408772250e2fd2fe122f2e7135a&amp;smart=true&amp;width=3072&amp;height=2304\",\"contentUrl\":\"https:\\\/\\\/www.infobae.com\\\/resizer\\\/v2\\\/AWJSJLYF7JBQJGWNIP7EMWIBP4.jpg?auth=8c93628282fd6ccdf846a706e8ff225ed1e2c408772250e2fd2fe122f2e7135a&amp;smart=true&amp;width=3072&amp;height=2304\"},{\"@type\":\"BreadcrumbList\",\"@id\":\"https:\\\/\\\/hiox.com.ar\\\/hiox\\\/la-historia-de-la-flecha-de-plata-el-historico-auto-de-juan-manuel-fangio-que-franco-colapinto-manejara-en-su-exhibicion\\\/#breadcrumb\",\"itemListElement\":[{\"@type\":\"ListItem\",\"position\":1,\"name\":\"Portada\",\"item\":\"https:\\\/\\\/hiox.com.ar\\\/hiox\\\/\"},{\"@type\":\"ListItem\",\"position\":2,\"name\":\"La historia de la \u201cFlecha de Plata\u201d, el hist\u00f3rico auto de Juan Manuel Fangio que Franco Colapinto manejar\u00e1 en su exhibici\u00f3n\"}]},{\"@type\":\"WebSite\",\"@id\":\"https:\\\/\\\/hiox.com.ar\\\/hiox\\\/#website\",\"url\":\"https:\\\/\\\/hiox.com.ar\\\/hiox\\\/\",\"name\":\"HIOX\",\"description\":\"Comercio Electronico\",\"publisher\":{\"@id\":\"https:\\\/\\\/hiox.com.ar\\\/hiox\\\/#organization\"},\"potentialAction\":[{\"@type\":\"SearchAction\",\"target\":{\"@type\":\"EntryPoint\",\"urlTemplate\":\"https:\\\/\\\/hiox.com.ar\\\/hiox\\\/?s={search_term_string}\"},\"query-input\":{\"@type\":\"PropertyValueSpecification\",\"valueRequired\":true,\"valueName\":\"search_term_string\"}}],\"inLanguage\":\"es\"},{\"@type\":\"Organization\",\"@id\":\"https:\\\/\\\/hiox.com.ar\\\/hiox\\\/#organization\",\"name\":\"HIOX\",\"url\":\"https:\\\/\\\/hiox.com.ar\\\/hiox\\\/\",\"logo\":{\"@type\":\"ImageObject\",\"inLanguage\":\"es\",\"@id\":\"https:\\\/\\\/hiox.com.ar\\\/hiox\\\/#\\\/schema\\\/logo\\\/image\\\/\",\"url\":\"https:\\\/\\\/hiox.com.ar\\\/hiox\\\/wp-content\\\/uploads\\\/2025\\\/09\\\/cropped-hiox_logo-1.png\",\"contentUrl\":\"https:\\\/\\\/hiox.com.ar\\\/hiox\\\/wp-content\\\/uploads\\\/2025\\\/09\\\/cropped-hiox_logo-1.png\",\"width\":491,\"height\":158,\"caption\":\"HIOX\"},\"image\":{\"@id\":\"https:\\\/\\\/hiox.com.ar\\\/hiox\\\/#\\\/schema\\\/logo\\\/image\\\/\"}},{\"@type\":\"Person\",\"@id\":\"https:\\\/\\\/hiox.com.ar\\\/hiox\\\/#\\\/schema\\\/person\\\/f70183b020df72016f0614086c3cf170\",\"name\":\"Source Author\",\"image\":{\"@type\":\"ImageObject\",\"inLanguage\":\"es\",\"@id\":\"https:\\\/\\\/secure.gravatar.com\\\/avatar\\\/428a8106f8313bec42aca4e38ea86950b6e88a21b0f2764f9f7a4365dc1017a5?s=96&d=mm&r=g\",\"url\":\"https:\\\/\\\/secure.gravatar.com\\\/avatar\\\/428a8106f8313bec42aca4e38ea86950b6e88a21b0f2764f9f7a4365dc1017a5?s=96&d=mm&r=g\",\"contentUrl\":\"https:\\\/\\\/secure.gravatar.com\\\/avatar\\\/428a8106f8313bec42aca4e38ea86950b6e88a21b0f2764f9f7a4365dc1017a5?s=96&d=mm&r=g\",\"caption\":\"Source Author\"},\"url\":\"https:\\\/\\\/hiox.com.ar\\\/hiox\\\/author\\\/wpra-source-author-site-1\\\/\"}]}<\/script>\n<!-- \/ Yoast SEO plugin. -->","yoast_head_json":{"title":"La historia de la \u201cFlecha de Plata\u201d, el hist\u00f3rico auto de Juan Manuel Fangio que Franco Colapinto manejar\u00e1 en su exhibici\u00f3n - HIOX","description":"La historia de la \u201cFlecha de Plata\u201d, el hist\u00f3rico auto de Juan Manuel Fangio que Franco Colapinto manejar\u00e1 en su exhibici\u00f3n. El argentino de Alpine volver\u00e1 a conducir un monoplaza de la F\u00f3rmula 1 en el pa\u00eds tras 14 a\u00f1os y, a lo largo de la jornada, tambi\u00e9n utilizar\u00e1 el veh\u00edculo con el que el Chueco se consagr\u00f3 bicampe\u00f3n","robots":{"index":"index","follow":"follow","max-snippet":"max-snippet:-1","max-image-preview":"max-image-preview:large","max-video-preview":"max-video-preview:-1"},"canonical":"https:\/\/hiox.com.ar\/hiox\/la-historia-de-la-flecha-de-plata-el-historico-auto-de-juan-manuel-fangio-que-franco-colapinto-manejara-en-su-exhibicion\/","og_locale":"es_ES","og_type":"article","og_title":"La historia de la \u201cFlecha de Plata\u201d, el hist\u00f3rico auto de Juan Manuel Fangio que Franco Colapinto manejar\u00e1 en su exhibici\u00f3n - HIOX","og_description":"La historia de la \u201cFlecha de Plata\u201d, el hist\u00f3rico auto de Juan Manuel Fangio que Franco Colapinto manejar\u00e1 en su exhibici\u00f3n. El argentino de Alpine volver\u00e1 a conducir un monoplaza de la F\u00f3rmula 1 en el pa\u00eds tras 14 a\u00f1os y, a lo largo de la jornada, tambi\u00e9n utilizar\u00e1 el veh\u00edculo con el que el Chueco se consagr\u00f3 bicampe\u00f3n","og_url":"https:\/\/hiox.com.ar\/hiox\/la-historia-de-la-flecha-de-plata-el-historico-auto-de-juan-manuel-fangio-que-franco-colapinto-manejara-en-su-exhibicion\/","og_site_name":"HIOX","article_published_time":"2026-04-24T05:57:59+00:00","og_image":[{"url":"https:\/\/www.infobae.com\/resizer\/v2\/AWJSJLYF7JBQJGWNIP7EMWIBP4.jpg?auth=8c93628282fd6ccdf846a706e8ff225ed1e2c408772250e2fd2fe122f2e7135a&amp;smart=true&amp;width=3072&amp;height=2304","type":"","width":"","height":""}],"author":"Source Author","twitter_card":"summary_large_image","twitter_misc":{"Escrito por":"Source Author","Tiempo de lectura":"6 minutos"},"schema":{"@context":"https:\/\/schema.org","@graph":[{"@type":"NewsArticle","@id":"https:\/\/hiox.com.ar\/hiox\/la-historia-de-la-flecha-de-plata-el-historico-auto-de-juan-manuel-fangio-que-franco-colapinto-manejara-en-su-exhibicion\/#article","isPartOf":{"@id":"https:\/\/hiox.com.ar\/hiox\/la-historia-de-la-flecha-de-plata-el-historico-auto-de-juan-manuel-fangio-que-franco-colapinto-manejara-en-su-exhibicion\/"},"author":{"name":"Source Author","@id":"https:\/\/hiox.com.ar\/hiox\/#\/schema\/person\/f70183b020df72016f0614086c3cf170"},"headline":"La historia de la \u201cFlecha de Plata\u201d, el hist\u00f3rico auto de Juan Manuel Fangio que Franco Colapinto manejar\u00e1 en su exhibici\u00f3n","datePublished":"2026-04-24T05:57:59+00:00","mainEntityOfPage":{"@id":"https:\/\/hiox.com.ar\/hiox\/la-historia-de-la-flecha-de-plata-el-historico-auto-de-juan-manuel-fangio-que-franco-colapinto-manejara-en-su-exhibicion\/"},"wordCount":1138,"commentCount":0,"publisher":{"@id":"https:\/\/hiox.com.ar\/hiox\/#organization"},"image":{"@id":"https:\/\/hiox.com.ar\/hiox\/la-historia-de-la-flecha-de-plata-el-historico-auto-de-juan-manuel-fangio-que-franco-colapinto-manejara-en-su-exhibicion\/#primaryimage"},"thumbnailUrl":"https:\/\/www.infobae.com\/resizer\/v2\/AWJSJLYF7JBQJGWNIP7EMWIBP4.jpg?auth=8c93628282fd6ccdf846a706e8ff225ed1e2c408772250e2fd2fe122f2e7135a&amp;smart=true&amp;width=3072&amp;height=2304","keywords":["Infobae","Informaci\u00f3n General","Noticias","Novedades"],"articleSection":["\ud83d\udcf0 Noticias \ud83d\uddde\ufe0f"],"inLanguage":"es","potentialAction":[{"@type":"CommentAction","name":"Comment","target":["https:\/\/hiox.com.ar\/hiox\/la-historia-de-la-flecha-de-plata-el-historico-auto-de-juan-manuel-fangio-que-franco-colapinto-manejara-en-su-exhibicion\/#respond"]}]},{"@type":["WebPage","ItemPage"],"@id":"https:\/\/hiox.com.ar\/hiox\/la-historia-de-la-flecha-de-plata-el-historico-auto-de-juan-manuel-fangio-que-franco-colapinto-manejara-en-su-exhibicion\/","url":"https:\/\/hiox.com.ar\/hiox\/la-historia-de-la-flecha-de-plata-el-historico-auto-de-juan-manuel-fangio-que-franco-colapinto-manejara-en-su-exhibicion\/","name":"La historia de la \u201cFlecha de Plata\u201d, el hist\u00f3rico auto de Juan Manuel Fangio que Franco Colapinto manejar\u00e1 en su exhibici\u00f3n - HIOX","isPartOf":{"@id":"https:\/\/hiox.com.ar\/hiox\/#website"},"primaryImageOfPage":{"@id":"https:\/\/hiox.com.ar\/hiox\/la-historia-de-la-flecha-de-plata-el-historico-auto-de-juan-manuel-fangio-que-franco-colapinto-manejara-en-su-exhibicion\/#primaryimage"},"image":{"@id":"https:\/\/hiox.com.ar\/hiox\/la-historia-de-la-flecha-de-plata-el-historico-auto-de-juan-manuel-fangio-que-franco-colapinto-manejara-en-su-exhibicion\/#primaryimage"},"thumbnailUrl":"https:\/\/www.infobae.com\/resizer\/v2\/AWJSJLYF7JBQJGWNIP7EMWIBP4.jpg?auth=8c93628282fd6ccdf846a706e8ff225ed1e2c408772250e2fd2fe122f2e7135a&amp;smart=true&amp;width=3072&amp;height=2304","datePublished":"2026-04-24T05:57:59+00:00","description":"La historia de la \u201cFlecha de Plata\u201d, el hist\u00f3rico auto de Juan Manuel Fangio que Franco Colapinto manejar\u00e1 en su exhibici\u00f3n. El argentino de Alpine volver\u00e1 a conducir un monoplaza de la F\u00f3rmula 1 en el pa\u00eds tras 14 a\u00f1os y, a lo largo de la jornada, tambi\u00e9n utilizar\u00e1 el veh\u00edculo con el que el Chueco se consagr\u00f3 bicampe\u00f3n","breadcrumb":{"@id":"https:\/\/hiox.com.ar\/hiox\/la-historia-de-la-flecha-de-plata-el-historico-auto-de-juan-manuel-fangio-que-franco-colapinto-manejara-en-su-exhibicion\/#breadcrumb"},"inLanguage":"es","potentialAction":[{"@type":"ReadAction","target":["https:\/\/hiox.com.ar\/hiox\/la-historia-de-la-flecha-de-plata-el-historico-auto-de-juan-manuel-fangio-que-franco-colapinto-manejara-en-su-exhibicion\/"]}]},{"@type":"ImageObject","inLanguage":"es","@id":"https:\/\/hiox.com.ar\/hiox\/la-historia-de-la-flecha-de-plata-el-historico-auto-de-juan-manuel-fangio-que-franco-colapinto-manejara-en-su-exhibicion\/#primaryimage","url":"https:\/\/www.infobae.com\/resizer\/v2\/AWJSJLYF7JBQJGWNIP7EMWIBP4.jpg?auth=8c93628282fd6ccdf846a706e8ff225ed1e2c408772250e2fd2fe122f2e7135a&amp;smart=true&amp;width=3072&amp;height=2304","contentUrl":"https:\/\/www.infobae.com\/resizer\/v2\/AWJSJLYF7JBQJGWNIP7EMWIBP4.jpg?auth=8c93628282fd6ccdf846a706e8ff225ed1e2c408772250e2fd2fe122f2e7135a&amp;smart=true&amp;width=3072&amp;height=2304"},{"@type":"BreadcrumbList","@id":"https:\/\/hiox.com.ar\/hiox\/la-historia-de-la-flecha-de-plata-el-historico-auto-de-juan-manuel-fangio-que-franco-colapinto-manejara-en-su-exhibicion\/#breadcrumb","itemListElement":[{"@type":"ListItem","position":1,"name":"Portada","item":"https:\/\/hiox.com.ar\/hiox\/"},{"@type":"ListItem","position":2,"name":"La historia de la \u201cFlecha de Plata\u201d, el hist\u00f3rico auto de Juan Manuel Fangio que Franco Colapinto manejar\u00e1 en su exhibici\u00f3n"}]},{"@type":"WebSite","@id":"https:\/\/hiox.com.ar\/hiox\/#website","url":"https:\/\/hiox.com.ar\/hiox\/","name":"HIOX","description":"Comercio Electronico","publisher":{"@id":"https:\/\/hiox.com.ar\/hiox\/#organization"},"potentialAction":[{"@type":"SearchAction","target":{"@type":"EntryPoint","urlTemplate":"https:\/\/hiox.com.ar\/hiox\/?s={search_term_string}"},"query-input":{"@type":"PropertyValueSpecification","valueRequired":true,"valueName":"search_term_string"}}],"inLanguage":"es"},{"@type":"Organization","@id":"https:\/\/hiox.com.ar\/hiox\/#organization","name":"HIOX","url":"https:\/\/hiox.com.ar\/hiox\/","logo":{"@type":"ImageObject","inLanguage":"es","@id":"https:\/\/hiox.com.ar\/hiox\/#\/schema\/logo\/image\/","url":"https:\/\/hiox.com.ar\/hiox\/wp-content\/uploads\/2025\/09\/cropped-hiox_logo-1.png","contentUrl":"https:\/\/hiox.com.ar\/hiox\/wp-content\/uploads\/2025\/09\/cropped-hiox_logo-1.png","width":491,"height":158,"caption":"HIOX"},"image":{"@id":"https:\/\/hiox.com.ar\/hiox\/#\/schema\/logo\/image\/"}},{"@type":"Person","@id":"https:\/\/hiox.com.ar\/hiox\/#\/schema\/person\/f70183b020df72016f0614086c3cf170","name":"Source Author","image":{"@type":"ImageObject","inLanguage":"es","@id":"https:\/\/secure.gravatar.com\/avatar\/428a8106f8313bec42aca4e38ea86950b6e88a21b0f2764f9f7a4365dc1017a5?s=96&d=mm&r=g","url":"https:\/\/secure.gravatar.com\/avatar\/428a8106f8313bec42aca4e38ea86950b6e88a21b0f2764f9f7a4365dc1017a5?s=96&d=mm&r=g","contentUrl":"https:\/\/secure.gravatar.com\/avatar\/428a8106f8313bec42aca4e38ea86950b6e88a21b0f2764f9f7a4365dc1017a5?s=96&d=mm&r=g","caption":"Source Author"},"url":"https:\/\/hiox.com.ar\/hiox\/author\/wpra-source-author-site-1\/"}]}},"_links":{"self":[{"href":"https:\/\/hiox.com.ar\/hiox\/wp-json\/wp\/v2\/posts\/3039","targetHints":{"allow":["GET"]}}],"collection":[{"href":"https:\/\/hiox.com.ar\/hiox\/wp-json\/wp\/v2\/posts"}],"about":[{"href":"https:\/\/hiox.com.ar\/hiox\/wp-json\/wp\/v2\/types\/post"}],"author":[{"embeddable":true,"href":"https:\/\/hiox.com.ar\/hiox\/wp-json\/wp\/v2\/users\/3"}],"replies":[{"embeddable":true,"href":"https:\/\/hiox.com.ar\/hiox\/wp-json\/wp\/v2\/comments?post=3039"}],"version-history":[{"count":0,"href":"https:\/\/hiox.com.ar\/hiox\/wp-json\/wp\/v2\/posts\/3039\/revisions"}],"wp:attachment":[{"href":"https:\/\/hiox.com.ar\/hiox\/wp-json\/wp\/v2\/media?parent=3039"}],"wp:term":[{"taxonomy":"category","embeddable":true,"href":"https:\/\/hiox.com.ar\/hiox\/wp-json\/wp\/v2\/categories?post=3039"},{"taxonomy":"post_tag","embeddable":true,"href":"https:\/\/hiox.com.ar\/hiox\/wp-json\/wp\/v2\/tags?post=3039"}],"curies":[{"name":"wp","href":"https:\/\/api.w.org\/{rel}","templated":true}]}}