{"id":3033,"date":"2026-04-23T02:59:37","date_gmt":"2026-04-23T05:59:37","guid":{"rendered":"https:\/\/hiox.com.ar\/hiox\/ara-san-juan-un-testigo-de-la-fiscalia-declaro-que-el-submarino-estaba-en-perfecto-estado-estructural-antes-de-la-implosion\/"},"modified":"2026-04-23T02:59:37","modified_gmt":"2026-04-23T05:59:37","slug":"ara-san-juan-un-testigo-de-la-fiscalia-declaro-que-el-submarino-estaba-en-perfecto-estado-estructural-antes-de-la-implosion","status":"publish","type":"post","link":"https:\/\/hiox.com.ar\/hiox\/ara-san-juan-un-testigo-de-la-fiscalia-declaro-que-el-submarino-estaba-en-perfecto-estado-estructural-antes-de-la-implosion\/","title":{"rendered":"ARA San Juan: un testigo de la fiscal\u00eda declar\u00f3 que el submarino \u201cestaba en perfecto estado estructural\u201d antes de la implosi\u00f3n"},"content":{"rendered":"<p>Informaci\u00f3n detallada sobre <strong>ARA San Juan: un testigo de la fiscal\u00eda declar\u00f3 que el submarino \u201cestaba en perfecto estado estructural\u201d antes de la implosi\u00f3n<\/strong>. Te traemos las \u00faltimas noticias sobre Noticia Infobae, un tema de gran inter\u00e9s para hoy 23 April, 2026.<\/p>\n<div class=\"entry-content-body\">\n<div><img loading=\"lazy\" decoding=\"async\" src=\"https:\/\/www.infobae.com\/resizer\/v2\/AVFJQNQ5FZDPZK3RFIZDZSA774.jpg?auth=019eb62b7d11bf606fc1ea9922e86fd40137c1502d10ed03d685665339d2eda7&amp;smart=true&amp;width=1918&amp;height=744\" alt=\"El vicealmirante retirado David Burden declar\u00f3 en el juicio por el ARA San Juan y sostuvo que el submarino estaba en \u201cperfecto estado estructural\u201d antes de la implosi\u00f3n\" height=\"744\" width=\"1918\"><\/p>\n<p>El juicio oral por el<a href=\"https:\/\/www.infobae.com\/judiciales\/2026\/04\/22\/ara-san-juan-un-ex-tripulante-analizo-el-estado-operativo-del-submarino-y-analizo-el-ultimo-mensaje-de-la-nave\/\" target=\"_blank\" rel=\"noreferrer\" title=\"https:\/\/www.infobae.com\/judiciales\/2026\/04\/22\/ara-san-juan-un-ex-tripulante-analizo-el-estado-operativo-del-submarino-y-analizo-el-ultimo-mensaje-de-la-nave\/\"><b> hundimiento del ARA San Juan<\/b><\/a> (SUSJ) avanza por estos d\u00edas con una nueva tanda de testigos solicitados por el fiscal <b>Gast\u00f3n Franco Pruz\u00e1n<\/b>. Entre los declarantes de este mi\u00e9rcoles se destac\u00f3 el vicealmirante retirado <b>David Fabi\u00e1n Burden<\/b>, quien en noviembre de 2017 se desempe\u00f1aba como <b>Director General de Material Naval (DGMN)<\/b> de la Armada Argentina. Con 43 a\u00f1os de carrera, el oficial superior tambi\u00e9n hab\u00eda estado al frente de la Direcci\u00f3n Ejecutiva de la DGMN durante 2016, per\u00edodo en el que a\u00fan se completaban las tareas pendientes de las <a href=\"https:\/\/www.infobae.com\/judiciales\/2026\/04\/18\/causa-ara-san-juan-el-inusual-acuerdo-entre-querella-y-defensas-por-una-prueba-durante-la-instruccion\/\" target=\"_blank\" rel=\"noreferrer\" title=\"https:\/\/www.infobae.com\/judiciales\/2026\/04\/18\/causa-ara-san-juan-el-inusual-acuerdo-entre-querella-y-defensas-por-una-prueba-durante-la-instruccion\/\"><b>reparaciones de media vida<\/b><\/a> del buque.<\/p>\n<p>Su exposici\u00f3n gir\u00f3 en torno a un eje novedoso para el debate iniciado el 3 de marzo: el <a href=\"https:\/\/www.infobae.com\/judiciales\/2026\/03\/26\/ara-san-juan-un-contraalmirante-afirmo-en-el-juicio-que-el-hundimiento-fue-una-concatenacion-de-causas\/\" target=\"_blank\" rel=\"noreferrer\" title=\"https:\/\/www.infobae.com\/judiciales\/2026\/03\/26\/ara-san-juan-un-contraalmirante-afirmo-en-el-juicio-que-el-hundimiento-fue-una-concatenacion-de-causas\/\"><b>estado estructural <\/b><\/a>de la embarcaci\u00f3n y las conclusiones t\u00e9cnicas a las que arrib\u00f3 tras un viaje que emprendi\u00f3 por iniciativa propia al astillero alem\u00e1n <b>Thyssen Krupp Marine Systems<\/b>, en <b>Kiel<\/b>, donde <b>SUSJ<\/b> hab\u00eda sido construido y entregado a la <b>Armada Argentina <\/b>en el a\u00f1o <b>1985<\/b>.<\/p>\n<h3>El viaje a Alemania: por iniciativa propia, con autorizaci\u00f3n del ministro<\/h3>\n<p>En una declaraci\u00f3n a veces forzada a interrumpirse por el mismo declarante con el fin de serenar su \u00e1nimo, tomar agua y retomar la palabra, el vicealmirante precis\u00f3 que tom\u00f3 conocimiento de la <a href=\"https:\/\/www.infobae.com\/judiciales\/2026\/04\/05\/ara-san-juan-las-hipotesis-de-un-perito-naval-sobre-como-el-principio-de-incendio-derivo-en-el-hundimiento\/\" target=\"_blank\" rel=\"noreferrer\" title=\"https:\/\/www.infobae.com\/judiciales\/2026\/04\/05\/ara-san-juan-las-hipotesis-de-un-perito-naval-sobre-como-el-principio-de-incendio-derivo-en-el-hundimiento\/\"><b>p\u00e9rdida de contacto<\/b><\/a> con el submarino la tarde del <b>15 de noviembre de 2017<\/b>. Desde ese momento comenz\u00f3 a reunirse con submarinistas de su equipo para analizar respuestas t\u00e9cnicas ante el peor escenario posible. <\/p>\n<p>El <b>29 de noviembre<\/b>, casi dos semanas despu\u00e9s de la desaparici\u00f3n del buque, Burden accedi\u00f3 al informe de la <b>CTBTO<\/b> -la Organizaci\u00f3n del Tratado de Prohibici\u00f3n Completa de los Ensayos Nucleares- que consign\u00f3 el<b> evento hidroac\u00fastico<\/b> del 15 de noviembre. \u201cEra muy claro, muy taxativo\u201d, record\u00f3. Ese mismo d\u00eda resolvi\u00f3 ponerse en contacto con el astillero alem\u00e1n <b>Thyssen Krupp Marine Systems<\/b>, en <b>Kiel<\/b>, al norte de Alemania.<\/p>\n<p><img loading=\"lazy\" decoding=\"async\" src=\"https:\/\/www.infobae.com\/resizer\/v2\/JYDRSF2JUBBRZMQH7AJUEBNIJ4.jpg?auth=0f73be552467c3c20649f46648bc0c42438a923f2b480e356048d7a959b5e980&amp;smart=true&amp;width=1920&amp;height=1080\" alt=\"El submarino ARA San Juan\" height=\"1080\" width=\"1920\"><\/p>\n<p>Entre los documentos que nutrieron el viaje figuraba el <b>mensaje SITREP<\/b> remitido por escrito desde el submarino a las <b>06:00 de aquel fat\u00eddico 15 de noviembre<\/b>, a trav\u00e9s del sistema de alta frecuencia <b>HF Tonina<\/b>, al <b>Comando de la Fuerza de Submarinos<\/b>. En esa comunicaci\u00f3n -la \u00faltima escrita de la nave- el San Juan reportaba el <a href=\"https:\/\/www.infobae.com\/judiciales\/2026\/03\/31\/ara-san-juan-como-fueron-las-ultimas-horas-del-submarino\/\" target=\"_blank\" rel=\"noreferrer\" title=\"https:\/\/www.infobae.com\/judiciales\/2026\/03\/31\/ara-san-juan-como-fueron-las-ultimas-horas-del-submarino\/\"><b>ingreso de agua de mar<\/b><\/a><b> por el sistema de ventilaci\u00f3n al tanque de bater\u00edas n\u00famero 3<\/b>, que hab\u00eda desencadenado un <b>cortocircuito y un principio de incendio en el balc\u00f3n de barras de bater\u00edas de proa<\/b>.<\/p>\n<p>\u201cEsto lo hice por motu propio\u201d, subray\u00f3 Burden al referirse a la decisi\u00f3n de viajar. Con el aval del jefe del Estado Mayor de la Armada <b>Marcelo Srur<\/b> y del ministro de Defensa <b>Oscar Aguad<\/b>, parti\u00f3 junto al entonces capit\u00e1n de nav\u00edo <b>Marcelo<\/b> <b>Flamini<\/b> hacia Kiel el 29 de noviembre. Retornaron el 3 de diciembre. En el astillero fueron recibidos, entre otros, por <b>Manfred Klein<\/b>, quien hab\u00eda integrado el equipo de construcci\u00f3n original de los <b>submarinos gemelos<\/b> ARA Santa Cruz y ARA San Juan.<\/p>\n<h3>Los escenarios sobre la dotaci\u00f3n y la hip\u00f3tesis del hidr\u00f3geno<\/h3>\n<p>A esa altura no hab\u00eda respuesta del submarino y exist\u00eda la certeza de que la dotaci\u00f3n no estaba en condiciones de emitir ning\u00fan tipo de se\u00f1al. El interrogante inmediato era qu\u00e9 hab\u00eda ocurrido con los <b>44 tripulantes<\/b>. Los ingenieros de Thyssen evaluaron tres alternativas. La generaci\u00f3n de <b>\u00e1cido clorh\u00eddrico<\/b> fue descartada porque ese gas se percibe de inmediato por el olfato, y de haberse producido la tripulaci\u00f3n habr\u00eda ascendido a superficie. La intoxicaci\u00f3n por <b>mon\u00f3xido de carbono<\/b> corri\u00f3 la misma suerte. La hip\u00f3tesis que acapar\u00f3 la atenci\u00f3n de los expertos fue la <a href=\"https:\/\/www.infobae.com\/judiciales\/2026\/03\/31\/ara-san-juan-como-fueron-las-ultimas-horas-del-submarino\/\" target=\"_blank\" rel=\"noreferrer\" title=\"https:\/\/www.infobae.com\/judiciales\/2026\/03\/31\/ara-san-juan-como-fueron-las-ultimas-horas-del-submarino\/\"><b>acumulaci\u00f3n de hidr\u00f3geno<\/b><\/a> en el <b>compartimento de bater\u00edas<\/b> como consecuencia del proceso qu\u00edmico de <b>hidr\u00f3lisis<\/b>.<\/p>\n<p>Las estimaciones de Thyssen indicaban que podr\u00edan haberse concentrado aproximadamente <b>23 metros c\u00fabicos de hidr\u00f3geno<\/b> en el techo del tanque y en las tapas de las escotillas -equivalente a una detonaci\u00f3n de unos <b>10 kilogramos de TNT<\/b>-, en un proceso que habr\u00eda insumido entre <b>dos y tres horas<\/b>. Un gradiente de <b>2 bar de presi\u00f3n repentino<\/b> en el interior del buque habr\u00eda provocado consecuencias letales para toda la dotaci\u00f3n.<\/p>\n<p>Partiendo del <b>horario de las 10:51<\/b> consignado por la CTBTO y calculando que el descenso hasta los <b>800 metros<\/b> habr\u00eda demandado aproximadamente 20 minutos, la secuencia resultaba compatible con una<b> <\/b><a href=\"https:\/\/www.infobae.com\/judiciales\/2026\/03\/31\/ara-san-juan-como-fueron-las-ultimas-horas-del-submarino\/\" target=\"_blank\" rel=\"noreferrer\" title=\"https:\/\/www.infobae.com\/judiciales\/2026\/03\/31\/ara-san-juan-como-fueron-las-ultimas-horas-del-submarino\/\"><b>explosi\u00f3n de hidr\u00f3geno<\/b><\/a> gestada horas antes. \u201cUno empieza a tirar para atr\u00e1s y probablemente puede haber habido esta <b>explosi\u00f3n del hidr\u00f3geno<\/b>, con un gradiente de 2 bar de presi\u00f3n repentino dentro del buque que <b>hubiera tenido efectos extremos para toda la dotaci\u00f3n<\/b>. Y eso empezar\u00eda a explicar por qu\u00e9 el buque pierde control y finalmente pasa lo que pasa\u201d, explic\u00f3 el testigo a preguntas de la fiscal\u00eda.<\/p>\n<p><img loading=\"lazy\" decoding=\"async\" src=\"https:\/\/www.infobae.com\/resizer\/v2\/OG3FCWABYFBY5L5XYUI5BXXEMU.jpg?auth=84eb9f29db1f28d0369f8875dcb70101b20376325161541f3a63d122bc40fcc1&amp;smart=true&amp;width=1850&amp;height=1078\" alt=\"En el cuadro de arriba a la izquierda: fiscales y querellantes durante la audiencia de este mi\u00e9rcoles\" height=\"1078\" width=\"1850\"><\/p>\n<p>Sin embargo, esa hip\u00f3tesis tambi\u00e9n encontr\u00f3 sus l\u00edmites. Una prueba efectuada el <b>1 de diciembre<\/b> con una carga de <b>108 kilogramos de TNT<\/b> en la zona de b\u00fasqueda gener\u00f3 una se\u00f1al ac\u00fastica notablemente inferior a la captada por la<b> <\/b><a href=\"https:\/\/www.infobae.com\/tag\/ctbto\/\" target=\"_blank\" rel=\"noreferrer\" title=\"https:\/\/www.infobae.com\/tag\/ctbto\/\"><b>CTBTO<\/b> <\/a>el <b>15 de noviembre<\/b>. La derivaci\u00f3n fue la siguiente: la <a href=\"https:\/\/www.infobae.com\/judiciales\/2026\/04\/14\/ara-san-juan-que-dice-el-informe-de-auditoria-de-la-armada-que-la-fiscalia-usa-como-prueba-en-el-juicio-oral\/\" target=\"_blank\" rel=\"noreferrer\" title=\"https:\/\/www.infobae.com\/judiciales\/2026\/04\/14\/ara-san-juan-que-dice-el-informe-de-auditoria-de-la-armada-que-la-fiscalia-usa-como-prueba-en-el-juicio-oral\/\"><b>anomal\u00eda<\/b> <b>hidroac\u00fastica<\/b><\/a> registrada no pod\u00eda provenir de una detonaci\u00f3n de apenas 10 kilos de hidr\u00f3geno. \u201cDe haberse producido esa explosi\u00f3n, la CTBTO no los hubiese detectado. As\u00ed que evidentemente era otra cosa, <b>que fue concretamente la implosi\u00f3n<\/b>\u201d, precis\u00f3 el oficial retirado.<\/p>\n<h3>La estructura del buque<\/h3>\n<p>De regreso en el pa\u00eds, Burden comunic\u00f3 al jefe del Estado Mayor que la \u00fanica variable contemplada con certeza era una <b>implosi\u00f3n<\/b> por <b>falla estructural <\/b>del buque al superar su <b>profundidad de dise\u00f1o<\/b>. All\u00ed explic\u00f3 que el criterio de ingenier\u00eda del astillero alem\u00e1n establece que el casco resistente se concibe para soportar <b>2,5 veces la profundidad de operaci\u00f3n m\u00e1xima<\/b>: con una profundidad operativa de <b>300 metros<\/b>, el buque fue dise\u00f1ado para resistir hasta <b>750 metros<\/b>. Los restos fueron hallados a unos <b>900 metros<\/b>, y el an\u00e1lisis de las im\u00e1genes con la<b> distribuci\u00f3n de los escombros<\/b> indic\u00f3 que la implosi\u00f3n hab\u00eda tenido lugar a aproximadamente <b>750 metros<\/b>, es decir, en la profundidad consignada en el manual.<\/p>\n<p>Ante la pregunta de si cuando alud\u00eda a \u201c<b>falla estructural<\/b>\u201d se refer\u00eda a una <b>falla por acci\u00f3n<\/b> de la profundidad m\u00e1s all\u00e1 del<b> punto de colapso<\/b>, o a una falla derivada del estado en que se hallaba el submarino al <b>momento de zarpar<\/b>, Burden fue categ\u00f3rico: \u201cLa <b>falla de la estructura<\/b> se da porque hay un dise\u00f1o del casco resistente que resiste hasta cierta profundidad. Superar esa profundidad en forma natural falla\u201d, sostuvo. <\/p>\n<p>Y a\u00f1adi\u00f3: \u201cDir\u00eda que el hecho de que haya fallado la estructura a 800 metros de profundidad, producto de interpretar c\u00f3mo se distribuyeron los <b>residuos de la implosi\u00f3n<\/b>, (&#8230;) <b>habla bien del estado estructural del buque<\/b>. En principio era un buque para operar hasta 300 metros, supuestamente su coeficiente de seguridad que se manejaba era de 600 metros, y el buque lleg\u00f3 a m\u00e1s de esa profundidad. <b>O sea que estructuralmente el buque estaba en perfecto estado<\/b>\u201c.<\/p>\n<p>Seg\u00fan las estimaciones del astillero constructor, la implosi\u00f3n de la embarcaci\u00f3n habr\u00eda ocurrido a <b>750 metros o m\u00e1s<\/b>, a unos <b>650 metros<\/b> por encima de la <b>limitaci\u00f3n preventiva <\/b>que la propia Armada hab\u00eda impuesto al submarino al momento de su \u00faltima misi\u00f3n, derivada del ciclo de<b> dique seco<\/b> vencido.<\/p>\n<p><img loading=\"lazy\" decoding=\"async\" src=\"https:\/\/www.infobae.com\/resizer\/v2\/AAE6Q5ZNDBBADPT3EZ2MJIVEGM.png?auth=d9a614464ce22c50c4c83c1c167816aadcea2a3c366706a79e141d2a3f5193c1&amp;smart=true&amp;width=1918&amp;height=1078\" alt=\"El Tribunal Oral Federal de Santa Cruz, con sede en R\u00edo Gallegos\" height=\"1078\" width=\"1918\"><\/p>\n<p>En Alemania tambi\u00e9n se descart\u00f3 la <b>falla en el resoldado del casco resistente<\/b> como consecuencia de las reparaciones de media vida, hip\u00f3tesis que hab\u00eda circulado durante la instrucci\u00f3n penal. \u201cLas <b>pocas fotos<\/b> -del naufragio- que yo pude ver demuestran que eso no sucedi\u00f3\u201d, asever\u00f3 el testigo.<\/p>\n<p>As\u00ed las cosas, dos escenarios quedaron abiertos y sin resolver: que haya habido una <b>explosi\u00f3n<\/b> <b>previa<\/b> a la p\u00e9rdida de<b> control de profundidad<\/b>, o que el submarino haya iniciado <b>un descenso descontrolado<\/b> <b>sin una causa todav\u00eda establecida<\/b>. En ese plano, Burden sintetiz\u00f3: \u201cPuede haber sucedido una explosi\u00f3n por hidr\u00f3geno y p\u00e9rdida de plano, o que el submarino haya empezado a bajar de forma descontrolada sin saber por qu\u00e9\u201d.<\/p>\n<h3>El debate en curso<\/h3>\n<p>El proceso para analizar si existen responsabilidades penales se desarrolla ante el <b>Tribunal Oral Federal de Santa Cruz<\/b>, en <b>R\u00edo Gallegos<\/b>, presidido por el juez <b>Mario Reynaldi<\/b> e integrado por <b>Enrique Baronetto<\/b>, <b>Luis Gim\u00e9nez<\/b> y <b>Guillermo Quadrini<\/b>, con cuatro exoficiales en el banquillo de los acusados &#8211;<b>Claudio Villamide<\/b>, <b>Luis Enrique L\u00f3pez Mazzeo<\/b>, <b>H\u00e9ctor Alonso<\/b> y <b>Hugo Correa<\/b>&#8211; imputados por incumplimiento de deberes de funcionario p\u00fablico, omisi\u00f3n de deberes del oficio y estrago culposo agravado por el resultado de muerte.<\/p>\n<p>Este jueves se llevar\u00e1 a cabo la <b>decimosexta audiencia<\/b> del debate, la \u00faltima antes de un cuarto intermedio que se extender\u00e1 hasta la primera semana de mayo. Prestar\u00e1n declaraci\u00f3n cuatro testigos de las Fuerzas Armadas: <b>Guillermo Jorge Barrionuevo<\/b>, <b>Ricardo Daniel M\u00e9ndez<\/b>, <b>Leonardo Jos\u00e9 Fusaro<\/b> y <b>Dardo Rub\u00e9n Difalco<\/b>. <\/p>\n<\/div>\n<\/div>\n<hr \/>\n<p>Esta noticia sobre <strong>ARA San Juan: un testigo de la fiscal\u00eda declar\u00f3 que el submarino \u201cestaba en perfecto estado estructural\u201d antes de la implosi\u00f3n<\/strong> fue publicada originalmente en <a href=\"https:\/\/www.infobae.com\/arc\/outboundfeeds\/rss\/\" target=\"_blank\" rel=\"nofollow\">Infobae.com<\/a>. Puedes ampliar la informaci\u00f3n siguiendo el enlace a la fuente original: <a href=\"https:\/\/www.infobae.com\/judiciales\/2026\/04\/23\/ara-san-juan-un-testigo-de-la-fiscalia-declaro-que-el-submarino-estaba-en-perfecto-estado-estructural-antes-de-la-implosion\/\" target=\"_blank\" rel=\"noopener noreferrer\">ARA San Juan: un testigo de la fiscal\u00eda declar\u00f3 que el submarino \u201cestaba en perfecto estado estructural\u201d antes de la implosi\u00f3n<\/a>.<\/p>\n<p><small>Categor\u00eda: Noticia Infobae | Fecha: 23 April, 2026<\/small><\/p>\n","protected":false},"excerpt":{"rendered":"<div>El vicealmirante retirado David Burden reconstruy\u00f3 ante el tribunal el viaje al astillero alem\u00e1n que construy\u00f3 el buque y explic\u00f3 por qu\u00e9 la hip\u00f3tesis final apunta a una implosi\u00f3n por exceso de profundidad y no a una explosi\u00f3n interna<\/div>\n","protected":false},"author":3,"featured_media":0,"comment_status":"open","ping_status":"open","sticky":false,"template":"","format":"standard","meta":{"site-sidebar-layout":"default","site-content-layout":"","ast-site-content-layout":"default","site-content-style":"default","site-sidebar-style":"default","ast-global-header-display":"","ast-banner-title-visibility":"","ast-main-header-display":"","ast-hfb-above-header-display":"","ast-hfb-below-header-display":"","ast-hfb-mobile-header-display":"","site-post-title":"","ast-breadcrumbs-content":"","ast-featured-img":"","footer-sml-layout":"","ast-disable-related-posts":"","theme-transparent-header-meta":"","adv-header-id-meta":"","stick-header-meta":"","header-above-stick-meta":"","header-main-stick-meta":"","header-below-stick-meta":"","astra-migrate-meta-layouts":"default","ast-page-background-enabled":"default","ast-page-background-meta":{"desktop":{"background-color":"var(--ast-global-color-5)","background-image":"","background-repeat":"repeat","background-position":"center center","background-size":"auto","background-attachment":"scroll","background-type":"","background-media":"","overlay-type":"","overlay-color":"","overlay-opacity":"","overlay-gradient":""},"tablet":{"background-color":"","background-image":"","background-repeat":"repeat","background-position":"center center","background-size":"auto","background-attachment":"scroll","background-type":"","background-media":"","overlay-type":"","overlay-color":"","overlay-opacity":"","overlay-gradient":""},"mobile":{"background-color":"","background-image":"","background-repeat":"repeat","background-position":"center center","background-size":"auto","background-attachment":"scroll","background-type":"","background-media":"","overlay-type":"","overlay-color":"","overlay-opacity":"","overlay-gradient":""}},"ast-content-background-meta":{"desktop":{"background-color":"var(--ast-global-color-4)","background-image":"","background-repeat":"repeat","background-position":"center center","background-size":"auto","background-attachment":"scroll","background-type":"","background-media":"","overlay-type":"","overlay-color":"","overlay-opacity":"","overlay-gradient":""},"tablet":{"background-color":"var(--ast-global-color-4)","background-image":"","background-repeat":"repeat","background-position":"center center","background-size":"auto","background-attachment":"scroll","background-type":"","background-media":"","overlay-type":"","overlay-color":"","overlay-opacity":"","overlay-gradient":""},"mobile":{"background-color":"var(--ast-global-color-4)","background-image":"","background-repeat":"repeat","background-position":"center center","background-size":"auto","background-attachment":"scroll","background-type":"","background-media":"","overlay-type":"","overlay-color":"","overlay-opacity":"","overlay-gradient":""}},"fifu_image_url":"","fifu_image_alt":"","footnotes":""},"categories":[23],"tags":[25,27,24,26],"class_list":["post-3033","post","type-post","status-publish","format-standard","hentry","category-noticias","tag-infobae","tag-informacion-general","tag-noticias","tag-novedades"],"yoast_head":"<!-- This site is optimized with the Yoast SEO plugin v27.5 - https:\/\/yoast.com\/product\/yoast-seo-wordpress\/ -->\n<title>ARA San Juan: un testigo de la fiscal\u00eda declar\u00f3 que el submarino \u201cestaba en perfecto estado estructural\u201d antes de la implosi\u00f3n - HIOX<\/title>\n<meta name=\"description\" content=\"ARA San Juan: un testigo de la fiscal\u00eda declar\u00f3 que el submarino \u201cestaba en perfecto estado estructural\u201d antes de la implosi\u00f3n. El vicealmirante retirado David Burden reconstruy\u00f3 ante el tribunal el viaje al astillero alem\u00e1n que construy\u00f3 el buque y explic\u00f3 por qu\u00e9 la hip\u00f3tesis final apunta a una implosi\u00f3n por exceso de profundidad y no a una explosi\u00f3n interna\" \/>\n<meta name=\"robots\" content=\"index, follow, max-snippet:-1, max-image-preview:large, max-video-preview:-1\" \/>\n<link rel=\"canonical\" href=\"https:\/\/hiox.com.ar\/hiox\/ara-san-juan-un-testigo-de-la-fiscalia-declaro-que-el-submarino-estaba-en-perfecto-estado-estructural-antes-de-la-implosion\/\" \/>\n<meta property=\"og:locale\" content=\"es_ES\" \/>\n<meta property=\"og:type\" content=\"article\" \/>\n<meta property=\"og:title\" content=\"ARA San Juan: un testigo de la fiscal\u00eda declar\u00f3 que el submarino \u201cestaba en perfecto estado estructural\u201d antes de la implosi\u00f3n - HIOX\" \/>\n<meta property=\"og:description\" content=\"ARA San Juan: un testigo de la fiscal\u00eda declar\u00f3 que el submarino \u201cestaba en perfecto estado estructural\u201d antes de la implosi\u00f3n. El vicealmirante retirado David Burden reconstruy\u00f3 ante el tribunal el viaje al astillero alem\u00e1n que construy\u00f3 el buque y explic\u00f3 por qu\u00e9 la hip\u00f3tesis final apunta a una implosi\u00f3n por exceso de profundidad y no a una explosi\u00f3n interna\" \/>\n<meta property=\"og:url\" content=\"https:\/\/hiox.com.ar\/hiox\/ara-san-juan-un-testigo-de-la-fiscalia-declaro-que-el-submarino-estaba-en-perfecto-estado-estructural-antes-de-la-implosion\/\" \/>\n<meta property=\"og:site_name\" content=\"HIOX\" \/>\n<meta property=\"article:published_time\" content=\"2026-04-23T05:59:37+00:00\" \/>\n<meta property=\"og:image\" content=\"https:\/\/www.infobae.com\/resizer\/v2\/AVFJQNQ5FZDPZK3RFIZDZSA774.jpg?auth=019eb62b7d11bf606fc1ea9922e86fd40137c1502d10ed03d685665339d2eda7&amp;smart=true&amp;width=1918&amp;height=744\" \/>\n<meta name=\"author\" content=\"Source Author\" \/>\n<meta name=\"twitter:card\" content=\"summary_large_image\" \/>\n<meta name=\"twitter:label1\" content=\"Escrito por\" \/>\n\t<meta name=\"twitter:data1\" content=\"Source Author\" \/>\n\t<meta name=\"twitter:label2\" content=\"Tiempo de lectura\" \/>\n\t<meta name=\"twitter:data2\" content=\"8 minutos\" \/>\n<script type=\"application\/ld+json\" class=\"yoast-schema-graph\">{\"@context\":\"https:\\\/\\\/schema.org\",\"@graph\":[{\"@type\":\"NewsArticle\",\"@id\":\"https:\\\/\\\/hiox.com.ar\\\/hiox\\\/ara-san-juan-un-testigo-de-la-fiscalia-declaro-que-el-submarino-estaba-en-perfecto-estado-estructural-antes-de-la-implosion\\\/#article\",\"isPartOf\":{\"@id\":\"https:\\\/\\\/hiox.com.ar\\\/hiox\\\/ara-san-juan-un-testigo-de-la-fiscalia-declaro-que-el-submarino-estaba-en-perfecto-estado-estructural-antes-de-la-implosion\\\/\"},\"author\":{\"name\":\"Source Author\",\"@id\":\"https:\\\/\\\/hiox.com.ar\\\/hiox\\\/#\\\/schema\\\/person\\\/f70183b020df72016f0614086c3cf170\"},\"headline\":\"ARA San Juan: un testigo de la fiscal\u00eda declar\u00f3 que el submarino \u201cestaba en perfecto estado estructural\u201d antes de la implosi\u00f3n\",\"datePublished\":\"2026-04-23T05:59:37+00:00\",\"mainEntityOfPage\":{\"@id\":\"https:\\\/\\\/hiox.com.ar\\\/hiox\\\/ara-san-juan-un-testigo-de-la-fiscalia-declaro-que-el-submarino-estaba-en-perfecto-estado-estructural-antes-de-la-implosion\\\/\"},\"wordCount\":1672,\"commentCount\":0,\"publisher\":{\"@id\":\"https:\\\/\\\/hiox.com.ar\\\/hiox\\\/#organization\"},\"image\":{\"@id\":\"https:\\\/\\\/hiox.com.ar\\\/hiox\\\/ara-san-juan-un-testigo-de-la-fiscalia-declaro-que-el-submarino-estaba-en-perfecto-estado-estructural-antes-de-la-implosion\\\/#primaryimage\"},\"thumbnailUrl\":\"https:\\\/\\\/www.infobae.com\\\/resizer\\\/v2\\\/AVFJQNQ5FZDPZK3RFIZDZSA774.jpg?auth=019eb62b7d11bf606fc1ea9922e86fd40137c1502d10ed03d685665339d2eda7&amp;smart=true&amp;width=1918&amp;height=744\",\"keywords\":[\"Infobae\",\"Informaci\u00f3n General\",\"Noticias\",\"Novedades\"],\"articleSection\":[\"\ud83d\udcf0 Noticias \ud83d\uddde\ufe0f\"],\"inLanguage\":\"es\",\"potentialAction\":[{\"@type\":\"CommentAction\",\"name\":\"Comment\",\"target\":[\"https:\\\/\\\/hiox.com.ar\\\/hiox\\\/ara-san-juan-un-testigo-de-la-fiscalia-declaro-que-el-submarino-estaba-en-perfecto-estado-estructural-antes-de-la-implosion\\\/#respond\"]}]},{\"@type\":[\"WebPage\",\"ItemPage\"],\"@id\":\"https:\\\/\\\/hiox.com.ar\\\/hiox\\\/ara-san-juan-un-testigo-de-la-fiscalia-declaro-que-el-submarino-estaba-en-perfecto-estado-estructural-antes-de-la-implosion\\\/\",\"url\":\"https:\\\/\\\/hiox.com.ar\\\/hiox\\\/ara-san-juan-un-testigo-de-la-fiscalia-declaro-que-el-submarino-estaba-en-perfecto-estado-estructural-antes-de-la-implosion\\\/\",\"name\":\"ARA San Juan: un testigo de la fiscal\u00eda declar\u00f3 que el submarino \u201cestaba en perfecto estado estructural\u201d antes de la implosi\u00f3n - HIOX\",\"isPartOf\":{\"@id\":\"https:\\\/\\\/hiox.com.ar\\\/hiox\\\/#website\"},\"primaryImageOfPage\":{\"@id\":\"https:\\\/\\\/hiox.com.ar\\\/hiox\\\/ara-san-juan-un-testigo-de-la-fiscalia-declaro-que-el-submarino-estaba-en-perfecto-estado-estructural-antes-de-la-implosion\\\/#primaryimage\"},\"image\":{\"@id\":\"https:\\\/\\\/hiox.com.ar\\\/hiox\\\/ara-san-juan-un-testigo-de-la-fiscalia-declaro-que-el-submarino-estaba-en-perfecto-estado-estructural-antes-de-la-implosion\\\/#primaryimage\"},\"thumbnailUrl\":\"https:\\\/\\\/www.infobae.com\\\/resizer\\\/v2\\\/AVFJQNQ5FZDPZK3RFIZDZSA774.jpg?auth=019eb62b7d11bf606fc1ea9922e86fd40137c1502d10ed03d685665339d2eda7&amp;smart=true&amp;width=1918&amp;height=744\",\"datePublished\":\"2026-04-23T05:59:37+00:00\",\"description\":\"ARA San Juan: un testigo de la fiscal\u00eda declar\u00f3 que el submarino \u201cestaba en perfecto estado estructural\u201d antes de la implosi\u00f3n. El vicealmirante retirado David Burden reconstruy\u00f3 ante el tribunal el viaje al astillero alem\u00e1n que construy\u00f3 el buque y explic\u00f3 por qu\u00e9 la hip\u00f3tesis final apunta a una implosi\u00f3n por exceso de profundidad y no a una explosi\u00f3n interna\",\"breadcrumb\":{\"@id\":\"https:\\\/\\\/hiox.com.ar\\\/hiox\\\/ara-san-juan-un-testigo-de-la-fiscalia-declaro-que-el-submarino-estaba-en-perfecto-estado-estructural-antes-de-la-implosion\\\/#breadcrumb\"},\"inLanguage\":\"es\",\"potentialAction\":[{\"@type\":\"ReadAction\",\"target\":[\"https:\\\/\\\/hiox.com.ar\\\/hiox\\\/ara-san-juan-un-testigo-de-la-fiscalia-declaro-que-el-submarino-estaba-en-perfecto-estado-estructural-antes-de-la-implosion\\\/\"]}]},{\"@type\":\"ImageObject\",\"inLanguage\":\"es\",\"@id\":\"https:\\\/\\\/hiox.com.ar\\\/hiox\\\/ara-san-juan-un-testigo-de-la-fiscalia-declaro-que-el-submarino-estaba-en-perfecto-estado-estructural-antes-de-la-implosion\\\/#primaryimage\",\"url\":\"https:\\\/\\\/www.infobae.com\\\/resizer\\\/v2\\\/AVFJQNQ5FZDPZK3RFIZDZSA774.jpg?auth=019eb62b7d11bf606fc1ea9922e86fd40137c1502d10ed03d685665339d2eda7&amp;smart=true&amp;width=1918&amp;height=744\",\"contentUrl\":\"https:\\\/\\\/www.infobae.com\\\/resizer\\\/v2\\\/AVFJQNQ5FZDPZK3RFIZDZSA774.jpg?auth=019eb62b7d11bf606fc1ea9922e86fd40137c1502d10ed03d685665339d2eda7&amp;smart=true&amp;width=1918&amp;height=744\"},{\"@type\":\"BreadcrumbList\",\"@id\":\"https:\\\/\\\/hiox.com.ar\\\/hiox\\\/ara-san-juan-un-testigo-de-la-fiscalia-declaro-que-el-submarino-estaba-en-perfecto-estado-estructural-antes-de-la-implosion\\\/#breadcrumb\",\"itemListElement\":[{\"@type\":\"ListItem\",\"position\":1,\"name\":\"Portada\",\"item\":\"https:\\\/\\\/hiox.com.ar\\\/hiox\\\/\"},{\"@type\":\"ListItem\",\"position\":2,\"name\":\"ARA San Juan: un testigo de la fiscal\u00eda declar\u00f3 que el submarino \u201cestaba en perfecto estado estructural\u201d antes de la implosi\u00f3n\"}]},{\"@type\":\"WebSite\",\"@id\":\"https:\\\/\\\/hiox.com.ar\\\/hiox\\\/#website\",\"url\":\"https:\\\/\\\/hiox.com.ar\\\/hiox\\\/\",\"name\":\"HIOX\",\"description\":\"Comercio Electronico\",\"publisher\":{\"@id\":\"https:\\\/\\\/hiox.com.ar\\\/hiox\\\/#organization\"},\"potentialAction\":[{\"@type\":\"SearchAction\",\"target\":{\"@type\":\"EntryPoint\",\"urlTemplate\":\"https:\\\/\\\/hiox.com.ar\\\/hiox\\\/?s={search_term_string}\"},\"query-input\":{\"@type\":\"PropertyValueSpecification\",\"valueRequired\":true,\"valueName\":\"search_term_string\"}}],\"inLanguage\":\"es\"},{\"@type\":\"Organization\",\"@id\":\"https:\\\/\\\/hiox.com.ar\\\/hiox\\\/#organization\",\"name\":\"HIOX\",\"url\":\"https:\\\/\\\/hiox.com.ar\\\/hiox\\\/\",\"logo\":{\"@type\":\"ImageObject\",\"inLanguage\":\"es\",\"@id\":\"https:\\\/\\\/hiox.com.ar\\\/hiox\\\/#\\\/schema\\\/logo\\\/image\\\/\",\"url\":\"https:\\\/\\\/hiox.com.ar\\\/hiox\\\/wp-content\\\/uploads\\\/2025\\\/09\\\/cropped-hiox_logo-1.png\",\"contentUrl\":\"https:\\\/\\\/hiox.com.ar\\\/hiox\\\/wp-content\\\/uploads\\\/2025\\\/09\\\/cropped-hiox_logo-1.png\",\"width\":491,\"height\":158,\"caption\":\"HIOX\"},\"image\":{\"@id\":\"https:\\\/\\\/hiox.com.ar\\\/hiox\\\/#\\\/schema\\\/logo\\\/image\\\/\"}},{\"@type\":\"Person\",\"@id\":\"https:\\\/\\\/hiox.com.ar\\\/hiox\\\/#\\\/schema\\\/person\\\/f70183b020df72016f0614086c3cf170\",\"name\":\"Source Author\",\"image\":{\"@type\":\"ImageObject\",\"inLanguage\":\"es\",\"@id\":\"https:\\\/\\\/secure.gravatar.com\\\/avatar\\\/428a8106f8313bec42aca4e38ea86950b6e88a21b0f2764f9f7a4365dc1017a5?s=96&d=mm&r=g\",\"url\":\"https:\\\/\\\/secure.gravatar.com\\\/avatar\\\/428a8106f8313bec42aca4e38ea86950b6e88a21b0f2764f9f7a4365dc1017a5?s=96&d=mm&r=g\",\"contentUrl\":\"https:\\\/\\\/secure.gravatar.com\\\/avatar\\\/428a8106f8313bec42aca4e38ea86950b6e88a21b0f2764f9f7a4365dc1017a5?s=96&d=mm&r=g\",\"caption\":\"Source Author\"},\"url\":\"https:\\\/\\\/hiox.com.ar\\\/hiox\\\/author\\\/wpra-source-author-site-1\\\/\"}]}<\/script>\n<!-- \/ Yoast SEO plugin. -->","yoast_head_json":{"title":"ARA San Juan: un testigo de la fiscal\u00eda declar\u00f3 que el submarino \u201cestaba en perfecto estado estructural\u201d antes de la implosi\u00f3n - HIOX","description":"ARA San Juan: un testigo de la fiscal\u00eda declar\u00f3 que el submarino \u201cestaba en perfecto estado estructural\u201d antes de la implosi\u00f3n. El vicealmirante retirado David Burden reconstruy\u00f3 ante el tribunal el viaje al astillero alem\u00e1n que construy\u00f3 el buque y explic\u00f3 por qu\u00e9 la hip\u00f3tesis final apunta a una implosi\u00f3n por exceso de profundidad y no a una explosi\u00f3n interna","robots":{"index":"index","follow":"follow","max-snippet":"max-snippet:-1","max-image-preview":"max-image-preview:large","max-video-preview":"max-video-preview:-1"},"canonical":"https:\/\/hiox.com.ar\/hiox\/ara-san-juan-un-testigo-de-la-fiscalia-declaro-que-el-submarino-estaba-en-perfecto-estado-estructural-antes-de-la-implosion\/","og_locale":"es_ES","og_type":"article","og_title":"ARA San Juan: un testigo de la fiscal\u00eda declar\u00f3 que el submarino \u201cestaba en perfecto estado estructural\u201d antes de la implosi\u00f3n - HIOX","og_description":"ARA San Juan: un testigo de la fiscal\u00eda declar\u00f3 que el submarino \u201cestaba en perfecto estado estructural\u201d antes de la implosi\u00f3n. El vicealmirante retirado David Burden reconstruy\u00f3 ante el tribunal el viaje al astillero alem\u00e1n que construy\u00f3 el buque y explic\u00f3 por qu\u00e9 la hip\u00f3tesis final apunta a una implosi\u00f3n por exceso de profundidad y no a una explosi\u00f3n interna","og_url":"https:\/\/hiox.com.ar\/hiox\/ara-san-juan-un-testigo-de-la-fiscalia-declaro-que-el-submarino-estaba-en-perfecto-estado-estructural-antes-de-la-implosion\/","og_site_name":"HIOX","article_published_time":"2026-04-23T05:59:37+00:00","og_image":[{"url":"https:\/\/www.infobae.com\/resizer\/v2\/AVFJQNQ5FZDPZK3RFIZDZSA774.jpg?auth=019eb62b7d11bf606fc1ea9922e86fd40137c1502d10ed03d685665339d2eda7&amp;smart=true&amp;width=1918&amp;height=744","type":"","width":"","height":""}],"author":"Source Author","twitter_card":"summary_large_image","twitter_misc":{"Escrito por":"Source Author","Tiempo de lectura":"8 minutos"},"schema":{"@context":"https:\/\/schema.org","@graph":[{"@type":"NewsArticle","@id":"https:\/\/hiox.com.ar\/hiox\/ara-san-juan-un-testigo-de-la-fiscalia-declaro-que-el-submarino-estaba-en-perfecto-estado-estructural-antes-de-la-implosion\/#article","isPartOf":{"@id":"https:\/\/hiox.com.ar\/hiox\/ara-san-juan-un-testigo-de-la-fiscalia-declaro-que-el-submarino-estaba-en-perfecto-estado-estructural-antes-de-la-implosion\/"},"author":{"name":"Source Author","@id":"https:\/\/hiox.com.ar\/hiox\/#\/schema\/person\/f70183b020df72016f0614086c3cf170"},"headline":"ARA San Juan: un testigo de la fiscal\u00eda declar\u00f3 que el submarino \u201cestaba en perfecto estado estructural\u201d antes de la implosi\u00f3n","datePublished":"2026-04-23T05:59:37+00:00","mainEntityOfPage":{"@id":"https:\/\/hiox.com.ar\/hiox\/ara-san-juan-un-testigo-de-la-fiscalia-declaro-que-el-submarino-estaba-en-perfecto-estado-estructural-antes-de-la-implosion\/"},"wordCount":1672,"commentCount":0,"publisher":{"@id":"https:\/\/hiox.com.ar\/hiox\/#organization"},"image":{"@id":"https:\/\/hiox.com.ar\/hiox\/ara-san-juan-un-testigo-de-la-fiscalia-declaro-que-el-submarino-estaba-en-perfecto-estado-estructural-antes-de-la-implosion\/#primaryimage"},"thumbnailUrl":"https:\/\/www.infobae.com\/resizer\/v2\/AVFJQNQ5FZDPZK3RFIZDZSA774.jpg?auth=019eb62b7d11bf606fc1ea9922e86fd40137c1502d10ed03d685665339d2eda7&amp;smart=true&amp;width=1918&amp;height=744","keywords":["Infobae","Informaci\u00f3n General","Noticias","Novedades"],"articleSection":["\ud83d\udcf0 Noticias \ud83d\uddde\ufe0f"],"inLanguage":"es","potentialAction":[{"@type":"CommentAction","name":"Comment","target":["https:\/\/hiox.com.ar\/hiox\/ara-san-juan-un-testigo-de-la-fiscalia-declaro-que-el-submarino-estaba-en-perfecto-estado-estructural-antes-de-la-implosion\/#respond"]}]},{"@type":["WebPage","ItemPage"],"@id":"https:\/\/hiox.com.ar\/hiox\/ara-san-juan-un-testigo-de-la-fiscalia-declaro-que-el-submarino-estaba-en-perfecto-estado-estructural-antes-de-la-implosion\/","url":"https:\/\/hiox.com.ar\/hiox\/ara-san-juan-un-testigo-de-la-fiscalia-declaro-que-el-submarino-estaba-en-perfecto-estado-estructural-antes-de-la-implosion\/","name":"ARA San Juan: un testigo de la fiscal\u00eda declar\u00f3 que el submarino \u201cestaba en perfecto estado estructural\u201d antes de la implosi\u00f3n - HIOX","isPartOf":{"@id":"https:\/\/hiox.com.ar\/hiox\/#website"},"primaryImageOfPage":{"@id":"https:\/\/hiox.com.ar\/hiox\/ara-san-juan-un-testigo-de-la-fiscalia-declaro-que-el-submarino-estaba-en-perfecto-estado-estructural-antes-de-la-implosion\/#primaryimage"},"image":{"@id":"https:\/\/hiox.com.ar\/hiox\/ara-san-juan-un-testigo-de-la-fiscalia-declaro-que-el-submarino-estaba-en-perfecto-estado-estructural-antes-de-la-implosion\/#primaryimage"},"thumbnailUrl":"https:\/\/www.infobae.com\/resizer\/v2\/AVFJQNQ5FZDPZK3RFIZDZSA774.jpg?auth=019eb62b7d11bf606fc1ea9922e86fd40137c1502d10ed03d685665339d2eda7&amp;smart=true&amp;width=1918&amp;height=744","datePublished":"2026-04-23T05:59:37+00:00","description":"ARA San Juan: un testigo de la fiscal\u00eda declar\u00f3 que el submarino \u201cestaba en perfecto estado estructural\u201d antes de la implosi\u00f3n. El vicealmirante retirado David Burden reconstruy\u00f3 ante el tribunal el viaje al astillero alem\u00e1n que construy\u00f3 el buque y explic\u00f3 por qu\u00e9 la hip\u00f3tesis final apunta a una implosi\u00f3n por exceso de profundidad y no a una explosi\u00f3n interna","breadcrumb":{"@id":"https:\/\/hiox.com.ar\/hiox\/ara-san-juan-un-testigo-de-la-fiscalia-declaro-que-el-submarino-estaba-en-perfecto-estado-estructural-antes-de-la-implosion\/#breadcrumb"},"inLanguage":"es","potentialAction":[{"@type":"ReadAction","target":["https:\/\/hiox.com.ar\/hiox\/ara-san-juan-un-testigo-de-la-fiscalia-declaro-que-el-submarino-estaba-en-perfecto-estado-estructural-antes-de-la-implosion\/"]}]},{"@type":"ImageObject","inLanguage":"es","@id":"https:\/\/hiox.com.ar\/hiox\/ara-san-juan-un-testigo-de-la-fiscalia-declaro-que-el-submarino-estaba-en-perfecto-estado-estructural-antes-de-la-implosion\/#primaryimage","url":"https:\/\/www.infobae.com\/resizer\/v2\/AVFJQNQ5FZDPZK3RFIZDZSA774.jpg?auth=019eb62b7d11bf606fc1ea9922e86fd40137c1502d10ed03d685665339d2eda7&amp;smart=true&amp;width=1918&amp;height=744","contentUrl":"https:\/\/www.infobae.com\/resizer\/v2\/AVFJQNQ5FZDPZK3RFIZDZSA774.jpg?auth=019eb62b7d11bf606fc1ea9922e86fd40137c1502d10ed03d685665339d2eda7&amp;smart=true&amp;width=1918&amp;height=744"},{"@type":"BreadcrumbList","@id":"https:\/\/hiox.com.ar\/hiox\/ara-san-juan-un-testigo-de-la-fiscalia-declaro-que-el-submarino-estaba-en-perfecto-estado-estructural-antes-de-la-implosion\/#breadcrumb","itemListElement":[{"@type":"ListItem","position":1,"name":"Portada","item":"https:\/\/hiox.com.ar\/hiox\/"},{"@type":"ListItem","position":2,"name":"ARA San Juan: un testigo de la fiscal\u00eda declar\u00f3 que el submarino \u201cestaba en perfecto estado estructural\u201d antes de la implosi\u00f3n"}]},{"@type":"WebSite","@id":"https:\/\/hiox.com.ar\/hiox\/#website","url":"https:\/\/hiox.com.ar\/hiox\/","name":"HIOX","description":"Comercio Electronico","publisher":{"@id":"https:\/\/hiox.com.ar\/hiox\/#organization"},"potentialAction":[{"@type":"SearchAction","target":{"@type":"EntryPoint","urlTemplate":"https:\/\/hiox.com.ar\/hiox\/?s={search_term_string}"},"query-input":{"@type":"PropertyValueSpecification","valueRequired":true,"valueName":"search_term_string"}}],"inLanguage":"es"},{"@type":"Organization","@id":"https:\/\/hiox.com.ar\/hiox\/#organization","name":"HIOX","url":"https:\/\/hiox.com.ar\/hiox\/","logo":{"@type":"ImageObject","inLanguage":"es","@id":"https:\/\/hiox.com.ar\/hiox\/#\/schema\/logo\/image\/","url":"https:\/\/hiox.com.ar\/hiox\/wp-content\/uploads\/2025\/09\/cropped-hiox_logo-1.png","contentUrl":"https:\/\/hiox.com.ar\/hiox\/wp-content\/uploads\/2025\/09\/cropped-hiox_logo-1.png","width":491,"height":158,"caption":"HIOX"},"image":{"@id":"https:\/\/hiox.com.ar\/hiox\/#\/schema\/logo\/image\/"}},{"@type":"Person","@id":"https:\/\/hiox.com.ar\/hiox\/#\/schema\/person\/f70183b020df72016f0614086c3cf170","name":"Source Author","image":{"@type":"ImageObject","inLanguage":"es","@id":"https:\/\/secure.gravatar.com\/avatar\/428a8106f8313bec42aca4e38ea86950b6e88a21b0f2764f9f7a4365dc1017a5?s=96&d=mm&r=g","url":"https:\/\/secure.gravatar.com\/avatar\/428a8106f8313bec42aca4e38ea86950b6e88a21b0f2764f9f7a4365dc1017a5?s=96&d=mm&r=g","contentUrl":"https:\/\/secure.gravatar.com\/avatar\/428a8106f8313bec42aca4e38ea86950b6e88a21b0f2764f9f7a4365dc1017a5?s=96&d=mm&r=g","caption":"Source Author"},"url":"https:\/\/hiox.com.ar\/hiox\/author\/wpra-source-author-site-1\/"}]}},"_links":{"self":[{"href":"https:\/\/hiox.com.ar\/hiox\/wp-json\/wp\/v2\/posts\/3033","targetHints":{"allow":["GET"]}}],"collection":[{"href":"https:\/\/hiox.com.ar\/hiox\/wp-json\/wp\/v2\/posts"}],"about":[{"href":"https:\/\/hiox.com.ar\/hiox\/wp-json\/wp\/v2\/types\/post"}],"author":[{"embeddable":true,"href":"https:\/\/hiox.com.ar\/hiox\/wp-json\/wp\/v2\/users\/3"}],"replies":[{"embeddable":true,"href":"https:\/\/hiox.com.ar\/hiox\/wp-json\/wp\/v2\/comments?post=3033"}],"version-history":[{"count":0,"href":"https:\/\/hiox.com.ar\/hiox\/wp-json\/wp\/v2\/posts\/3033\/revisions"}],"wp:attachment":[{"href":"https:\/\/hiox.com.ar\/hiox\/wp-json\/wp\/v2\/media?parent=3033"}],"wp:term":[{"taxonomy":"category","embeddable":true,"href":"https:\/\/hiox.com.ar\/hiox\/wp-json\/wp\/v2\/categories?post=3033"},{"taxonomy":"post_tag","embeddable":true,"href":"https:\/\/hiox.com.ar\/hiox\/wp-json\/wp\/v2\/tags?post=3033"}],"curies":[{"name":"wp","href":"https:\/\/api.w.org\/{rel}","templated":true}]}}