{"id":3032,"date":"2026-04-23T02:58:10","date_gmt":"2026-04-23T05:58:10","guid":{"rendered":"https:\/\/hiox.com.ar\/hiox\/manel-fuentes-presenta-la-nueva-temporada-de-tu-cara-me-suena-yo-siempre-miro-las-audiencias-quiero-ser-lider-cada-dia-que-salgo-por-la-tele\/"},"modified":"2026-04-23T02:58:10","modified_gmt":"2026-04-23T05:58:10","slug":"manel-fuentes-presenta-la-nueva-temporada-de-tu-cara-me-suena-yo-siempre-miro-las-audiencias-quiero-ser-lider-cada-dia-que-salgo-por-la-tele","status":"publish","type":"post","link":"https:\/\/hiox.com.ar\/hiox\/manel-fuentes-presenta-la-nueva-temporada-de-tu-cara-me-suena-yo-siempre-miro-las-audiencias-quiero-ser-lider-cada-dia-que-salgo-por-la-tele\/","title":{"rendered":"Manel Fuentes presenta la nueva temporada de \u2018Tu cara me suena\u2019: \u201cYo siempre miro las audiencias. Quiero ser l\u00edder cada d\u00eda que salgo por la tele\u201d"},"content":{"rendered":"<p>Informaci\u00f3n detallada sobre <strong>Manel Fuentes presenta la nueva temporada de \u2018Tu cara me suena\u2019: \u201cYo siempre miro las audiencias. Quiero ser l\u00edder cada d\u00eda que salgo por la tele\u201d<\/strong>. Te traemos las \u00faltimas noticias sobre Noticia Infobae, un tema de gran inter\u00e9s para hoy 23 April, 2026.<\/p>\n<div class=\"entry-content-body\">\n<div><img loading=\"lazy\" decoding=\"async\" src=\"https:\/\/www.infobae.com\/resizer\/v2\/3EFFPIOPHREGFIQV3RPVEFQ6XY.jpg?auth=a21cef944c2032fbf2aa514da513012e35d052124fb4a88a872ec1a00248f8a3&amp;smart=true&amp;width=5878&amp;height=3306\" alt=\"Concursantes de 'Tu cara me suena 13' (ATRESMEDIA).\" height=\"3306\" width=\"5878\"><\/p>\n<p>Antena 3 recupera este<b> viernes 10 de abril<\/b> uno de sus formatos estrella.<i> <\/i>La cadena estrena a las <b>22:00<\/b> la 13\u00ba temporada d<a href=\"https:\/\/www.infobae.com\/espana\/2025\/07\/15\/melani-garcia-la-ganadora-de-tu-cara-me-suena-12-que-tambien-triunfa-en-los-estudios-me-traian-a-las-cinco-de-la-manana-para-ir-al-instituto\/\" target=\"_blank\" rel=\"noreferrer\" title=\"https:\/\/www.infobae.com\/espana\/2025\/07\/15\/melani-garcia-la-ganadora-de-tu-cara-me-suena-12-que-tambien-triunfa-en-los-estudios-me-traian-a-las-cinco-de-la-manana-para-ir-al-instituto\/\"><i>e Tu cara me suena<\/i><\/a> con un renovado casting lleno de estrellas de la televisi\u00f3n y del mundo de la m\u00fasica. El <i>talent show <\/i>de imitaci\u00f3n m\u00e1s visto de la televisi\u00f3n espa\u00f1ola regresa con<b> Manel Fuentes <\/b>como maestro de ceremonias y con un jurado conformado por <b>Angel LL\u00e0ser, Lolita Flores, Chenoa y Flo<\/b>. <\/p>\n<p>Sin embargo, la novedad la complementan<a href=\"https:\/\/www.infobae.com\/espana\/2026\/03\/03\/jesulin-de-ubrique-cristina-castano-y-ocho-fichajes-mas-el-potente-casting-de-tu-cara-me-suena-13-que-prepara-antena-3\/\" target=\"_blank\" rel=\"noreferrer\" title=\"https:\/\/www.infobae.com\/espana\/2026\/03\/03\/jesulin-de-ubrique-cristina-castano-y-ocho-fichajes-mas-el-potente-casting-de-tu-cara-me-suena-13-que-prepara-antena-3\/\"> sus concursantes:<\/a> <b>Jesul\u00edn de Ubrique, Sole Gim\u00e9nez, J Kbello, Cristina Casta\u00f1o, An\u00edbal G\u00f3mez, Paula Koops, Mart\u00edn Savi, Mar\u00eda Parrado y Leonor Lavado. <\/b>Una edici\u00f3n que promete volver a emocionarnos y hacernos reir con cada una de sus actuaciones. Para conocer todos los detalles de esta nueva edici\u00f3n, <i>Infobae <\/i>ha hablado en exclusiva con Manel Fuentes:<\/p>\n<p><img loading=\"lazy\" decoding=\"async\" src=\"https:\/\/www.infobae.com\/resizer\/v2\/VO3C7JYICFB5BHX5BIJOYUQDQ4.jpg?auth=557aca0e2a1c231ac2ff0abb143215b4d096b65a8484c70dcaf9b94f927315b5&amp;smart=true&amp;width=3543&amp;height=2362\" alt=\"Concursantes de 'Tu cara me suena 13' (ATRESMEDIA).\" height=\"2362\" width=\"3543\"><\/p>\n<p><b>Pregunta: <\/b>Atresmedia tiene much\u00edsimos formatos en parrilla que se ven sometidos a cambios para adaptarse a los nuevos tiempos, pero<i> Tu cara me suena<\/i> tiene algo que mantiene la esencia del primer d\u00eda y sigue triunfando en audiencia. \u00bfCu\u00e1l es la f\u00f3rmula de ese \u00e9xito?<\/p>\n<p><b>Respuesta: <\/b>Yo creo que sobre todo es el <b>compromiso.<\/b> El compromiso del equipo para darlo todo viernes tras viernes, para que el p\u00fablico en casa que nos ha dado la confianza desde hace muchos a\u00f1os siga vi\u00e9ndonos. Tambi\u00e9n este a\u00f1o tenemos un plato espectacular con un suelo proyectable que hace que las escenograf\u00edas puedan cambiar mucho m\u00e1s r\u00e1pidamente. Adem\u00e1s, un elenco nuevo con imitadores, pero no sabemos si cantan bien; con cantantes, pero no sabemos si imitan bien; con toreros, que no sabemos lo que van a hacer&#8230; Es decir, creo que todo esto hace que vean en casa que les seguimos queriendo, que seguimos estando pendientes de ellos y que aunque no nos vean durante todo el a\u00f1o, seguimos trabajando para ofrecer lo mejor. <\/p>\n<p><b>P: <\/b>En esta temporada nos encontramos un casting muy diferente, con gente joven y muy actual que hace que puedan conectar m\u00e1s con las nuevas generaciones. \u00bfC\u00f3mo te adaptas a este cambio generacional? <\/p>\n<p><b>R: <\/b>Pues al final tengo toma de tierra. Tengo hijos j\u00f3venes, con lo cual estoy muy pendiente tambi\u00e9n de cu\u00e1les son sus gustos. Y creo que <b>hay que estar abierto a todo<\/b>, tienes que conectar con el p\u00fablico. El p\u00fablico reclama determinados artistas, <a href=\"https:\/\/www.infobae.com\/espana\/2026\/03\/10\/un-cantante-esloveno-clava-la-actuacion-de-melody-en-la-version-croata-de-tu-cara-me-suena-y-arrasa-en-la-primera-gala\/\" target=\"_blank\" rel=\"noreferrer\" title=\"https:\/\/www.infobae.com\/espana\/2026\/03\/10\/un-cantante-esloveno-clava-la-actuacion-de-melody-en-la-version-croata-de-tu-cara-me-suena-y-arrasa-en-la-primera-gala\/\">hay que estar con ellos<\/a>, hay que conocerles, hay que mimarles, hay que apoyarles y hay que hacer que ese salto a la gran pantalla, que ya es la televisi\u00f3n, pues que sea lo m\u00e1s placentero para todos. <\/p>\n<p><b>P:<\/b> Muchos concursantes nos sorprender\u00e1n a nosotros, pero \u00bfcu\u00e1l te ha sorprendido m\u00e1s a ti? <\/p>\n<p><b>R:<\/b> A m\u00ed me ha sorprendido el grupo. Cada concursante lo iremos viendo a lo largo de las galas. Pero es verdad que<a href=\"https:\/\/www.infobae.com\/espana\/2026\/04\/09\/quien-es-martin-savi-el-joven-tenor-argentino-que-canto-junto-a-julio-iglesias-y-al-papa-francisco-y-que-se-une-a-tu-cara-me-suena\/\" target=\"_blank\" rel=\"noreferrer\" title=\"https:\/\/www.infobae.com\/espana\/2026\/04\/09\/quien-es-martin-savi-el-joven-tenor-argentino-que-canto-junto-a-julio-iglesias-y-al-papa-francisco-y-que-se-une-a-tu-cara-me-suena\/\"> Mart\u00edn Savi,<\/a> que es el primer oriundo que viene a <i>Tu cara me suena<\/i> y que tiene 22 a\u00f1os, que es cantante de \u00f3pera, pues es alguien que nos puede sorprender m\u00e1s porque le hemos visto menos. Pero <b>Sole Gim\u00e9nez<\/b> o <b>Cristina Casta\u00f1o, <\/b>que a lo mejor la conoc\u00edamos m\u00e1s en su faceta de humor y, en cambio, ha hecho teatro musical y canta divinamente, tambi\u00e9n nos van a sorprender. Creo que todos van a encontrar su lugar, sus noches, sus galas y sus \u00e9xitos en el programa. <\/p>\n<p><img loading=\"lazy\" decoding=\"async\" src=\"https:\/\/www.infobae.com\/resizer\/v2\/ACRR5VRQ6JECHCW2DEJOZU32KA.jpg?auth=d0c11531da665e32a38897f31be9a50887f83df24ee3c2c1df13099e7d9b981e&amp;smart=true&amp;width=8163&amp;height=4151\" alt=\"Manel Fuentes en 'Tu cara me suena 13' (ATRESMEDIA).\" height=\"4151\" width=\"8163\"><\/p>\n<p><b>P: <\/b>Despu\u00e9s de haber vivido ya doce ediciones, \u00bfcu\u00e1les son las actuaciones que m\u00e1s han quedado grabadas en tu memoria? <\/p>\n<p><b>R: <\/b>La imborrable es<i> La Puerta de Alcal\u00e1 <\/i>de Los Chunguitos, que lo hicieron tan mal y cambiaron la letra desde el primer momento, que creo que V\u00edctor Manuel no pudo cobrar ni los derechos de autor. Pero a partir de ah\u00ed ha habido grandes momentos y grandes concursantes. <b>Roko <\/b>yo creo que es pr\u00e1cticamente la perfecci\u00f3n, pero Ruth Lorenzo o Melani el a\u00f1o pasado estuvieron a muy alto nivel. Tambi\u00e9n hay gente que a lo mejor en una gala brill\u00f3 mucho. Como El Sevilla haciendo de Chavela Vargas. <\/p>\n<p><b>P: <\/b>Han pasado por ese plat\u00f3 decenas de famosos, \u00bfhabr\u00eda alg\u00fan antiguo concursante que te gustar\u00eda que volviera a ponerse a prueba?<\/p>\n<p><b>R: <\/b>Creo que os van a sorprender mucho los invitados este a\u00f1o, tanto nuevos como viejos conocidos. Por ejemplo, <b>Bert\u00edn <\/b>estuvo el a\u00f1o pasado y ya quiere volver alg\u00fan d\u00eda como invitado porque se lo pas\u00f3 muy bien. Que todos los concursantes salgan reforzados despu\u00e9s de la edici\u00f3n y que quieran volver es el mejor anuncio que podemos hacer.<\/p>\n<p><img loading=\"lazy\" decoding=\"async\" src=\"https:\/\/www.infobae.com\/resizer\/v2\/V7TPIAE6S5AE7DYHJQWTQO6T3A.jpg?auth=e18ce74a4211c29dd5d80b2c258c98511002636d3a009ce123d3a26fd72b1f7c&amp;smart=true&amp;width=5878&amp;height=8268\" alt=\"Concursantes de 'Tu cara me suena 13' (ATRESMEDIA).\" height=\"8268\" width=\"5878\"><\/p>\n<p><b>P: <\/b>Despu\u00e9s de tantas ediciones, \u00bfte sientes m\u00e1s relajado y m\u00e1s asentado en el formato? \u00bfSigues mirando las audiencias?<\/p>\n<p><b>R: <\/b>Yo siempre miro las audiencias. Yo trabajo para una televisi\u00f3n comercial y quiero ser l\u00edder cada d\u00eda que salgo por la tele, los s\u00e1bados y los viernes. Y ese es mi trabajo y para eso me pagan.<b> Yo lo que quiero es ganar<\/b>, por eso estoy aqu\u00ed. <\/p>\n<p><b>P: <\/b>Eres uno de los presentadores m\u00e1s longevos en un programa de televisi\u00f3n en Espa\u00f1a. \u00bfNunca has tenido la necesidad de bajarte del barco?<\/p>\n<p><b>R: <\/b>Siempre hay que cuidarse, tanto an\u00edmicamente como f\u00edsicamente, y superar los momentos complicados, que todo el mundo al final tiene en su vida, de la mejor forma. Pero de momento poder estar frente a los espectadores es mi trabajo. Creo que hay mucha gente que<a href=\"https:\/\/www.infobae.com\/espana\/2025\/07\/12\/melani-garcia-gana-tu-cara-me-suena-12-con-una-impresionante-imitacion-de-anne-hathaway\/\" target=\"_blank\" rel=\"noreferrer\" title=\"https:\/\/www.infobae.com\/espana\/2025\/07\/12\/melani-garcia-gana-tu-cara-me-suena-12-con-una-impresionante-imitacion-de-anne-hathaway\/\"> tambi\u00e9n nos est\u00e1 esperando<\/a> y, por tanto, trato de cuidarme fuera de la tele para ofrecer lo mejor para el p\u00fablico. <\/p>\n<\/div>\n<\/div>\n<hr \/>\n<p>Esta noticia sobre <strong>Manel Fuentes presenta la nueva temporada de \u2018Tu cara me suena\u2019: \u201cYo siempre miro las audiencias. Quiero ser l\u00edder cada d\u00eda que salgo por la tele\u201d<\/strong> fue publicada originalmente en <a href=\"https:\/\/www.infobae.com\/arc\/outboundfeeds\/rss\/\" target=\"_blank\" rel=\"nofollow\">Infobae.com<\/a>. Puedes ampliar la informaci\u00f3n siguiendo el enlace a la fuente original: <a href=\"https:\/\/www.infobae.com\/espana\/2026\/04\/10\/manel-fuentes-presenta-la-nueva-temporada-de-tu-cara-me-suena-yo-siempre-miro-las-audiencias-quiero-ser-lider-cada-dia-que-salgo-por-la-tele\/\" target=\"_blank\" rel=\"noopener noreferrer\">Manel Fuentes presenta la nueva temporada de \u2018Tu cara me suena\u2019: \u201cYo siempre miro las audiencias. Quiero ser l\u00edder cada d\u00eda que salgo por la tele\u201d<\/a>.<\/p>\n<p><small>Categor\u00eda: Noticia Infobae | Fecha: 23 April, 2026<\/small><\/p>\n","protected":false},"excerpt":{"rendered":"<div>El conductor del formato de entretenimiento estrella de Antena 3 ha concedido unas palabras a \u2018Infobae\u2019 en las que reflexiona sobre las claves de la longevidad del formato y el peso de las audiencias<\/div>\n","protected":false},"author":3,"featured_media":0,"comment_status":"open","ping_status":"open","sticky":false,"template":"","format":"standard","meta":{"site-sidebar-layout":"default","site-content-layout":"","ast-site-content-layout":"default","site-content-style":"default","site-sidebar-style":"default","ast-global-header-display":"","ast-banner-title-visibility":"","ast-main-header-display":"","ast-hfb-above-header-display":"","ast-hfb-below-header-display":"","ast-hfb-mobile-header-display":"","site-post-title":"","ast-breadcrumbs-content":"","ast-featured-img":"","footer-sml-layout":"","ast-disable-related-posts":"","theme-transparent-header-meta":"","adv-header-id-meta":"","stick-header-meta":"","header-above-stick-meta":"","header-main-stick-meta":"","header-below-stick-meta":"","astra-migrate-meta-layouts":"default","ast-page-background-enabled":"default","ast-page-background-meta":{"desktop":{"background-color":"var(--ast-global-color-5)","background-image":"","background-repeat":"repeat","background-position":"center center","background-size":"auto","background-attachment":"scroll","background-type":"","background-media":"","overlay-type":"","overlay-color":"","overlay-opacity":"","overlay-gradient":""},"tablet":{"background-color":"","background-image":"","background-repeat":"repeat","background-position":"center center","background-size":"auto","background-attachment":"scroll","background-type":"","background-media":"","overlay-type":"","overlay-color":"","overlay-opacity":"","overlay-gradient":""},"mobile":{"background-color":"","background-image":"","background-repeat":"repeat","background-position":"center center","background-size":"auto","background-attachment":"scroll","background-type":"","background-media":"","overlay-type":"","overlay-color":"","overlay-opacity":"","overlay-gradient":""}},"ast-content-background-meta":{"desktop":{"background-color":"var(--ast-global-color-4)","background-image":"","background-repeat":"repeat","background-position":"center center","background-size":"auto","background-attachment":"scroll","background-type":"","background-media":"","overlay-type":"","overlay-color":"","overlay-opacity":"","overlay-gradient":""},"tablet":{"background-color":"var(--ast-global-color-4)","background-image":"","background-repeat":"repeat","background-position":"center center","background-size":"auto","background-attachment":"scroll","background-type":"","background-media":"","overlay-type":"","overlay-color":"","overlay-opacity":"","overlay-gradient":""},"mobile":{"background-color":"var(--ast-global-color-4)","background-image":"","background-repeat":"repeat","background-position":"center center","background-size":"auto","background-attachment":"scroll","background-type":"","background-media":"","overlay-type":"","overlay-color":"","overlay-opacity":"","overlay-gradient":""}},"fifu_image_url":"","fifu_image_alt":"","footnotes":""},"categories":[23],"tags":[25,27,24,26],"class_list":["post-3032","post","type-post","status-publish","format-standard","hentry","category-noticias","tag-infobae","tag-informacion-general","tag-noticias","tag-novedades"],"yoast_head":"<!-- This site is optimized with the Yoast SEO plugin v27.4 - https:\/\/yoast.com\/product\/yoast-seo-wordpress\/ -->\n<title>Manel Fuentes presenta la nueva temporada de \u2018Tu cara me suena\u2019: \u201cYo siempre miro las audiencias. Quiero ser l\u00edder cada d\u00eda que salgo por la tele\u201d - HIOX<\/title>\n<meta name=\"description\" content=\"Manel Fuentes presenta la nueva temporada de \u2018Tu cara me suena\u2019: \u201cYo siempre miro las audiencias. Quiero ser l\u00edder cada d\u00eda que salgo por la tele\u201d. El conductor del formato de entretenimiento estrella de Antena 3 ha concedido unas palabras a \u2018Infobae\u2019 en las que reflexiona sobre las claves de la longevidad del formato y el peso de las audiencias\" \/>\n<meta name=\"robots\" content=\"index, follow, max-snippet:-1, max-image-preview:large, max-video-preview:-1\" \/>\n<link rel=\"canonical\" href=\"https:\/\/hiox.com.ar\/hiox\/manel-fuentes-presenta-la-nueva-temporada-de-tu-cara-me-suena-yo-siempre-miro-las-audiencias-quiero-ser-lider-cada-dia-que-salgo-por-la-tele\/\" \/>\n<meta property=\"og:locale\" content=\"es_ES\" \/>\n<meta property=\"og:type\" content=\"article\" \/>\n<meta property=\"og:title\" content=\"Manel Fuentes presenta la nueva temporada de \u2018Tu cara me suena\u2019: \u201cYo siempre miro las audiencias. Quiero ser l\u00edder cada d\u00eda que salgo por la tele\u201d - HIOX\" \/>\n<meta property=\"og:description\" content=\"Manel Fuentes presenta la nueva temporada de \u2018Tu cara me suena\u2019: \u201cYo siempre miro las audiencias. Quiero ser l\u00edder cada d\u00eda que salgo por la tele\u201d. El conductor del formato de entretenimiento estrella de Antena 3 ha concedido unas palabras a \u2018Infobae\u2019 en las que reflexiona sobre las claves de la longevidad del formato y el peso de las audiencias\" \/>\n<meta property=\"og:url\" content=\"https:\/\/hiox.com.ar\/hiox\/manel-fuentes-presenta-la-nueva-temporada-de-tu-cara-me-suena-yo-siempre-miro-las-audiencias-quiero-ser-lider-cada-dia-que-salgo-por-la-tele\/\" \/>\n<meta property=\"og:site_name\" content=\"HIOX\" \/>\n<meta property=\"article:published_time\" content=\"2026-04-23T05:58:10+00:00\" \/>\n<meta property=\"og:image\" content=\"https:\/\/www.infobae.com\/resizer\/v2\/3EFFPIOPHREGFIQV3RPVEFQ6XY.jpg?auth=a21cef944c2032fbf2aa514da513012e35d052124fb4a88a872ec1a00248f8a3&amp;smart=true&amp;width=5878&amp;height=3306\" \/>\n<meta name=\"author\" content=\"Source Author\" \/>\n<meta name=\"twitter:card\" content=\"summary_large_image\" \/>\n<meta name=\"twitter:label1\" content=\"Escrito por\" \/>\n\t<meta name=\"twitter:data1\" content=\"Source Author\" \/>\n\t<meta name=\"twitter:label2\" content=\"Tiempo de lectura\" \/>\n\t<meta name=\"twitter:data2\" content=\"6 minutos\" \/>\n<script type=\"application\/ld+json\" class=\"yoast-schema-graph\">{\"@context\":\"https:\\\/\\\/schema.org\",\"@graph\":[{\"@type\":\"NewsArticle\",\"@id\":\"https:\\\/\\\/hiox.com.ar\\\/hiox\\\/manel-fuentes-presenta-la-nueva-temporada-de-tu-cara-me-suena-yo-siempre-miro-las-audiencias-quiero-ser-lider-cada-dia-que-salgo-por-la-tele\\\/#article\",\"isPartOf\":{\"@id\":\"https:\\\/\\\/hiox.com.ar\\\/hiox\\\/manel-fuentes-presenta-la-nueva-temporada-de-tu-cara-me-suena-yo-siempre-miro-las-audiencias-quiero-ser-lider-cada-dia-que-salgo-por-la-tele\\\/\"},\"author\":{\"name\":\"Source Author\",\"@id\":\"https:\\\/\\\/hiox.com.ar\\\/hiox\\\/#\\\/schema\\\/person\\\/f70183b020df72016f0614086c3cf170\"},\"headline\":\"Manel Fuentes presenta la nueva temporada de \u2018Tu cara me suena\u2019: \u201cYo siempre miro las audiencias. Quiero ser l\u00edder cada d\u00eda que salgo por la tele\u201d\",\"datePublished\":\"2026-04-23T05:58:10+00:00\",\"mainEntityOfPage\":{\"@id\":\"https:\\\/\\\/hiox.com.ar\\\/hiox\\\/manel-fuentes-presenta-la-nueva-temporada-de-tu-cara-me-suena-yo-siempre-miro-las-audiencias-quiero-ser-lider-cada-dia-que-salgo-por-la-tele\\\/\"},\"wordCount\":1132,\"commentCount\":0,\"publisher\":{\"@id\":\"https:\\\/\\\/hiox.com.ar\\\/hiox\\\/#organization\"},\"image\":{\"@id\":\"https:\\\/\\\/hiox.com.ar\\\/hiox\\\/manel-fuentes-presenta-la-nueva-temporada-de-tu-cara-me-suena-yo-siempre-miro-las-audiencias-quiero-ser-lider-cada-dia-que-salgo-por-la-tele\\\/#primaryimage\"},\"thumbnailUrl\":\"https:\\\/\\\/www.infobae.com\\\/resizer\\\/v2\\\/3EFFPIOPHREGFIQV3RPVEFQ6XY.jpg?auth=a21cef944c2032fbf2aa514da513012e35d052124fb4a88a872ec1a00248f8a3&amp;smart=true&amp;width=5878&amp;height=3306\",\"keywords\":[\"Infobae\",\"Informaci\u00f3n General\",\"Noticias\",\"Novedades\"],\"articleSection\":[\"\ud83d\udcf0 Noticias \ud83d\uddde\ufe0f\"],\"inLanguage\":\"es\",\"potentialAction\":[{\"@type\":\"CommentAction\",\"name\":\"Comment\",\"target\":[\"https:\\\/\\\/hiox.com.ar\\\/hiox\\\/manel-fuentes-presenta-la-nueva-temporada-de-tu-cara-me-suena-yo-siempre-miro-las-audiencias-quiero-ser-lider-cada-dia-que-salgo-por-la-tele\\\/#respond\"]}]},{\"@type\":[\"WebPage\",\"ItemPage\"],\"@id\":\"https:\\\/\\\/hiox.com.ar\\\/hiox\\\/manel-fuentes-presenta-la-nueva-temporada-de-tu-cara-me-suena-yo-siempre-miro-las-audiencias-quiero-ser-lider-cada-dia-que-salgo-por-la-tele\\\/\",\"url\":\"https:\\\/\\\/hiox.com.ar\\\/hiox\\\/manel-fuentes-presenta-la-nueva-temporada-de-tu-cara-me-suena-yo-siempre-miro-las-audiencias-quiero-ser-lider-cada-dia-que-salgo-por-la-tele\\\/\",\"name\":\"Manel Fuentes presenta la nueva temporada de \u2018Tu cara me suena\u2019: \u201cYo siempre miro las audiencias. Quiero ser l\u00edder cada d\u00eda que salgo por la tele\u201d - HIOX\",\"isPartOf\":{\"@id\":\"https:\\\/\\\/hiox.com.ar\\\/hiox\\\/#website\"},\"primaryImageOfPage\":{\"@id\":\"https:\\\/\\\/hiox.com.ar\\\/hiox\\\/manel-fuentes-presenta-la-nueva-temporada-de-tu-cara-me-suena-yo-siempre-miro-las-audiencias-quiero-ser-lider-cada-dia-que-salgo-por-la-tele\\\/#primaryimage\"},\"image\":{\"@id\":\"https:\\\/\\\/hiox.com.ar\\\/hiox\\\/manel-fuentes-presenta-la-nueva-temporada-de-tu-cara-me-suena-yo-siempre-miro-las-audiencias-quiero-ser-lider-cada-dia-que-salgo-por-la-tele\\\/#primaryimage\"},\"thumbnailUrl\":\"https:\\\/\\\/www.infobae.com\\\/resizer\\\/v2\\\/3EFFPIOPHREGFIQV3RPVEFQ6XY.jpg?auth=a21cef944c2032fbf2aa514da513012e35d052124fb4a88a872ec1a00248f8a3&amp;smart=true&amp;width=5878&amp;height=3306\",\"datePublished\":\"2026-04-23T05:58:10+00:00\",\"description\":\"Manel Fuentes presenta la nueva temporada de \u2018Tu cara me suena\u2019: \u201cYo siempre miro las audiencias. Quiero ser l\u00edder cada d\u00eda que salgo por la tele\u201d. El conductor del formato de entretenimiento estrella de Antena 3 ha concedido unas palabras a \u2018Infobae\u2019 en las que reflexiona sobre las claves de la longevidad del formato y el peso de las audiencias\",\"breadcrumb\":{\"@id\":\"https:\\\/\\\/hiox.com.ar\\\/hiox\\\/manel-fuentes-presenta-la-nueva-temporada-de-tu-cara-me-suena-yo-siempre-miro-las-audiencias-quiero-ser-lider-cada-dia-que-salgo-por-la-tele\\\/#breadcrumb\"},\"inLanguage\":\"es\",\"potentialAction\":[{\"@type\":\"ReadAction\",\"target\":[\"https:\\\/\\\/hiox.com.ar\\\/hiox\\\/manel-fuentes-presenta-la-nueva-temporada-de-tu-cara-me-suena-yo-siempre-miro-las-audiencias-quiero-ser-lider-cada-dia-que-salgo-por-la-tele\\\/\"]}]},{\"@type\":\"ImageObject\",\"inLanguage\":\"es\",\"@id\":\"https:\\\/\\\/hiox.com.ar\\\/hiox\\\/manel-fuentes-presenta-la-nueva-temporada-de-tu-cara-me-suena-yo-siempre-miro-las-audiencias-quiero-ser-lider-cada-dia-que-salgo-por-la-tele\\\/#primaryimage\",\"url\":\"https:\\\/\\\/www.infobae.com\\\/resizer\\\/v2\\\/3EFFPIOPHREGFIQV3RPVEFQ6XY.jpg?auth=a21cef944c2032fbf2aa514da513012e35d052124fb4a88a872ec1a00248f8a3&amp;smart=true&amp;width=5878&amp;height=3306\",\"contentUrl\":\"https:\\\/\\\/www.infobae.com\\\/resizer\\\/v2\\\/3EFFPIOPHREGFIQV3RPVEFQ6XY.jpg?auth=a21cef944c2032fbf2aa514da513012e35d052124fb4a88a872ec1a00248f8a3&amp;smart=true&amp;width=5878&amp;height=3306\"},{\"@type\":\"BreadcrumbList\",\"@id\":\"https:\\\/\\\/hiox.com.ar\\\/hiox\\\/manel-fuentes-presenta-la-nueva-temporada-de-tu-cara-me-suena-yo-siempre-miro-las-audiencias-quiero-ser-lider-cada-dia-que-salgo-por-la-tele\\\/#breadcrumb\",\"itemListElement\":[{\"@type\":\"ListItem\",\"position\":1,\"name\":\"Portada\",\"item\":\"https:\\\/\\\/hiox.com.ar\\\/hiox\\\/\"},{\"@type\":\"ListItem\",\"position\":2,\"name\":\"Manel Fuentes presenta la nueva temporada de \u2018Tu cara me suena\u2019: \u201cYo siempre miro las audiencias. Quiero ser l\u00edder cada d\u00eda que salgo por la tele\u201d\"}]},{\"@type\":\"WebSite\",\"@id\":\"https:\\\/\\\/hiox.com.ar\\\/hiox\\\/#website\",\"url\":\"https:\\\/\\\/hiox.com.ar\\\/hiox\\\/\",\"name\":\"HIOX\",\"description\":\"Comercio Electronico\",\"publisher\":{\"@id\":\"https:\\\/\\\/hiox.com.ar\\\/hiox\\\/#organization\"},\"potentialAction\":[{\"@type\":\"SearchAction\",\"target\":{\"@type\":\"EntryPoint\",\"urlTemplate\":\"https:\\\/\\\/hiox.com.ar\\\/hiox\\\/?s={search_term_string}\"},\"query-input\":{\"@type\":\"PropertyValueSpecification\",\"valueRequired\":true,\"valueName\":\"search_term_string\"}}],\"inLanguage\":\"es\"},{\"@type\":\"Organization\",\"@id\":\"https:\\\/\\\/hiox.com.ar\\\/hiox\\\/#organization\",\"name\":\"HIOX\",\"url\":\"https:\\\/\\\/hiox.com.ar\\\/hiox\\\/\",\"logo\":{\"@type\":\"ImageObject\",\"inLanguage\":\"es\",\"@id\":\"https:\\\/\\\/hiox.com.ar\\\/hiox\\\/#\\\/schema\\\/logo\\\/image\\\/\",\"url\":\"https:\\\/\\\/hiox.com.ar\\\/hiox\\\/wp-content\\\/uploads\\\/2025\\\/09\\\/cropped-hiox_logo-1.png\",\"contentUrl\":\"https:\\\/\\\/hiox.com.ar\\\/hiox\\\/wp-content\\\/uploads\\\/2025\\\/09\\\/cropped-hiox_logo-1.png\",\"width\":491,\"height\":158,\"caption\":\"HIOX\"},\"image\":{\"@id\":\"https:\\\/\\\/hiox.com.ar\\\/hiox\\\/#\\\/schema\\\/logo\\\/image\\\/\"}},{\"@type\":\"Person\",\"@id\":\"https:\\\/\\\/hiox.com.ar\\\/hiox\\\/#\\\/schema\\\/person\\\/f70183b020df72016f0614086c3cf170\",\"name\":\"Source Author\",\"image\":{\"@type\":\"ImageObject\",\"inLanguage\":\"es\",\"@id\":\"https:\\\/\\\/secure.gravatar.com\\\/avatar\\\/428a8106f8313bec42aca4e38ea86950b6e88a21b0f2764f9f7a4365dc1017a5?s=96&d=mm&r=g\",\"url\":\"https:\\\/\\\/secure.gravatar.com\\\/avatar\\\/428a8106f8313bec42aca4e38ea86950b6e88a21b0f2764f9f7a4365dc1017a5?s=96&d=mm&r=g\",\"contentUrl\":\"https:\\\/\\\/secure.gravatar.com\\\/avatar\\\/428a8106f8313bec42aca4e38ea86950b6e88a21b0f2764f9f7a4365dc1017a5?s=96&d=mm&r=g\",\"caption\":\"Source Author\"},\"url\":\"https:\\\/\\\/hiox.com.ar\\\/hiox\\\/author\\\/wpra-source-author-site-1\\\/\"}]}<\/script>\n<!-- \/ Yoast SEO plugin. -->","yoast_head_json":{"title":"Manel Fuentes presenta la nueva temporada de \u2018Tu cara me suena\u2019: \u201cYo siempre miro las audiencias. Quiero ser l\u00edder cada d\u00eda que salgo por la tele\u201d - HIOX","description":"Manel Fuentes presenta la nueva temporada de \u2018Tu cara me suena\u2019: \u201cYo siempre miro las audiencias. Quiero ser l\u00edder cada d\u00eda que salgo por la tele\u201d. El conductor del formato de entretenimiento estrella de Antena 3 ha concedido unas palabras a \u2018Infobae\u2019 en las que reflexiona sobre las claves de la longevidad del formato y el peso de las audiencias","robots":{"index":"index","follow":"follow","max-snippet":"max-snippet:-1","max-image-preview":"max-image-preview:large","max-video-preview":"max-video-preview:-1"},"canonical":"https:\/\/hiox.com.ar\/hiox\/manel-fuentes-presenta-la-nueva-temporada-de-tu-cara-me-suena-yo-siempre-miro-las-audiencias-quiero-ser-lider-cada-dia-que-salgo-por-la-tele\/","og_locale":"es_ES","og_type":"article","og_title":"Manel Fuentes presenta la nueva temporada de \u2018Tu cara me suena\u2019: \u201cYo siempre miro las audiencias. Quiero ser l\u00edder cada d\u00eda que salgo por la tele\u201d - HIOX","og_description":"Manel Fuentes presenta la nueva temporada de \u2018Tu cara me suena\u2019: \u201cYo siempre miro las audiencias. Quiero ser l\u00edder cada d\u00eda que salgo por la tele\u201d. El conductor del formato de entretenimiento estrella de Antena 3 ha concedido unas palabras a \u2018Infobae\u2019 en las que reflexiona sobre las claves de la longevidad del formato y el peso de las audiencias","og_url":"https:\/\/hiox.com.ar\/hiox\/manel-fuentes-presenta-la-nueva-temporada-de-tu-cara-me-suena-yo-siempre-miro-las-audiencias-quiero-ser-lider-cada-dia-que-salgo-por-la-tele\/","og_site_name":"HIOX","article_published_time":"2026-04-23T05:58:10+00:00","og_image":[{"url":"https:\/\/www.infobae.com\/resizer\/v2\/3EFFPIOPHREGFIQV3RPVEFQ6XY.jpg?auth=a21cef944c2032fbf2aa514da513012e35d052124fb4a88a872ec1a00248f8a3&amp;smart=true&amp;width=5878&amp;height=3306","type":"","width":"","height":""}],"author":"Source Author","twitter_card":"summary_large_image","twitter_misc":{"Escrito por":"Source Author","Tiempo de lectura":"6 minutos"},"schema":{"@context":"https:\/\/schema.org","@graph":[{"@type":"NewsArticle","@id":"https:\/\/hiox.com.ar\/hiox\/manel-fuentes-presenta-la-nueva-temporada-de-tu-cara-me-suena-yo-siempre-miro-las-audiencias-quiero-ser-lider-cada-dia-que-salgo-por-la-tele\/#article","isPartOf":{"@id":"https:\/\/hiox.com.ar\/hiox\/manel-fuentes-presenta-la-nueva-temporada-de-tu-cara-me-suena-yo-siempre-miro-las-audiencias-quiero-ser-lider-cada-dia-que-salgo-por-la-tele\/"},"author":{"name":"Source Author","@id":"https:\/\/hiox.com.ar\/hiox\/#\/schema\/person\/f70183b020df72016f0614086c3cf170"},"headline":"Manel Fuentes presenta la nueva temporada de \u2018Tu cara me suena\u2019: \u201cYo siempre miro las audiencias. Quiero ser l\u00edder cada d\u00eda que salgo por la tele\u201d","datePublished":"2026-04-23T05:58:10+00:00","mainEntityOfPage":{"@id":"https:\/\/hiox.com.ar\/hiox\/manel-fuentes-presenta-la-nueva-temporada-de-tu-cara-me-suena-yo-siempre-miro-las-audiencias-quiero-ser-lider-cada-dia-que-salgo-por-la-tele\/"},"wordCount":1132,"commentCount":0,"publisher":{"@id":"https:\/\/hiox.com.ar\/hiox\/#organization"},"image":{"@id":"https:\/\/hiox.com.ar\/hiox\/manel-fuentes-presenta-la-nueva-temporada-de-tu-cara-me-suena-yo-siempre-miro-las-audiencias-quiero-ser-lider-cada-dia-que-salgo-por-la-tele\/#primaryimage"},"thumbnailUrl":"https:\/\/www.infobae.com\/resizer\/v2\/3EFFPIOPHREGFIQV3RPVEFQ6XY.jpg?auth=a21cef944c2032fbf2aa514da513012e35d052124fb4a88a872ec1a00248f8a3&amp;smart=true&amp;width=5878&amp;height=3306","keywords":["Infobae","Informaci\u00f3n General","Noticias","Novedades"],"articleSection":["\ud83d\udcf0 Noticias \ud83d\uddde\ufe0f"],"inLanguage":"es","potentialAction":[{"@type":"CommentAction","name":"Comment","target":["https:\/\/hiox.com.ar\/hiox\/manel-fuentes-presenta-la-nueva-temporada-de-tu-cara-me-suena-yo-siempre-miro-las-audiencias-quiero-ser-lider-cada-dia-que-salgo-por-la-tele\/#respond"]}]},{"@type":["WebPage","ItemPage"],"@id":"https:\/\/hiox.com.ar\/hiox\/manel-fuentes-presenta-la-nueva-temporada-de-tu-cara-me-suena-yo-siempre-miro-las-audiencias-quiero-ser-lider-cada-dia-que-salgo-por-la-tele\/","url":"https:\/\/hiox.com.ar\/hiox\/manel-fuentes-presenta-la-nueva-temporada-de-tu-cara-me-suena-yo-siempre-miro-las-audiencias-quiero-ser-lider-cada-dia-que-salgo-por-la-tele\/","name":"Manel Fuentes presenta la nueva temporada de \u2018Tu cara me suena\u2019: \u201cYo siempre miro las audiencias. Quiero ser l\u00edder cada d\u00eda que salgo por la tele\u201d - HIOX","isPartOf":{"@id":"https:\/\/hiox.com.ar\/hiox\/#website"},"primaryImageOfPage":{"@id":"https:\/\/hiox.com.ar\/hiox\/manel-fuentes-presenta-la-nueva-temporada-de-tu-cara-me-suena-yo-siempre-miro-las-audiencias-quiero-ser-lider-cada-dia-que-salgo-por-la-tele\/#primaryimage"},"image":{"@id":"https:\/\/hiox.com.ar\/hiox\/manel-fuentes-presenta-la-nueva-temporada-de-tu-cara-me-suena-yo-siempre-miro-las-audiencias-quiero-ser-lider-cada-dia-que-salgo-por-la-tele\/#primaryimage"},"thumbnailUrl":"https:\/\/www.infobae.com\/resizer\/v2\/3EFFPIOPHREGFIQV3RPVEFQ6XY.jpg?auth=a21cef944c2032fbf2aa514da513012e35d052124fb4a88a872ec1a00248f8a3&amp;smart=true&amp;width=5878&amp;height=3306","datePublished":"2026-04-23T05:58:10+00:00","description":"Manel Fuentes presenta la nueva temporada de \u2018Tu cara me suena\u2019: \u201cYo siempre miro las audiencias. Quiero ser l\u00edder cada d\u00eda que salgo por la tele\u201d. El conductor del formato de entretenimiento estrella de Antena 3 ha concedido unas palabras a \u2018Infobae\u2019 en las que reflexiona sobre las claves de la longevidad del formato y el peso de las audiencias","breadcrumb":{"@id":"https:\/\/hiox.com.ar\/hiox\/manel-fuentes-presenta-la-nueva-temporada-de-tu-cara-me-suena-yo-siempre-miro-las-audiencias-quiero-ser-lider-cada-dia-que-salgo-por-la-tele\/#breadcrumb"},"inLanguage":"es","potentialAction":[{"@type":"ReadAction","target":["https:\/\/hiox.com.ar\/hiox\/manel-fuentes-presenta-la-nueva-temporada-de-tu-cara-me-suena-yo-siempre-miro-las-audiencias-quiero-ser-lider-cada-dia-que-salgo-por-la-tele\/"]}]},{"@type":"ImageObject","inLanguage":"es","@id":"https:\/\/hiox.com.ar\/hiox\/manel-fuentes-presenta-la-nueva-temporada-de-tu-cara-me-suena-yo-siempre-miro-las-audiencias-quiero-ser-lider-cada-dia-que-salgo-por-la-tele\/#primaryimage","url":"https:\/\/www.infobae.com\/resizer\/v2\/3EFFPIOPHREGFIQV3RPVEFQ6XY.jpg?auth=a21cef944c2032fbf2aa514da513012e35d052124fb4a88a872ec1a00248f8a3&amp;smart=true&amp;width=5878&amp;height=3306","contentUrl":"https:\/\/www.infobae.com\/resizer\/v2\/3EFFPIOPHREGFIQV3RPVEFQ6XY.jpg?auth=a21cef944c2032fbf2aa514da513012e35d052124fb4a88a872ec1a00248f8a3&amp;smart=true&amp;width=5878&amp;height=3306"},{"@type":"BreadcrumbList","@id":"https:\/\/hiox.com.ar\/hiox\/manel-fuentes-presenta-la-nueva-temporada-de-tu-cara-me-suena-yo-siempre-miro-las-audiencias-quiero-ser-lider-cada-dia-que-salgo-por-la-tele\/#breadcrumb","itemListElement":[{"@type":"ListItem","position":1,"name":"Portada","item":"https:\/\/hiox.com.ar\/hiox\/"},{"@type":"ListItem","position":2,"name":"Manel Fuentes presenta la nueva temporada de \u2018Tu cara me suena\u2019: \u201cYo siempre miro las audiencias. Quiero ser l\u00edder cada d\u00eda que salgo por la tele\u201d"}]},{"@type":"WebSite","@id":"https:\/\/hiox.com.ar\/hiox\/#website","url":"https:\/\/hiox.com.ar\/hiox\/","name":"HIOX","description":"Comercio Electronico","publisher":{"@id":"https:\/\/hiox.com.ar\/hiox\/#organization"},"potentialAction":[{"@type":"SearchAction","target":{"@type":"EntryPoint","urlTemplate":"https:\/\/hiox.com.ar\/hiox\/?s={search_term_string}"},"query-input":{"@type":"PropertyValueSpecification","valueRequired":true,"valueName":"search_term_string"}}],"inLanguage":"es"},{"@type":"Organization","@id":"https:\/\/hiox.com.ar\/hiox\/#organization","name":"HIOX","url":"https:\/\/hiox.com.ar\/hiox\/","logo":{"@type":"ImageObject","inLanguage":"es","@id":"https:\/\/hiox.com.ar\/hiox\/#\/schema\/logo\/image\/","url":"https:\/\/hiox.com.ar\/hiox\/wp-content\/uploads\/2025\/09\/cropped-hiox_logo-1.png","contentUrl":"https:\/\/hiox.com.ar\/hiox\/wp-content\/uploads\/2025\/09\/cropped-hiox_logo-1.png","width":491,"height":158,"caption":"HIOX"},"image":{"@id":"https:\/\/hiox.com.ar\/hiox\/#\/schema\/logo\/image\/"}},{"@type":"Person","@id":"https:\/\/hiox.com.ar\/hiox\/#\/schema\/person\/f70183b020df72016f0614086c3cf170","name":"Source Author","image":{"@type":"ImageObject","inLanguage":"es","@id":"https:\/\/secure.gravatar.com\/avatar\/428a8106f8313bec42aca4e38ea86950b6e88a21b0f2764f9f7a4365dc1017a5?s=96&d=mm&r=g","url":"https:\/\/secure.gravatar.com\/avatar\/428a8106f8313bec42aca4e38ea86950b6e88a21b0f2764f9f7a4365dc1017a5?s=96&d=mm&r=g","contentUrl":"https:\/\/secure.gravatar.com\/avatar\/428a8106f8313bec42aca4e38ea86950b6e88a21b0f2764f9f7a4365dc1017a5?s=96&d=mm&r=g","caption":"Source Author"},"url":"https:\/\/hiox.com.ar\/hiox\/author\/wpra-source-author-site-1\/"}]}},"_links":{"self":[{"href":"https:\/\/hiox.com.ar\/hiox\/wp-json\/wp\/v2\/posts\/3032","targetHints":{"allow":["GET"]}}],"collection":[{"href":"https:\/\/hiox.com.ar\/hiox\/wp-json\/wp\/v2\/posts"}],"about":[{"href":"https:\/\/hiox.com.ar\/hiox\/wp-json\/wp\/v2\/types\/post"}],"author":[{"embeddable":true,"href":"https:\/\/hiox.com.ar\/hiox\/wp-json\/wp\/v2\/users\/3"}],"replies":[{"embeddable":true,"href":"https:\/\/hiox.com.ar\/hiox\/wp-json\/wp\/v2\/comments?post=3032"}],"version-history":[{"count":0,"href":"https:\/\/hiox.com.ar\/hiox\/wp-json\/wp\/v2\/posts\/3032\/revisions"}],"wp:attachment":[{"href":"https:\/\/hiox.com.ar\/hiox\/wp-json\/wp\/v2\/media?parent=3032"}],"wp:term":[{"taxonomy":"category","embeddable":true,"href":"https:\/\/hiox.com.ar\/hiox\/wp-json\/wp\/v2\/categories?post=3032"},{"taxonomy":"post_tag","embeddable":true,"href":"https:\/\/hiox.com.ar\/hiox\/wp-json\/wp\/v2\/tags?post=3032"}],"curies":[{"name":"wp","href":"https:\/\/api.w.org\/{rel}","templated":true}]}}