{"id":3031,"date":"2026-04-23T02:57:37","date_gmt":"2026-04-23T05:57:37","guid":{"rendered":"https:\/\/hiox.com.ar\/hiox\/la-justicia-reconoce-las-secuelas-de-un-policia-nacional-por-un-latigazo-cervical-tras-chocar-contra-otro-coche-como-accidente-en-acto-de-servicio\/"},"modified":"2026-04-23T02:57:37","modified_gmt":"2026-04-23T05:57:37","slug":"la-justicia-reconoce-las-secuelas-de-un-policia-nacional-por-un-latigazo-cervical-tras-chocar-contra-otro-coche-como-accidente-en-acto-de-servicio","status":"publish","type":"post","link":"https:\/\/hiox.com.ar\/hiox\/la-justicia-reconoce-las-secuelas-de-un-policia-nacional-por-un-latigazo-cervical-tras-chocar-contra-otro-coche-como-accidente-en-acto-de-servicio\/","title":{"rendered":"La Justicia reconoce las secuelas de un polic\u00eda nacional por un latigazo cervical tras chocar contra otro coche como accidente en acto de servicio"},"content":{"rendered":"<p>Informaci\u00f3n detallada sobre <strong>La Justicia reconoce las secuelas de un polic\u00eda nacional por un latigazo cervical tras chocar contra otro coche como accidente en acto de servicio<\/strong>. Te traemos las \u00faltimas noticias sobre Noticia Infobae, un tema de gran inter\u00e9s para hoy 23 April, 2026.<\/p>\n<div class=\"entry-content-body\">\n<div><img loading=\"lazy\" decoding=\"async\" src=\"https:\/\/www.infobae.com\/resizer\/v2\/RJ6BHVEOFZBE3DIHNNBH6G3YEY.jpg?auth=2be0b7a9cac6db419b71d33976bc2f2bc0472429422c805b28b1bdb5a3366ec7&amp;smart=true&amp;width=1920&amp;height=1080\" alt=\"Imagen de archivo de la Polic\u00eda Nacional (Polic\u00eda Nacional)\n\n\" height=\"1080\" width=\"1920\"><\/p>\n<p>La Sala de lo Contencioso-Administrativo del <a href=\"https:\/\/www.infobae.com\/espana\/2025\/04\/28\/la-justicia-de-aragon-ordena-recalcular-el-ajuar-domestico-en-una-liquidacion-del-impuesto-de-sucesiones-para-que-se-ajuste-a-la-doctrina-del-supremo\/\" target=\"_self\" rel=\"\" title=\"https:\/\/www.infobae.com\/espana\/2025\/04\/28\/la-justicia-de-aragon-ordena-recalcular-el-ajuar-domestico-en-una-liquidacion-del-impuesto-de-sucesiones-para-que-se-ajuste-a-la-doctrina-del-supremo\/\"><i>Tribunal Superior de Justicia de Arag\u00f3n<\/i><\/a> ha fallado a favor de un agente de la Polic\u00eda Nacional, dictaminando que las lesiones y secuelas sufridas en un accidente mientras acud\u00eda a una emergencia son producto directo de su labor policial. La sentencia ha sido dictada tras m\u00e1s de un a\u00f1o de litigio con la <b>Direcci\u00f3n General de la Polic\u00eda<\/b>, que hab\u00eda negado este reconocimiento.<\/p>\n<p>El accidente que origin\u00f3 todo ocurri\u00f3 el 5 de noviembre de 2022. El afectado, que forma parte de la <b>Brigada Provincial de Seguridad Ciudadana<\/b>, viajaba de copiloto en la patrulla para acudir a un incendio, cuando el choque con otro veh\u00edculo le provoc\u00f3 un <a href=\"https:\/\/www.infobae.com\/espana\/2025\/10\/19\/un-osteopata-recomienda-dos-ejercicios-para-aliviar-el-dolor-cervical-esta-relacionado-con-las-malas-posturas\/\" target=\"_self\" rel=\"\" title=\"https:\/\/www.infobae.com\/espana\/2025\/10\/19\/un-osteopata-recomienda-dos-ejercicios-para-aliviar-el-dolor-cervical-esta-relacionado-con-las-malas-posturas\/\"><i>latigazo cervical<\/i><\/a>. Recibi\u00f3 atenci\u00f3n m\u00e9dica inmediata y, tras ser diagnosticado, comenz\u00f3 un largo tratamiento de rehabilitaci\u00f3n y medicaci\u00f3n espec\u00edfica.<\/p>\n<p>El primer informe m\u00e9dico de la polic\u00eda reconoci\u00f3 la lesi\u00f3n inicial, pero sostuvo que se podr\u00eda curar sin secuelas y estableci\u00f3 un l\u00edmite de 30 d\u00edas de baja, desestimando que el resto de los s\u00edntomas y las limitaciones posteriores fueran producto del accidente.<\/p>\n<h2>El per\u00edodo de baja alcanz\u00f3 los 77 d\u00edas<\/h2>\n<p>A pesar de que las evaluaciones m\u00e9dicas posteriores acreditaron dolores persistentes, sobrecarga muscular y limitaci\u00f3n para esfuerzos f\u00edsicos, la Direcci\u00f3n General de la Polic\u00eda ratific\u00f3 su postura, <b>ignorando informes m\u00e9dicos y periciales<\/b> aportados por la parte afectada. Por esta raz\u00f3n, desde la defensa insistieron en la existencia de un diagn\u00f3stico m\u00e9dico que confirmaba que todos los s\u00edntomas, incluidas las dolencias de trapecio, romboides, hombro y cuello, derivaron directamente del accidente.<\/p>\n<p>Para fundamentar su argumentaci\u00f3n, aportaron informes de urgencia, seguimientos traumatol\u00f3gicos y una evaluaci\u00f3n pericial que determin\u00f3 la existencia de 77 d\u00edas impeditivos para el normal desempe\u00f1o de su labor policial, contradiciendo la postura administrativa de 30 d\u00edas. El informe del Consorcio de Compensaci\u00f3n de Seguros fue clave, ya que los especialistas <b>reconocieron el nexo causal<\/b> entre el accidente y las secuelas f\u00edsicas, sin encontrar antecedentes patol\u00f3gicos previos.<\/p>\n<p>Entre todo esto, la defensa tambi\u00e9n <b>destac\u00f3 el perjuicio econ\u00f3mico sufrido<\/b>. La limitaci\u00f3n del reconocimiento solo a 30 d\u00edas de baja gener\u00f3 para el agente una p\u00e9rdida de 531,78 euros en concepto de complemento de turnicidad y productividad variable.<\/p>\n<h2>Lesi\u00f3n en acto de servicio<\/h2>\n<p>En el otro lado, la Direcci\u00f3n General de la Polic\u00eda y el abogado del Estado defendieron que solo los primeros 30 d\u00edas de baja pod\u00edan relacionarse con el accidente. Sostuvieron que el resto de las manifestaciones cl\u00ednicas deb\u00edan clasificarse como enfermedad com\u00fan y que, seg\u00fan la normativa, \u00fanicamente las secuelas anat\u00f3micas permanentes deb\u00edan considerarse como <b>\u201csecuelas\u201d derivadas de un hecho de servicio<\/b>.<\/p>\n<p>Se apoyaron en el Manual de Tiempos \u00d3ptimos de Incapacidad Temporal del INSS, que sugiere bajas no superiores a 30 d\u00edas para lesiones de ese tipo. Sin embargo, el TSJ de Arag\u00f3n ha aclarado que este manual <b>tiene car\u00e1cter orientativo y estad\u00edstico<\/b>, y que existen evoluciones m\u00e9dicas particulares donde el proceso de curaci\u00f3n se extiende m\u00e1s tiempo.<\/p>\n<p>En el fallo, los magistrados han concluido que la totalidad de las dolencias y la baja m\u00e9dica de 77 d\u00edas ten\u00edan una relaci\u00f3n directa y objetiva con el accidente de servicio, considerando <b>acreditada la evoluci\u00f3n cl\u00ednica<\/b>, el seguimiento permanente, los tratamientos recibidos y la persistencia de limitaciones funcionales observadas por especialistas.<\/p>\n<p>La sentencia defiende que el concepto de <a href=\"https:\/\/www.infobae.com\/espana\/2025\/11\/04\/un-policia-nacional-recibe-una-indemnizacion-de-17000-euros-por-las-lesiones-sufridas-en-acto-de-servicio-aunque-no-haya-condenados-penales\/\" target=\"_self\" rel=\"\" title=\"https:\/\/www.infobae.com\/espana\/2025\/11\/04\/un-policia-nacional-recibe-una-indemnizacion-de-17000-euros-por-las-lesiones-sufridas-en-acto-de-servicio-aunque-no-haya-condenados-penales\/\"><i>\u201clesi\u00f3n en acto de servicio\u201d<\/i><\/a> no se restringe a las secuelas irreversibles, sino que incluye consecuencias funcionales de la lesi\u00f3n inicial. De esta manera, el fallo ha anulado las resoluciones anteriores y ha ordenado <b>reconocer la totalidad del per\u00edodo de curaci\u00f3n<\/b> y las secuelas como consecuencia directa del accidente en acto de servicio. Asimismo, ha impuesto a la administraci\u00f3n el pago de las costas del juicio, con un l\u00edmite de 1.000 euros.<\/p>\n<\/div>\n<\/div>\n<hr \/>\n<p>Esta noticia sobre <strong>La Justicia reconoce las secuelas de un polic\u00eda nacional por un latigazo cervical tras chocar contra otro coche como accidente en acto de servicio<\/strong> fue publicada originalmente en <a href=\"https:\/\/www.infobae.com\/arc\/outboundfeeds\/rss\/\" target=\"_blank\" rel=\"nofollow\">Infobae.com<\/a>. Puedes ampliar la informaci\u00f3n siguiendo el enlace a la fuente original: <a href=\"https:\/\/www.infobae.com\/espana\/2026\/04\/23\/la-justicia-reconoce-las-secuelas-de-un-policia-nacional-por-un-latigazo-cervical-tras-chocar-contra-otro-coche-como-accidente-en-acto-de-servicio\/\" target=\"_blank\" rel=\"noopener noreferrer\">La Justicia reconoce las secuelas de un polic\u00eda nacional por un latigazo cervical tras chocar contra otro coche como accidente en acto de servicio<\/a>.<\/p>\n<p><small>Categor\u00eda: Noticia Infobae | Fecha: 23 April, 2026<\/small><\/p>\n","protected":false},"excerpt":{"rendered":"<div>El primer informe m\u00e9dico de la polic\u00eda reconoci\u00f3 la lesi\u00f3n inicial, pero sostuvo que se podr\u00eda curar sin secuelas y estableci\u00f3 un l\u00edmite de 30 d\u00edas de baja, que al final fueron 77<\/div>\n","protected":false},"author":3,"featured_media":0,"comment_status":"open","ping_status":"open","sticky":false,"template":"","format":"standard","meta":{"site-sidebar-layout":"default","site-content-layout":"","ast-site-content-layout":"default","site-content-style":"default","site-sidebar-style":"default","ast-global-header-display":"","ast-banner-title-visibility":"","ast-main-header-display":"","ast-hfb-above-header-display":"","ast-hfb-below-header-display":"","ast-hfb-mobile-header-display":"","site-post-title":"","ast-breadcrumbs-content":"","ast-featured-img":"","footer-sml-layout":"","ast-disable-related-posts":"","theme-transparent-header-meta":"","adv-header-id-meta":"","stick-header-meta":"","header-above-stick-meta":"","header-main-stick-meta":"","header-below-stick-meta":"","astra-migrate-meta-layouts":"default","ast-page-background-enabled":"default","ast-page-background-meta":{"desktop":{"background-color":"var(--ast-global-color-5)","background-image":"","background-repeat":"repeat","background-position":"center center","background-size":"auto","background-attachment":"scroll","background-type":"","background-media":"","overlay-type":"","overlay-color":"","overlay-opacity":"","overlay-gradient":""},"tablet":{"background-color":"","background-image":"","background-repeat":"repeat","background-position":"center center","background-size":"auto","background-attachment":"scroll","background-type":"","background-media":"","overlay-type":"","overlay-color":"","overlay-opacity":"","overlay-gradient":""},"mobile":{"background-color":"","background-image":"","background-repeat":"repeat","background-position":"center center","background-size":"auto","background-attachment":"scroll","background-type":"","background-media":"","overlay-type":"","overlay-color":"","overlay-opacity":"","overlay-gradient":""}},"ast-content-background-meta":{"desktop":{"background-color":"var(--ast-global-color-4)","background-image":"","background-repeat":"repeat","background-position":"center center","background-size":"auto","background-attachment":"scroll","background-type":"","background-media":"","overlay-type":"","overlay-color":"","overlay-opacity":"","overlay-gradient":""},"tablet":{"background-color":"var(--ast-global-color-4)","background-image":"","background-repeat":"repeat","background-position":"center center","background-size":"auto","background-attachment":"scroll","background-type":"","background-media":"","overlay-type":"","overlay-color":"","overlay-opacity":"","overlay-gradient":""},"mobile":{"background-color":"var(--ast-global-color-4)","background-image":"","background-repeat":"repeat","background-position":"center center","background-size":"auto","background-attachment":"scroll","background-type":"","background-media":"","overlay-type":"","overlay-color":"","overlay-opacity":"","overlay-gradient":""}},"fifu_image_url":"","fifu_image_alt":"","footnotes":""},"categories":[23],"tags":[25,27,24,26],"class_list":["post-3031","post","type-post","status-publish","format-standard","hentry","category-noticias","tag-infobae","tag-informacion-general","tag-noticias","tag-novedades"],"yoast_head":"<!-- This site is optimized with the Yoast SEO plugin v27.4 - https:\/\/yoast.com\/product\/yoast-seo-wordpress\/ -->\n<title>La Justicia reconoce las secuelas de un polic\u00eda nacional por un latigazo cervical tras chocar contra otro coche como accidente en acto de servicio - HIOX<\/title>\n<meta name=\"description\" content=\"La Justicia reconoce las secuelas de un polic\u00eda nacional por un latigazo cervical tras chocar contra otro coche como accidente en acto de servicio. El primer informe m\u00e9dico de la polic\u00eda reconoci\u00f3 la lesi\u00f3n inicial, pero sostuvo que se podr\u00eda curar sin secuelas y estableci\u00f3 un l\u00edmite de 30 d\u00edas de baja, que al final fueron 77\" \/>\n<meta name=\"robots\" content=\"index, follow, max-snippet:-1, max-image-preview:large, max-video-preview:-1\" \/>\n<link rel=\"canonical\" href=\"https:\/\/hiox.com.ar\/hiox\/la-justicia-reconoce-las-secuelas-de-un-policia-nacional-por-un-latigazo-cervical-tras-chocar-contra-otro-coche-como-accidente-en-acto-de-servicio\/\" \/>\n<meta property=\"og:locale\" content=\"es_ES\" \/>\n<meta property=\"og:type\" content=\"article\" \/>\n<meta property=\"og:title\" content=\"La Justicia reconoce las secuelas de un polic\u00eda nacional por un latigazo cervical tras chocar contra otro coche como accidente en acto de servicio - HIOX\" \/>\n<meta property=\"og:description\" content=\"La Justicia reconoce las secuelas de un polic\u00eda nacional por un latigazo cervical tras chocar contra otro coche como accidente en acto de servicio. El primer informe m\u00e9dico de la polic\u00eda reconoci\u00f3 la lesi\u00f3n inicial, pero sostuvo que se podr\u00eda curar sin secuelas y estableci\u00f3 un l\u00edmite de 30 d\u00edas de baja, que al final fueron 77\" \/>\n<meta property=\"og:url\" content=\"https:\/\/hiox.com.ar\/hiox\/la-justicia-reconoce-las-secuelas-de-un-policia-nacional-por-un-latigazo-cervical-tras-chocar-contra-otro-coche-como-accidente-en-acto-de-servicio\/\" \/>\n<meta property=\"og:site_name\" content=\"HIOX\" \/>\n<meta property=\"article:published_time\" content=\"2026-04-23T05:57:37+00:00\" \/>\n<meta property=\"og:image\" content=\"https:\/\/www.infobae.com\/resizer\/v2\/RJ6BHVEOFZBE3DIHNNBH6G3YEY.jpg?auth=2be0b7a9cac6db419b71d33976bc2f2bc0472429422c805b28b1bdb5a3366ec7&amp;smart=true&amp;width=1920&amp;height=1080\" \/>\n<meta name=\"author\" content=\"Source Author\" \/>\n<meta name=\"twitter:card\" content=\"summary_large_image\" \/>\n<meta name=\"twitter:label1\" content=\"Escrito por\" \/>\n\t<meta name=\"twitter:data1\" content=\"Source Author\" \/>\n\t<meta name=\"twitter:label2\" content=\"Tiempo de lectura\" \/>\n\t<meta name=\"twitter:data2\" content=\"4 minutos\" \/>\n<script type=\"application\/ld+json\" class=\"yoast-schema-graph\">{\"@context\":\"https:\\\/\\\/schema.org\",\"@graph\":[{\"@type\":\"NewsArticle\",\"@id\":\"https:\\\/\\\/hiox.com.ar\\\/hiox\\\/la-justicia-reconoce-las-secuelas-de-un-policia-nacional-por-un-latigazo-cervical-tras-chocar-contra-otro-coche-como-accidente-en-acto-de-servicio\\\/#article\",\"isPartOf\":{\"@id\":\"https:\\\/\\\/hiox.com.ar\\\/hiox\\\/la-justicia-reconoce-las-secuelas-de-un-policia-nacional-por-un-latigazo-cervical-tras-chocar-contra-otro-coche-como-accidente-en-acto-de-servicio\\\/\"},\"author\":{\"name\":\"Source Author\",\"@id\":\"https:\\\/\\\/hiox.com.ar\\\/hiox\\\/#\\\/schema\\\/person\\\/f70183b020df72016f0614086c3cf170\"},\"headline\":\"La Justicia reconoce las secuelas de un polic\u00eda nacional por un latigazo cervical tras chocar contra otro coche como accidente en acto de servicio\",\"datePublished\":\"2026-04-23T05:57:37+00:00\",\"mainEntityOfPage\":{\"@id\":\"https:\\\/\\\/hiox.com.ar\\\/hiox\\\/la-justicia-reconoce-las-secuelas-de-un-policia-nacional-por-un-latigazo-cervical-tras-chocar-contra-otro-coche-como-accidente-en-acto-de-servicio\\\/\"},\"wordCount\":826,\"commentCount\":0,\"publisher\":{\"@id\":\"https:\\\/\\\/hiox.com.ar\\\/hiox\\\/#organization\"},\"image\":{\"@id\":\"https:\\\/\\\/hiox.com.ar\\\/hiox\\\/la-justicia-reconoce-las-secuelas-de-un-policia-nacional-por-un-latigazo-cervical-tras-chocar-contra-otro-coche-como-accidente-en-acto-de-servicio\\\/#primaryimage\"},\"thumbnailUrl\":\"https:\\\/\\\/www.infobae.com\\\/resizer\\\/v2\\\/RJ6BHVEOFZBE3DIHNNBH6G3YEY.jpg?auth=2be0b7a9cac6db419b71d33976bc2f2bc0472429422c805b28b1bdb5a3366ec7&amp;smart=true&amp;width=1920&amp;height=1080\",\"keywords\":[\"Infobae\",\"Informaci\u00f3n General\",\"Noticias\",\"Novedades\"],\"articleSection\":[\"\ud83d\udcf0 Noticias \ud83d\uddde\ufe0f\"],\"inLanguage\":\"es\",\"potentialAction\":[{\"@type\":\"CommentAction\",\"name\":\"Comment\",\"target\":[\"https:\\\/\\\/hiox.com.ar\\\/hiox\\\/la-justicia-reconoce-las-secuelas-de-un-policia-nacional-por-un-latigazo-cervical-tras-chocar-contra-otro-coche-como-accidente-en-acto-de-servicio\\\/#respond\"]}]},{\"@type\":[\"WebPage\",\"ItemPage\"],\"@id\":\"https:\\\/\\\/hiox.com.ar\\\/hiox\\\/la-justicia-reconoce-las-secuelas-de-un-policia-nacional-por-un-latigazo-cervical-tras-chocar-contra-otro-coche-como-accidente-en-acto-de-servicio\\\/\",\"url\":\"https:\\\/\\\/hiox.com.ar\\\/hiox\\\/la-justicia-reconoce-las-secuelas-de-un-policia-nacional-por-un-latigazo-cervical-tras-chocar-contra-otro-coche-como-accidente-en-acto-de-servicio\\\/\",\"name\":\"La Justicia reconoce las secuelas de un polic\u00eda nacional por un latigazo cervical tras chocar contra otro coche como accidente en acto de servicio - HIOX\",\"isPartOf\":{\"@id\":\"https:\\\/\\\/hiox.com.ar\\\/hiox\\\/#website\"},\"primaryImageOfPage\":{\"@id\":\"https:\\\/\\\/hiox.com.ar\\\/hiox\\\/la-justicia-reconoce-las-secuelas-de-un-policia-nacional-por-un-latigazo-cervical-tras-chocar-contra-otro-coche-como-accidente-en-acto-de-servicio\\\/#primaryimage\"},\"image\":{\"@id\":\"https:\\\/\\\/hiox.com.ar\\\/hiox\\\/la-justicia-reconoce-las-secuelas-de-un-policia-nacional-por-un-latigazo-cervical-tras-chocar-contra-otro-coche-como-accidente-en-acto-de-servicio\\\/#primaryimage\"},\"thumbnailUrl\":\"https:\\\/\\\/www.infobae.com\\\/resizer\\\/v2\\\/RJ6BHVEOFZBE3DIHNNBH6G3YEY.jpg?auth=2be0b7a9cac6db419b71d33976bc2f2bc0472429422c805b28b1bdb5a3366ec7&amp;smart=true&amp;width=1920&amp;height=1080\",\"datePublished\":\"2026-04-23T05:57:37+00:00\",\"description\":\"La Justicia reconoce las secuelas de un polic\u00eda nacional por un latigazo cervical tras chocar contra otro coche como accidente en acto de servicio. El primer informe m\u00e9dico de la polic\u00eda reconoci\u00f3 la lesi\u00f3n inicial, pero sostuvo que se podr\u00eda curar sin secuelas y estableci\u00f3 un l\u00edmite de 30 d\u00edas de baja, que al final fueron 77\",\"breadcrumb\":{\"@id\":\"https:\\\/\\\/hiox.com.ar\\\/hiox\\\/la-justicia-reconoce-las-secuelas-de-un-policia-nacional-por-un-latigazo-cervical-tras-chocar-contra-otro-coche-como-accidente-en-acto-de-servicio\\\/#breadcrumb\"},\"inLanguage\":\"es\",\"potentialAction\":[{\"@type\":\"ReadAction\",\"target\":[\"https:\\\/\\\/hiox.com.ar\\\/hiox\\\/la-justicia-reconoce-las-secuelas-de-un-policia-nacional-por-un-latigazo-cervical-tras-chocar-contra-otro-coche-como-accidente-en-acto-de-servicio\\\/\"]}]},{\"@type\":\"ImageObject\",\"inLanguage\":\"es\",\"@id\":\"https:\\\/\\\/hiox.com.ar\\\/hiox\\\/la-justicia-reconoce-las-secuelas-de-un-policia-nacional-por-un-latigazo-cervical-tras-chocar-contra-otro-coche-como-accidente-en-acto-de-servicio\\\/#primaryimage\",\"url\":\"https:\\\/\\\/www.infobae.com\\\/resizer\\\/v2\\\/RJ6BHVEOFZBE3DIHNNBH6G3YEY.jpg?auth=2be0b7a9cac6db419b71d33976bc2f2bc0472429422c805b28b1bdb5a3366ec7&amp;smart=true&amp;width=1920&amp;height=1080\",\"contentUrl\":\"https:\\\/\\\/www.infobae.com\\\/resizer\\\/v2\\\/RJ6BHVEOFZBE3DIHNNBH6G3YEY.jpg?auth=2be0b7a9cac6db419b71d33976bc2f2bc0472429422c805b28b1bdb5a3366ec7&amp;smart=true&amp;width=1920&amp;height=1080\"},{\"@type\":\"BreadcrumbList\",\"@id\":\"https:\\\/\\\/hiox.com.ar\\\/hiox\\\/la-justicia-reconoce-las-secuelas-de-un-policia-nacional-por-un-latigazo-cervical-tras-chocar-contra-otro-coche-como-accidente-en-acto-de-servicio\\\/#breadcrumb\",\"itemListElement\":[{\"@type\":\"ListItem\",\"position\":1,\"name\":\"Portada\",\"item\":\"https:\\\/\\\/hiox.com.ar\\\/hiox\\\/\"},{\"@type\":\"ListItem\",\"position\":2,\"name\":\"La Justicia reconoce las secuelas de un polic\u00eda nacional por un latigazo cervical tras chocar contra otro coche como accidente en acto de servicio\"}]},{\"@type\":\"WebSite\",\"@id\":\"https:\\\/\\\/hiox.com.ar\\\/hiox\\\/#website\",\"url\":\"https:\\\/\\\/hiox.com.ar\\\/hiox\\\/\",\"name\":\"HIOX\",\"description\":\"Comercio Electronico\",\"publisher\":{\"@id\":\"https:\\\/\\\/hiox.com.ar\\\/hiox\\\/#organization\"},\"potentialAction\":[{\"@type\":\"SearchAction\",\"target\":{\"@type\":\"EntryPoint\",\"urlTemplate\":\"https:\\\/\\\/hiox.com.ar\\\/hiox\\\/?s={search_term_string}\"},\"query-input\":{\"@type\":\"PropertyValueSpecification\",\"valueRequired\":true,\"valueName\":\"search_term_string\"}}],\"inLanguage\":\"es\"},{\"@type\":\"Organization\",\"@id\":\"https:\\\/\\\/hiox.com.ar\\\/hiox\\\/#organization\",\"name\":\"HIOX\",\"url\":\"https:\\\/\\\/hiox.com.ar\\\/hiox\\\/\",\"logo\":{\"@type\":\"ImageObject\",\"inLanguage\":\"es\",\"@id\":\"https:\\\/\\\/hiox.com.ar\\\/hiox\\\/#\\\/schema\\\/logo\\\/image\\\/\",\"url\":\"https:\\\/\\\/hiox.com.ar\\\/hiox\\\/wp-content\\\/uploads\\\/2025\\\/09\\\/cropped-hiox_logo-1.png\",\"contentUrl\":\"https:\\\/\\\/hiox.com.ar\\\/hiox\\\/wp-content\\\/uploads\\\/2025\\\/09\\\/cropped-hiox_logo-1.png\",\"width\":491,\"height\":158,\"caption\":\"HIOX\"},\"image\":{\"@id\":\"https:\\\/\\\/hiox.com.ar\\\/hiox\\\/#\\\/schema\\\/logo\\\/image\\\/\"}},{\"@type\":\"Person\",\"@id\":\"https:\\\/\\\/hiox.com.ar\\\/hiox\\\/#\\\/schema\\\/person\\\/f70183b020df72016f0614086c3cf170\",\"name\":\"Source Author\",\"image\":{\"@type\":\"ImageObject\",\"inLanguage\":\"es\",\"@id\":\"https:\\\/\\\/secure.gravatar.com\\\/avatar\\\/428a8106f8313bec42aca4e38ea86950b6e88a21b0f2764f9f7a4365dc1017a5?s=96&d=mm&r=g\",\"url\":\"https:\\\/\\\/secure.gravatar.com\\\/avatar\\\/428a8106f8313bec42aca4e38ea86950b6e88a21b0f2764f9f7a4365dc1017a5?s=96&d=mm&r=g\",\"contentUrl\":\"https:\\\/\\\/secure.gravatar.com\\\/avatar\\\/428a8106f8313bec42aca4e38ea86950b6e88a21b0f2764f9f7a4365dc1017a5?s=96&d=mm&r=g\",\"caption\":\"Source Author\"},\"url\":\"https:\\\/\\\/hiox.com.ar\\\/hiox\\\/author\\\/wpra-source-author-site-1\\\/\"}]}<\/script>\n<!-- \/ Yoast SEO plugin. -->","yoast_head_json":{"title":"La Justicia reconoce las secuelas de un polic\u00eda nacional por un latigazo cervical tras chocar contra otro coche como accidente en acto de servicio - HIOX","description":"La Justicia reconoce las secuelas de un polic\u00eda nacional por un latigazo cervical tras chocar contra otro coche como accidente en acto de servicio. El primer informe m\u00e9dico de la polic\u00eda reconoci\u00f3 la lesi\u00f3n inicial, pero sostuvo que se podr\u00eda curar sin secuelas y estableci\u00f3 un l\u00edmite de 30 d\u00edas de baja, que al final fueron 77","robots":{"index":"index","follow":"follow","max-snippet":"max-snippet:-1","max-image-preview":"max-image-preview:large","max-video-preview":"max-video-preview:-1"},"canonical":"https:\/\/hiox.com.ar\/hiox\/la-justicia-reconoce-las-secuelas-de-un-policia-nacional-por-un-latigazo-cervical-tras-chocar-contra-otro-coche-como-accidente-en-acto-de-servicio\/","og_locale":"es_ES","og_type":"article","og_title":"La Justicia reconoce las secuelas de un polic\u00eda nacional por un latigazo cervical tras chocar contra otro coche como accidente en acto de servicio - HIOX","og_description":"La Justicia reconoce las secuelas de un polic\u00eda nacional por un latigazo cervical tras chocar contra otro coche como accidente en acto de servicio. El primer informe m\u00e9dico de la polic\u00eda reconoci\u00f3 la lesi\u00f3n inicial, pero sostuvo que se podr\u00eda curar sin secuelas y estableci\u00f3 un l\u00edmite de 30 d\u00edas de baja, que al final fueron 77","og_url":"https:\/\/hiox.com.ar\/hiox\/la-justicia-reconoce-las-secuelas-de-un-policia-nacional-por-un-latigazo-cervical-tras-chocar-contra-otro-coche-como-accidente-en-acto-de-servicio\/","og_site_name":"HIOX","article_published_time":"2026-04-23T05:57:37+00:00","og_image":[{"url":"https:\/\/www.infobae.com\/resizer\/v2\/RJ6BHVEOFZBE3DIHNNBH6G3YEY.jpg?auth=2be0b7a9cac6db419b71d33976bc2f2bc0472429422c805b28b1bdb5a3366ec7&amp;smart=true&amp;width=1920&amp;height=1080","type":"","width":"","height":""}],"author":"Source Author","twitter_card":"summary_large_image","twitter_misc":{"Escrito por":"Source Author","Tiempo de lectura":"4 minutos"},"schema":{"@context":"https:\/\/schema.org","@graph":[{"@type":"NewsArticle","@id":"https:\/\/hiox.com.ar\/hiox\/la-justicia-reconoce-las-secuelas-de-un-policia-nacional-por-un-latigazo-cervical-tras-chocar-contra-otro-coche-como-accidente-en-acto-de-servicio\/#article","isPartOf":{"@id":"https:\/\/hiox.com.ar\/hiox\/la-justicia-reconoce-las-secuelas-de-un-policia-nacional-por-un-latigazo-cervical-tras-chocar-contra-otro-coche-como-accidente-en-acto-de-servicio\/"},"author":{"name":"Source Author","@id":"https:\/\/hiox.com.ar\/hiox\/#\/schema\/person\/f70183b020df72016f0614086c3cf170"},"headline":"La Justicia reconoce las secuelas de un polic\u00eda nacional por un latigazo cervical tras chocar contra otro coche como accidente en acto de servicio","datePublished":"2026-04-23T05:57:37+00:00","mainEntityOfPage":{"@id":"https:\/\/hiox.com.ar\/hiox\/la-justicia-reconoce-las-secuelas-de-un-policia-nacional-por-un-latigazo-cervical-tras-chocar-contra-otro-coche-como-accidente-en-acto-de-servicio\/"},"wordCount":826,"commentCount":0,"publisher":{"@id":"https:\/\/hiox.com.ar\/hiox\/#organization"},"image":{"@id":"https:\/\/hiox.com.ar\/hiox\/la-justicia-reconoce-las-secuelas-de-un-policia-nacional-por-un-latigazo-cervical-tras-chocar-contra-otro-coche-como-accidente-en-acto-de-servicio\/#primaryimage"},"thumbnailUrl":"https:\/\/www.infobae.com\/resizer\/v2\/RJ6BHVEOFZBE3DIHNNBH6G3YEY.jpg?auth=2be0b7a9cac6db419b71d33976bc2f2bc0472429422c805b28b1bdb5a3366ec7&amp;smart=true&amp;width=1920&amp;height=1080","keywords":["Infobae","Informaci\u00f3n General","Noticias","Novedades"],"articleSection":["\ud83d\udcf0 Noticias \ud83d\uddde\ufe0f"],"inLanguage":"es","potentialAction":[{"@type":"CommentAction","name":"Comment","target":["https:\/\/hiox.com.ar\/hiox\/la-justicia-reconoce-las-secuelas-de-un-policia-nacional-por-un-latigazo-cervical-tras-chocar-contra-otro-coche-como-accidente-en-acto-de-servicio\/#respond"]}]},{"@type":["WebPage","ItemPage"],"@id":"https:\/\/hiox.com.ar\/hiox\/la-justicia-reconoce-las-secuelas-de-un-policia-nacional-por-un-latigazo-cervical-tras-chocar-contra-otro-coche-como-accidente-en-acto-de-servicio\/","url":"https:\/\/hiox.com.ar\/hiox\/la-justicia-reconoce-las-secuelas-de-un-policia-nacional-por-un-latigazo-cervical-tras-chocar-contra-otro-coche-como-accidente-en-acto-de-servicio\/","name":"La Justicia reconoce las secuelas de un polic\u00eda nacional por un latigazo cervical tras chocar contra otro coche como accidente en acto de servicio - HIOX","isPartOf":{"@id":"https:\/\/hiox.com.ar\/hiox\/#website"},"primaryImageOfPage":{"@id":"https:\/\/hiox.com.ar\/hiox\/la-justicia-reconoce-las-secuelas-de-un-policia-nacional-por-un-latigazo-cervical-tras-chocar-contra-otro-coche-como-accidente-en-acto-de-servicio\/#primaryimage"},"image":{"@id":"https:\/\/hiox.com.ar\/hiox\/la-justicia-reconoce-las-secuelas-de-un-policia-nacional-por-un-latigazo-cervical-tras-chocar-contra-otro-coche-como-accidente-en-acto-de-servicio\/#primaryimage"},"thumbnailUrl":"https:\/\/www.infobae.com\/resizer\/v2\/RJ6BHVEOFZBE3DIHNNBH6G3YEY.jpg?auth=2be0b7a9cac6db419b71d33976bc2f2bc0472429422c805b28b1bdb5a3366ec7&amp;smart=true&amp;width=1920&amp;height=1080","datePublished":"2026-04-23T05:57:37+00:00","description":"La Justicia reconoce las secuelas de un polic\u00eda nacional por un latigazo cervical tras chocar contra otro coche como accidente en acto de servicio. El primer informe m\u00e9dico de la polic\u00eda reconoci\u00f3 la lesi\u00f3n inicial, pero sostuvo que se podr\u00eda curar sin secuelas y estableci\u00f3 un l\u00edmite de 30 d\u00edas de baja, que al final fueron 77","breadcrumb":{"@id":"https:\/\/hiox.com.ar\/hiox\/la-justicia-reconoce-las-secuelas-de-un-policia-nacional-por-un-latigazo-cervical-tras-chocar-contra-otro-coche-como-accidente-en-acto-de-servicio\/#breadcrumb"},"inLanguage":"es","potentialAction":[{"@type":"ReadAction","target":["https:\/\/hiox.com.ar\/hiox\/la-justicia-reconoce-las-secuelas-de-un-policia-nacional-por-un-latigazo-cervical-tras-chocar-contra-otro-coche-como-accidente-en-acto-de-servicio\/"]}]},{"@type":"ImageObject","inLanguage":"es","@id":"https:\/\/hiox.com.ar\/hiox\/la-justicia-reconoce-las-secuelas-de-un-policia-nacional-por-un-latigazo-cervical-tras-chocar-contra-otro-coche-como-accidente-en-acto-de-servicio\/#primaryimage","url":"https:\/\/www.infobae.com\/resizer\/v2\/RJ6BHVEOFZBE3DIHNNBH6G3YEY.jpg?auth=2be0b7a9cac6db419b71d33976bc2f2bc0472429422c805b28b1bdb5a3366ec7&amp;smart=true&amp;width=1920&amp;height=1080","contentUrl":"https:\/\/www.infobae.com\/resizer\/v2\/RJ6BHVEOFZBE3DIHNNBH6G3YEY.jpg?auth=2be0b7a9cac6db419b71d33976bc2f2bc0472429422c805b28b1bdb5a3366ec7&amp;smart=true&amp;width=1920&amp;height=1080"},{"@type":"BreadcrumbList","@id":"https:\/\/hiox.com.ar\/hiox\/la-justicia-reconoce-las-secuelas-de-un-policia-nacional-por-un-latigazo-cervical-tras-chocar-contra-otro-coche-como-accidente-en-acto-de-servicio\/#breadcrumb","itemListElement":[{"@type":"ListItem","position":1,"name":"Portada","item":"https:\/\/hiox.com.ar\/hiox\/"},{"@type":"ListItem","position":2,"name":"La Justicia reconoce las secuelas de un polic\u00eda nacional por un latigazo cervical tras chocar contra otro coche como accidente en acto de servicio"}]},{"@type":"WebSite","@id":"https:\/\/hiox.com.ar\/hiox\/#website","url":"https:\/\/hiox.com.ar\/hiox\/","name":"HIOX","description":"Comercio Electronico","publisher":{"@id":"https:\/\/hiox.com.ar\/hiox\/#organization"},"potentialAction":[{"@type":"SearchAction","target":{"@type":"EntryPoint","urlTemplate":"https:\/\/hiox.com.ar\/hiox\/?s={search_term_string}"},"query-input":{"@type":"PropertyValueSpecification","valueRequired":true,"valueName":"search_term_string"}}],"inLanguage":"es"},{"@type":"Organization","@id":"https:\/\/hiox.com.ar\/hiox\/#organization","name":"HIOX","url":"https:\/\/hiox.com.ar\/hiox\/","logo":{"@type":"ImageObject","inLanguage":"es","@id":"https:\/\/hiox.com.ar\/hiox\/#\/schema\/logo\/image\/","url":"https:\/\/hiox.com.ar\/hiox\/wp-content\/uploads\/2025\/09\/cropped-hiox_logo-1.png","contentUrl":"https:\/\/hiox.com.ar\/hiox\/wp-content\/uploads\/2025\/09\/cropped-hiox_logo-1.png","width":491,"height":158,"caption":"HIOX"},"image":{"@id":"https:\/\/hiox.com.ar\/hiox\/#\/schema\/logo\/image\/"}},{"@type":"Person","@id":"https:\/\/hiox.com.ar\/hiox\/#\/schema\/person\/f70183b020df72016f0614086c3cf170","name":"Source Author","image":{"@type":"ImageObject","inLanguage":"es","@id":"https:\/\/secure.gravatar.com\/avatar\/428a8106f8313bec42aca4e38ea86950b6e88a21b0f2764f9f7a4365dc1017a5?s=96&d=mm&r=g","url":"https:\/\/secure.gravatar.com\/avatar\/428a8106f8313bec42aca4e38ea86950b6e88a21b0f2764f9f7a4365dc1017a5?s=96&d=mm&r=g","contentUrl":"https:\/\/secure.gravatar.com\/avatar\/428a8106f8313bec42aca4e38ea86950b6e88a21b0f2764f9f7a4365dc1017a5?s=96&d=mm&r=g","caption":"Source Author"},"url":"https:\/\/hiox.com.ar\/hiox\/author\/wpra-source-author-site-1\/"}]}},"_links":{"self":[{"href":"https:\/\/hiox.com.ar\/hiox\/wp-json\/wp\/v2\/posts\/3031","targetHints":{"allow":["GET"]}}],"collection":[{"href":"https:\/\/hiox.com.ar\/hiox\/wp-json\/wp\/v2\/posts"}],"about":[{"href":"https:\/\/hiox.com.ar\/hiox\/wp-json\/wp\/v2\/types\/post"}],"author":[{"embeddable":true,"href":"https:\/\/hiox.com.ar\/hiox\/wp-json\/wp\/v2\/users\/3"}],"replies":[{"embeddable":true,"href":"https:\/\/hiox.com.ar\/hiox\/wp-json\/wp\/v2\/comments?post=3031"}],"version-history":[{"count":0,"href":"https:\/\/hiox.com.ar\/hiox\/wp-json\/wp\/v2\/posts\/3031\/revisions"}],"wp:attachment":[{"href":"https:\/\/hiox.com.ar\/hiox\/wp-json\/wp\/v2\/media?parent=3031"}],"wp:term":[{"taxonomy":"category","embeddable":true,"href":"https:\/\/hiox.com.ar\/hiox\/wp-json\/wp\/v2\/categories?post=3031"},{"taxonomy":"post_tag","embeddable":true,"href":"https:\/\/hiox.com.ar\/hiox\/wp-json\/wp\/v2\/tags?post=3031"}],"curies":[{"name":"wp","href":"https:\/\/api.w.org\/{rel}","templated":true}]}}