{"id":3029,"date":"2026-04-23T02:57:00","date_gmt":"2026-04-23T05:57:00","guid":{"rendered":"https:\/\/hiox.com.ar\/hiox\/cristina-castano-cumple-su-sueno-de-la-infancia-en-tu-cara-me-suena-13-mi-nina-interior-esta-muy-activa-y-muy-contenta\/"},"modified":"2026-04-23T02:57:00","modified_gmt":"2026-04-23T05:57:00","slug":"cristina-castano-cumple-su-sueno-de-la-infancia-en-tu-cara-me-suena-13-mi-nina-interior-esta-muy-activa-y-muy-contenta","status":"publish","type":"post","link":"https:\/\/hiox.com.ar\/hiox\/cristina-castano-cumple-su-sueno-de-la-infancia-en-tu-cara-me-suena-13-mi-nina-interior-esta-muy-activa-y-muy-contenta\/","title":{"rendered":"Cristina Casta\u00f1o cumple su sue\u00f1o de la infancia en \u2018Tu cara me suena 13\u2019: \u201cMi ni\u00f1a interior est\u00e1 muy activa y muy contenta\u201d"},"content":{"rendered":"<p>Informaci\u00f3n detallada sobre <strong>Cristina Casta\u00f1o cumple su sue\u00f1o de la infancia en \u2018Tu cara me suena 13\u2019: \u201cMi ni\u00f1a interior est\u00e1 muy activa y muy contenta\u201d<\/strong>. Te traemos las \u00faltimas noticias sobre Noticia Infobae, un tema de gran inter\u00e9s para hoy 23 April, 2026.<\/p>\n<div class=\"entry-content-body\">\n<div><img loading=\"lazy\" decoding=\"async\" src=\"https:\/\/www.infobae.com\/resizer\/v2\/JFOT7ZIJCVHKZNQBWBOLGELGLE.jpg?auth=898d86c38c7f3d054576c590ee11a5892ab04031228509dbb415b21a75663502&amp;smart=true&amp;width=4311&amp;height=2425\" alt=\"Cristina Casta\u00f1o, concursante de 'Tu cara me suena 13' (ATRESMEDIA).\" height=\"2425\" width=\"4311\"><\/p>\n<p><i>Tu cara me suena <\/i>estren\u00f3 <b>su 13 temporada<\/b> el pasado viernes con un <b>20.9% de cuota de pantalla<\/b>, arrasando as\u00ed en <a href=\"https:\/\/www.infobae.com\/espana\/2026\/04\/10\/tu-cara-me-suena-13-arranca-con-consenso-total-del-jurado-y-el-publico-en-una-gala-inaugural-de-alto-nivel\/\" target=\"_blank\" rel=\"noreferrer\" title=\"https:\/\/www.infobae.com\/espana\/2026\/04\/10\/tu-cara-me-suena-13-arranca-con-consenso-total-del-jurado-y-el-publico-en-una-gala-inaugural-de-alto-nivel\/\">el<i> prime time<\/i> de la noche.<\/a> Con un casting muy novedoso, donde se encuentran perfiles como Josel\u00edn de Ubrique y Cristina Casta\u00f1o, el programa de Antena 3 afronta una nueva etapa cargada de nuevas imitaciones y voces en el escenario. <\/p>\n<p>La actriz de <i>La que se avecina<\/i> sorprendi\u00f3 al p\u00fablico con una actuaci\u00f3n de Mina, desvelando as\u00ed el talento que demuestra en cada uno de los musicales a los que se ha enfrentado a lo largo de su carrera, entre ellos <i>Cabaret<\/i>. Ahora, se lanza a una nueva aventura. <a href=\"https:\/\/www.infobae.com\/espana\/2026\/04\/10\/manel-fuentes-presenta-la-nueva-temporada-de-tu-cara-me-suena-yo-siempre-miro-las-audiencias-quiero-ser-lider-cada-dia-que-salgo-por-la-tele\/\" target=\"_blank\" rel=\"noreferrer\" title=\"https:\/\/www.infobae.com\/espana\/2026\/04\/10\/manel-fuentes-presenta-la-nueva-temporada-de-tu-cara-me-suena-yo-siempre-miro-las-audiencias-quiero-ser-lider-cada-dia-que-salgo-por-la-tele\/\">\u201cUna ilusi\u00f3n semanal\u201d<\/a>, como lo ha definido a <i>Infobae<\/i>, que le permite explorar temas que \u201ca lo mejor en mi carrera no me han permitido, como cantar\u201d.<\/p>\n<p>Y es que Casta\u00f1o destaca la oportunidad de meterse de lleno en la piel de otros artistas: \u201cAqu\u00ed estoy pudiendo tener la oportunidad de que me maquillen, me peinen y me reproduzcan el mismo n\u00famero del cantante.<b> Me parece un regalo para un artista.<\/b> Porque los artistas somos como ni\u00f1os que nos gusta jugar y, en este sentido, mi ni\u00f1a interior est\u00e1 muy activa y muy contenta\u201d.<\/p>\n<p>La int\u00e9rprete se\u00f1ala que la diferencia principal respecto a su trayectoria en musicales est\u00e1 en la exigencia de la imitaci\u00f3n. Mientras que en <i>Cabaret<\/i> encarn\u00f3 a Sally Bowles como una creaci\u00f3n propia, en el plat\u00f3 de <i>Tu cara me suena<\/i> el reto es replicar el carisma y los gestos del artista original: \u201cSi hago de<b> Liza Minnelli <\/b>o canto <i>Cabaret<\/i>, va a ser como Liza Minnelli. Entonces, en ese sentido es un reto a\u00f1adido a la dificultad que entra\u00f1a cantar en directo\u201d.<\/p>\n<p><img loading=\"lazy\" decoding=\"async\" src=\"https:\/\/www.infobae.com\/resizer\/v2\/V7TPIAE6S5AE7DYHJQWTQO6T3A.jpg?auth=e18ce74a4211c29dd5d80b2c258c98511002636d3a009ce123d3a26fd72b1f7c&amp;smart=true&amp;width=5878&amp;height=8268\" alt=\"Concursantes de 'Tu cara me suena 13' (ATRESMEDIA).\" height=\"8268\" width=\"5878\"><\/p>\n<h2>Qu\u00e9 supone enfrentarse a una imitaci\u00f3n en \u2018Tu cara me suena\u2019<\/h2>\n<p>Cristina Casta\u00f1o admite que la faceta m\u00e1s emocionante es mostrar al p\u00fablico una versi\u00f3n diferente de s\u00ed misma: \u201cMe hace mucha ilusi\u00f3n que la gente diga que le apetece verme en el formato. He entendido que realmente<b> el p\u00fablico ten\u00eda ganas de disfrutarme<\/b> desde ese lugar, y lo estoy haciendo con muchas ganas, dejando que salga esa Cristina artista, juguetona y ni\u00f1a, que le gusta imitar y<b> vestirse de mil colores <\/b>y ser muchas personas diferentes\u201d.<\/p>\n<p>Respecto al mayor reto hasta el momento, Casta\u00f1o reconoce: \u201cTe dir\u00e9 que <b>el de un hombre\u201d<\/b>. Para prepararse, recurre a un m\u00e9todo claro: \u201cCon preparaci\u00f3n, con valent\u00eda, con arrojo y con un poco de morro\u201d. Sin embargo, confiesa su inter\u00e9s por explorar nuevos registros y fantasea con interpretar alguna \u201ccanci\u00f3n de Disney\u201d, algo que considera \u201cbonito\u201d y poco habitual en su carrera musical habitual. <\/p>\n<p><img loading=\"lazy\" decoding=\"async\" src=\"https:\/\/www.infobae.com\/resizer\/v2\/WN7JQHETZFGAFBY7ZKKNSAO5P4.jpg?auth=800c45d2f5712da616da01ca9386532875ee1ecbd104c6e6ce42a82958505180&amp;smart=true&amp;width=5963&amp;height=4084\" alt=\"Los concursantes de 'Tu cara me suena 13' (ATRESMEDIA).\" height=\"4084\" width=\"5963\"><\/p>\n<p>La convivencia con los compa\u00f1eros ha sido un regalo para la gallega: \u201cMe han sorprendido todos porque <b>yo <\/b>a <b>la mayor\u00eda no los conoc\u00eda. <\/b>Sab\u00eda qui\u00e9n era Sole, conoc\u00eda a Jesul\u00edn, pero al resto no. Para m\u00ed son todos una sorpresa. Yo creo que somos todos bastante diferentes, pero habr\u00e1 uno que os sorprender\u00e1 mucho\u201d.<\/p>\n<p>De cara a la semifinal y la final, que ser\u00e1n en directo, Casta\u00f1o ya reflexiona sobre c\u00f3mo le gustar\u00eda afrontar esos momentos decisivos: \u201cEn la mente siempre piensas con qu\u00e9 actuaci\u00f3n<a href=\"https:\/\/www.infobae.com\/espana\/2025\/07\/15\/melani-garcia-la-ganadora-de-tu-cara-me-suena-12-que-tambien-triunfa-en-los-estudios-me-traian-a-las-cinco-de-la-manana-para-ir-al-instituto\/\" target=\"_blank\" rel=\"noreferrer\" title=\"https:\/\/www.infobae.com\/espana\/2025\/07\/15\/melani-garcia-la-ganadora-de-tu-cara-me-suena-12-que-tambien-triunfa-en-los-estudios-me-traian-a-las-cinco-de-la-manana-para-ir-al-instituto\/\"> te gustar\u00eda llegar a la final.<\/a> Ya tengo varias rondando\u201d.<\/p>\n<\/div>\n<\/div>\n<hr \/>\n<p>Esta noticia sobre <strong>Cristina Casta\u00f1o cumple su sue\u00f1o de la infancia en \u2018Tu cara me suena 13\u2019: \u201cMi ni\u00f1a interior est\u00e1 muy activa y muy contenta\u201d<\/strong> fue publicada originalmente en <a href=\"https:\/\/www.infobae.com\/arc\/outboundfeeds\/rss\/\" target=\"_blank\" rel=\"nofollow\">Infobae.com<\/a>. Puedes ampliar la informaci\u00f3n siguiendo el enlace a la fuente original: <a href=\"https:\/\/www.infobae.com\/espana\/2026\/04\/17\/cristina-castano-cumple-su-sueno-de-la-infancia-en-tu-cara-me-suena-13-mi-nina-interior-esta-muy-activa-y-muy-contenta\/\" target=\"_blank\" rel=\"noopener noreferrer\">Cristina Casta\u00f1o cumple su sue\u00f1o de la infancia en \u2018Tu cara me suena 13\u2019: \u201cMi ni\u00f1a interior est\u00e1 muy activa y muy contenta\u201d<\/a>.<\/p>\n<p><small>Categor\u00eda: Noticia Infobae | Fecha: 23 April, 2026<\/small><\/p>\n","protected":false},"excerpt":{"rendered":"<div>La actriz se lanza a imitar en la nueva temporada de \u2018Tu cara me suena\u2019 sorprendiendo al p\u00fablico con su talento musical<\/div>\n","protected":false},"author":3,"featured_media":0,"comment_status":"open","ping_status":"open","sticky":false,"template":"","format":"standard","meta":{"site-sidebar-layout":"default","site-content-layout":"","ast-site-content-layout":"default","site-content-style":"default","site-sidebar-style":"default","ast-global-header-display":"","ast-banner-title-visibility":"","ast-main-header-display":"","ast-hfb-above-header-display":"","ast-hfb-below-header-display":"","ast-hfb-mobile-header-display":"","site-post-title":"","ast-breadcrumbs-content":"","ast-featured-img":"","footer-sml-layout":"","ast-disable-related-posts":"","theme-transparent-header-meta":"","adv-header-id-meta":"","stick-header-meta":"","header-above-stick-meta":"","header-main-stick-meta":"","header-below-stick-meta":"","astra-migrate-meta-layouts":"default","ast-page-background-enabled":"default","ast-page-background-meta":{"desktop":{"background-color":"var(--ast-global-color-5)","background-image":"","background-repeat":"repeat","background-position":"center center","background-size":"auto","background-attachment":"scroll","background-type":"","background-media":"","overlay-type":"","overlay-color":"","overlay-opacity":"","overlay-gradient":""},"tablet":{"background-color":"","background-image":"","background-repeat":"repeat","background-position":"center center","background-size":"auto","background-attachment":"scroll","background-type":"","background-media":"","overlay-type":"","overlay-color":"","overlay-opacity":"","overlay-gradient":""},"mobile":{"background-color":"","background-image":"","background-repeat":"repeat","background-position":"center center","background-size":"auto","background-attachment":"scroll","background-type":"","background-media":"","overlay-type":"","overlay-color":"","overlay-opacity":"","overlay-gradient":""}},"ast-content-background-meta":{"desktop":{"background-color":"var(--ast-global-color-4)","background-image":"","background-repeat":"repeat","background-position":"center center","background-size":"auto","background-attachment":"scroll","background-type":"","background-media":"","overlay-type":"","overlay-color":"","overlay-opacity":"","overlay-gradient":""},"tablet":{"background-color":"var(--ast-global-color-4)","background-image":"","background-repeat":"repeat","background-position":"center center","background-size":"auto","background-attachment":"scroll","background-type":"","background-media":"","overlay-type":"","overlay-color":"","overlay-opacity":"","overlay-gradient":""},"mobile":{"background-color":"var(--ast-global-color-4)","background-image":"","background-repeat":"repeat","background-position":"center center","background-size":"auto","background-attachment":"scroll","background-type":"","background-media":"","overlay-type":"","overlay-color":"","overlay-opacity":"","overlay-gradient":""}},"fifu_image_url":"","fifu_image_alt":"","footnotes":""},"categories":[23],"tags":[25,27,24,26],"class_list":["post-3029","post","type-post","status-publish","format-standard","hentry","category-noticias","tag-infobae","tag-informacion-general","tag-noticias","tag-novedades"],"yoast_head":"<!-- This site is optimized with the Yoast SEO plugin v27.4 - https:\/\/yoast.com\/product\/yoast-seo-wordpress\/ -->\n<title>Cristina Casta\u00f1o cumple su sue\u00f1o de la infancia en \u2018Tu cara me suena 13\u2019: \u201cMi ni\u00f1a interior est\u00e1 muy activa y muy contenta\u201d - HIOX<\/title>\n<meta name=\"description\" content=\"Cristina Casta\u00f1o cumple su sue\u00f1o de la infancia en \u2018Tu cara me suena 13\u2019: \u201cMi ni\u00f1a interior est\u00e1 muy activa y muy contenta\u201d. La actriz se lanza a imitar en la nueva temporada de \u2018Tu cara me suena\u2019 sorprendiendo al p\u00fablico con su talento musical\" \/>\n<meta name=\"robots\" content=\"index, follow, max-snippet:-1, max-image-preview:large, max-video-preview:-1\" \/>\n<link rel=\"canonical\" href=\"https:\/\/hiox.com.ar\/hiox\/cristina-castano-cumple-su-sueno-de-la-infancia-en-tu-cara-me-suena-13-mi-nina-interior-esta-muy-activa-y-muy-contenta\/\" \/>\n<meta property=\"og:locale\" content=\"es_ES\" \/>\n<meta property=\"og:type\" content=\"article\" \/>\n<meta property=\"og:title\" content=\"Cristina Casta\u00f1o cumple su sue\u00f1o de la infancia en \u2018Tu cara me suena 13\u2019: \u201cMi ni\u00f1a interior est\u00e1 muy activa y muy contenta\u201d - HIOX\" \/>\n<meta property=\"og:description\" content=\"Cristina Casta\u00f1o cumple su sue\u00f1o de la infancia en \u2018Tu cara me suena 13\u2019: \u201cMi ni\u00f1a interior est\u00e1 muy activa y muy contenta\u201d. La actriz se lanza a imitar en la nueva temporada de \u2018Tu cara me suena\u2019 sorprendiendo al p\u00fablico con su talento musical\" \/>\n<meta property=\"og:url\" content=\"https:\/\/hiox.com.ar\/hiox\/cristina-castano-cumple-su-sueno-de-la-infancia-en-tu-cara-me-suena-13-mi-nina-interior-esta-muy-activa-y-muy-contenta\/\" \/>\n<meta property=\"og:site_name\" content=\"HIOX\" \/>\n<meta property=\"article:published_time\" content=\"2026-04-23T05:57:00+00:00\" \/>\n<meta property=\"og:image\" content=\"https:\/\/www.infobae.com\/resizer\/v2\/JFOT7ZIJCVHKZNQBWBOLGELGLE.jpg?auth=898d86c38c7f3d054576c590ee11a5892ab04031228509dbb415b21a75663502&amp;smart=true&amp;width=4311&amp;height=2425\" \/>\n<meta name=\"author\" content=\"Source Author\" \/>\n<meta name=\"twitter:card\" content=\"summary_large_image\" \/>\n<meta name=\"twitter:label1\" content=\"Escrito por\" \/>\n\t<meta name=\"twitter:data1\" content=\"Source Author\" \/>\n\t<meta name=\"twitter:label2\" content=\"Tiempo de lectura\" \/>\n\t<meta name=\"twitter:data2\" content=\"3 minutos\" \/>\n<script type=\"application\/ld+json\" class=\"yoast-schema-graph\">{\"@context\":\"https:\\\/\\\/schema.org\",\"@graph\":[{\"@type\":\"NewsArticle\",\"@id\":\"https:\\\/\\\/hiox.com.ar\\\/hiox\\\/cristina-castano-cumple-su-sueno-de-la-infancia-en-tu-cara-me-suena-13-mi-nina-interior-esta-muy-activa-y-muy-contenta\\\/#article\",\"isPartOf\":{\"@id\":\"https:\\\/\\\/hiox.com.ar\\\/hiox\\\/cristina-castano-cumple-su-sueno-de-la-infancia-en-tu-cara-me-suena-13-mi-nina-interior-esta-muy-activa-y-muy-contenta\\\/\"},\"author\":{\"name\":\"Source Author\",\"@id\":\"https:\\\/\\\/hiox.com.ar\\\/hiox\\\/#\\\/schema\\\/person\\\/f70183b020df72016f0614086c3cf170\"},\"headline\":\"Cristina Casta\u00f1o cumple su sue\u00f1o de la infancia en \u2018Tu cara me suena 13\u2019: \u201cMi ni\u00f1a interior est\u00e1 muy activa y muy contenta\u201d\",\"datePublished\":\"2026-04-23T05:57:00+00:00\",\"mainEntityOfPage\":{\"@id\":\"https:\\\/\\\/hiox.com.ar\\\/hiox\\\/cristina-castano-cumple-su-sueno-de-la-infancia-en-tu-cara-me-suena-13-mi-nina-interior-esta-muy-activa-y-muy-contenta\\\/\"},\"wordCount\":721,\"commentCount\":0,\"publisher\":{\"@id\":\"https:\\\/\\\/hiox.com.ar\\\/hiox\\\/#organization\"},\"image\":{\"@id\":\"https:\\\/\\\/hiox.com.ar\\\/hiox\\\/cristina-castano-cumple-su-sueno-de-la-infancia-en-tu-cara-me-suena-13-mi-nina-interior-esta-muy-activa-y-muy-contenta\\\/#primaryimage\"},\"thumbnailUrl\":\"https:\\\/\\\/www.infobae.com\\\/resizer\\\/v2\\\/JFOT7ZIJCVHKZNQBWBOLGELGLE.jpg?auth=898d86c38c7f3d054576c590ee11a5892ab04031228509dbb415b21a75663502&amp;smart=true&amp;width=4311&amp;height=2425\",\"keywords\":[\"Infobae\",\"Informaci\u00f3n General\",\"Noticias\",\"Novedades\"],\"articleSection\":[\"\ud83d\udcf0 Noticias \ud83d\uddde\ufe0f\"],\"inLanguage\":\"es\",\"potentialAction\":[{\"@type\":\"CommentAction\",\"name\":\"Comment\",\"target\":[\"https:\\\/\\\/hiox.com.ar\\\/hiox\\\/cristina-castano-cumple-su-sueno-de-la-infancia-en-tu-cara-me-suena-13-mi-nina-interior-esta-muy-activa-y-muy-contenta\\\/#respond\"]}]},{\"@type\":[\"WebPage\",\"ItemPage\"],\"@id\":\"https:\\\/\\\/hiox.com.ar\\\/hiox\\\/cristina-castano-cumple-su-sueno-de-la-infancia-en-tu-cara-me-suena-13-mi-nina-interior-esta-muy-activa-y-muy-contenta\\\/\",\"url\":\"https:\\\/\\\/hiox.com.ar\\\/hiox\\\/cristina-castano-cumple-su-sueno-de-la-infancia-en-tu-cara-me-suena-13-mi-nina-interior-esta-muy-activa-y-muy-contenta\\\/\",\"name\":\"Cristina Casta\u00f1o cumple su sue\u00f1o de la infancia en \u2018Tu cara me suena 13\u2019: \u201cMi ni\u00f1a interior est\u00e1 muy activa y muy contenta\u201d - HIOX\",\"isPartOf\":{\"@id\":\"https:\\\/\\\/hiox.com.ar\\\/hiox\\\/#website\"},\"primaryImageOfPage\":{\"@id\":\"https:\\\/\\\/hiox.com.ar\\\/hiox\\\/cristina-castano-cumple-su-sueno-de-la-infancia-en-tu-cara-me-suena-13-mi-nina-interior-esta-muy-activa-y-muy-contenta\\\/#primaryimage\"},\"image\":{\"@id\":\"https:\\\/\\\/hiox.com.ar\\\/hiox\\\/cristina-castano-cumple-su-sueno-de-la-infancia-en-tu-cara-me-suena-13-mi-nina-interior-esta-muy-activa-y-muy-contenta\\\/#primaryimage\"},\"thumbnailUrl\":\"https:\\\/\\\/www.infobae.com\\\/resizer\\\/v2\\\/JFOT7ZIJCVHKZNQBWBOLGELGLE.jpg?auth=898d86c38c7f3d054576c590ee11a5892ab04031228509dbb415b21a75663502&amp;smart=true&amp;width=4311&amp;height=2425\",\"datePublished\":\"2026-04-23T05:57:00+00:00\",\"description\":\"Cristina Casta\u00f1o cumple su sue\u00f1o de la infancia en \u2018Tu cara me suena 13\u2019: \u201cMi ni\u00f1a interior est\u00e1 muy activa y muy contenta\u201d. La actriz se lanza a imitar en la nueva temporada de \u2018Tu cara me suena\u2019 sorprendiendo al p\u00fablico con su talento musical\",\"breadcrumb\":{\"@id\":\"https:\\\/\\\/hiox.com.ar\\\/hiox\\\/cristina-castano-cumple-su-sueno-de-la-infancia-en-tu-cara-me-suena-13-mi-nina-interior-esta-muy-activa-y-muy-contenta\\\/#breadcrumb\"},\"inLanguage\":\"es\",\"potentialAction\":[{\"@type\":\"ReadAction\",\"target\":[\"https:\\\/\\\/hiox.com.ar\\\/hiox\\\/cristina-castano-cumple-su-sueno-de-la-infancia-en-tu-cara-me-suena-13-mi-nina-interior-esta-muy-activa-y-muy-contenta\\\/\"]}]},{\"@type\":\"ImageObject\",\"inLanguage\":\"es\",\"@id\":\"https:\\\/\\\/hiox.com.ar\\\/hiox\\\/cristina-castano-cumple-su-sueno-de-la-infancia-en-tu-cara-me-suena-13-mi-nina-interior-esta-muy-activa-y-muy-contenta\\\/#primaryimage\",\"url\":\"https:\\\/\\\/www.infobae.com\\\/resizer\\\/v2\\\/JFOT7ZIJCVHKZNQBWBOLGELGLE.jpg?auth=898d86c38c7f3d054576c590ee11a5892ab04031228509dbb415b21a75663502&amp;smart=true&amp;width=4311&amp;height=2425\",\"contentUrl\":\"https:\\\/\\\/www.infobae.com\\\/resizer\\\/v2\\\/JFOT7ZIJCVHKZNQBWBOLGELGLE.jpg?auth=898d86c38c7f3d054576c590ee11a5892ab04031228509dbb415b21a75663502&amp;smart=true&amp;width=4311&amp;height=2425\"},{\"@type\":\"BreadcrumbList\",\"@id\":\"https:\\\/\\\/hiox.com.ar\\\/hiox\\\/cristina-castano-cumple-su-sueno-de-la-infancia-en-tu-cara-me-suena-13-mi-nina-interior-esta-muy-activa-y-muy-contenta\\\/#breadcrumb\",\"itemListElement\":[{\"@type\":\"ListItem\",\"position\":1,\"name\":\"Portada\",\"item\":\"https:\\\/\\\/hiox.com.ar\\\/hiox\\\/\"},{\"@type\":\"ListItem\",\"position\":2,\"name\":\"Cristina Casta\u00f1o cumple su sue\u00f1o de la infancia en \u2018Tu cara me suena 13\u2019: \u201cMi ni\u00f1a interior est\u00e1 muy activa y muy contenta\u201d\"}]},{\"@type\":\"WebSite\",\"@id\":\"https:\\\/\\\/hiox.com.ar\\\/hiox\\\/#website\",\"url\":\"https:\\\/\\\/hiox.com.ar\\\/hiox\\\/\",\"name\":\"HIOX\",\"description\":\"Comercio Electronico\",\"publisher\":{\"@id\":\"https:\\\/\\\/hiox.com.ar\\\/hiox\\\/#organization\"},\"potentialAction\":[{\"@type\":\"SearchAction\",\"target\":{\"@type\":\"EntryPoint\",\"urlTemplate\":\"https:\\\/\\\/hiox.com.ar\\\/hiox\\\/?s={search_term_string}\"},\"query-input\":{\"@type\":\"PropertyValueSpecification\",\"valueRequired\":true,\"valueName\":\"search_term_string\"}}],\"inLanguage\":\"es\"},{\"@type\":\"Organization\",\"@id\":\"https:\\\/\\\/hiox.com.ar\\\/hiox\\\/#organization\",\"name\":\"HIOX\",\"url\":\"https:\\\/\\\/hiox.com.ar\\\/hiox\\\/\",\"logo\":{\"@type\":\"ImageObject\",\"inLanguage\":\"es\",\"@id\":\"https:\\\/\\\/hiox.com.ar\\\/hiox\\\/#\\\/schema\\\/logo\\\/image\\\/\",\"url\":\"https:\\\/\\\/hiox.com.ar\\\/hiox\\\/wp-content\\\/uploads\\\/2025\\\/09\\\/cropped-hiox_logo-1.png\",\"contentUrl\":\"https:\\\/\\\/hiox.com.ar\\\/hiox\\\/wp-content\\\/uploads\\\/2025\\\/09\\\/cropped-hiox_logo-1.png\",\"width\":491,\"height\":158,\"caption\":\"HIOX\"},\"image\":{\"@id\":\"https:\\\/\\\/hiox.com.ar\\\/hiox\\\/#\\\/schema\\\/logo\\\/image\\\/\"}},{\"@type\":\"Person\",\"@id\":\"https:\\\/\\\/hiox.com.ar\\\/hiox\\\/#\\\/schema\\\/person\\\/f70183b020df72016f0614086c3cf170\",\"name\":\"Source Author\",\"image\":{\"@type\":\"ImageObject\",\"inLanguage\":\"es\",\"@id\":\"https:\\\/\\\/secure.gravatar.com\\\/avatar\\\/428a8106f8313bec42aca4e38ea86950b6e88a21b0f2764f9f7a4365dc1017a5?s=96&d=mm&r=g\",\"url\":\"https:\\\/\\\/secure.gravatar.com\\\/avatar\\\/428a8106f8313bec42aca4e38ea86950b6e88a21b0f2764f9f7a4365dc1017a5?s=96&d=mm&r=g\",\"contentUrl\":\"https:\\\/\\\/secure.gravatar.com\\\/avatar\\\/428a8106f8313bec42aca4e38ea86950b6e88a21b0f2764f9f7a4365dc1017a5?s=96&d=mm&r=g\",\"caption\":\"Source Author\"},\"url\":\"https:\\\/\\\/hiox.com.ar\\\/hiox\\\/author\\\/wpra-source-author-site-1\\\/\"}]}<\/script>\n<!-- \/ Yoast SEO plugin. -->","yoast_head_json":{"title":"Cristina Casta\u00f1o cumple su sue\u00f1o de la infancia en \u2018Tu cara me suena 13\u2019: \u201cMi ni\u00f1a interior est\u00e1 muy activa y muy contenta\u201d - HIOX","description":"Cristina Casta\u00f1o cumple su sue\u00f1o de la infancia en \u2018Tu cara me suena 13\u2019: \u201cMi ni\u00f1a interior est\u00e1 muy activa y muy contenta\u201d. La actriz se lanza a imitar en la nueva temporada de \u2018Tu cara me suena\u2019 sorprendiendo al p\u00fablico con su talento musical","robots":{"index":"index","follow":"follow","max-snippet":"max-snippet:-1","max-image-preview":"max-image-preview:large","max-video-preview":"max-video-preview:-1"},"canonical":"https:\/\/hiox.com.ar\/hiox\/cristina-castano-cumple-su-sueno-de-la-infancia-en-tu-cara-me-suena-13-mi-nina-interior-esta-muy-activa-y-muy-contenta\/","og_locale":"es_ES","og_type":"article","og_title":"Cristina Casta\u00f1o cumple su sue\u00f1o de la infancia en \u2018Tu cara me suena 13\u2019: \u201cMi ni\u00f1a interior est\u00e1 muy activa y muy contenta\u201d - HIOX","og_description":"Cristina Casta\u00f1o cumple su sue\u00f1o de la infancia en \u2018Tu cara me suena 13\u2019: \u201cMi ni\u00f1a interior est\u00e1 muy activa y muy contenta\u201d. La actriz se lanza a imitar en la nueva temporada de \u2018Tu cara me suena\u2019 sorprendiendo al p\u00fablico con su talento musical","og_url":"https:\/\/hiox.com.ar\/hiox\/cristina-castano-cumple-su-sueno-de-la-infancia-en-tu-cara-me-suena-13-mi-nina-interior-esta-muy-activa-y-muy-contenta\/","og_site_name":"HIOX","article_published_time":"2026-04-23T05:57:00+00:00","og_image":[{"url":"https:\/\/www.infobae.com\/resizer\/v2\/JFOT7ZIJCVHKZNQBWBOLGELGLE.jpg?auth=898d86c38c7f3d054576c590ee11a5892ab04031228509dbb415b21a75663502&amp;smart=true&amp;width=4311&amp;height=2425","type":"","width":"","height":""}],"author":"Source Author","twitter_card":"summary_large_image","twitter_misc":{"Escrito por":"Source Author","Tiempo de lectura":"3 minutos"},"schema":{"@context":"https:\/\/schema.org","@graph":[{"@type":"NewsArticle","@id":"https:\/\/hiox.com.ar\/hiox\/cristina-castano-cumple-su-sueno-de-la-infancia-en-tu-cara-me-suena-13-mi-nina-interior-esta-muy-activa-y-muy-contenta\/#article","isPartOf":{"@id":"https:\/\/hiox.com.ar\/hiox\/cristina-castano-cumple-su-sueno-de-la-infancia-en-tu-cara-me-suena-13-mi-nina-interior-esta-muy-activa-y-muy-contenta\/"},"author":{"name":"Source Author","@id":"https:\/\/hiox.com.ar\/hiox\/#\/schema\/person\/f70183b020df72016f0614086c3cf170"},"headline":"Cristina Casta\u00f1o cumple su sue\u00f1o de la infancia en \u2018Tu cara me suena 13\u2019: \u201cMi ni\u00f1a interior est\u00e1 muy activa y muy contenta\u201d","datePublished":"2026-04-23T05:57:00+00:00","mainEntityOfPage":{"@id":"https:\/\/hiox.com.ar\/hiox\/cristina-castano-cumple-su-sueno-de-la-infancia-en-tu-cara-me-suena-13-mi-nina-interior-esta-muy-activa-y-muy-contenta\/"},"wordCount":721,"commentCount":0,"publisher":{"@id":"https:\/\/hiox.com.ar\/hiox\/#organization"},"image":{"@id":"https:\/\/hiox.com.ar\/hiox\/cristina-castano-cumple-su-sueno-de-la-infancia-en-tu-cara-me-suena-13-mi-nina-interior-esta-muy-activa-y-muy-contenta\/#primaryimage"},"thumbnailUrl":"https:\/\/www.infobae.com\/resizer\/v2\/JFOT7ZIJCVHKZNQBWBOLGELGLE.jpg?auth=898d86c38c7f3d054576c590ee11a5892ab04031228509dbb415b21a75663502&amp;smart=true&amp;width=4311&amp;height=2425","keywords":["Infobae","Informaci\u00f3n General","Noticias","Novedades"],"articleSection":["\ud83d\udcf0 Noticias \ud83d\uddde\ufe0f"],"inLanguage":"es","potentialAction":[{"@type":"CommentAction","name":"Comment","target":["https:\/\/hiox.com.ar\/hiox\/cristina-castano-cumple-su-sueno-de-la-infancia-en-tu-cara-me-suena-13-mi-nina-interior-esta-muy-activa-y-muy-contenta\/#respond"]}]},{"@type":["WebPage","ItemPage"],"@id":"https:\/\/hiox.com.ar\/hiox\/cristina-castano-cumple-su-sueno-de-la-infancia-en-tu-cara-me-suena-13-mi-nina-interior-esta-muy-activa-y-muy-contenta\/","url":"https:\/\/hiox.com.ar\/hiox\/cristina-castano-cumple-su-sueno-de-la-infancia-en-tu-cara-me-suena-13-mi-nina-interior-esta-muy-activa-y-muy-contenta\/","name":"Cristina Casta\u00f1o cumple su sue\u00f1o de la infancia en \u2018Tu cara me suena 13\u2019: \u201cMi ni\u00f1a interior est\u00e1 muy activa y muy contenta\u201d - HIOX","isPartOf":{"@id":"https:\/\/hiox.com.ar\/hiox\/#website"},"primaryImageOfPage":{"@id":"https:\/\/hiox.com.ar\/hiox\/cristina-castano-cumple-su-sueno-de-la-infancia-en-tu-cara-me-suena-13-mi-nina-interior-esta-muy-activa-y-muy-contenta\/#primaryimage"},"image":{"@id":"https:\/\/hiox.com.ar\/hiox\/cristina-castano-cumple-su-sueno-de-la-infancia-en-tu-cara-me-suena-13-mi-nina-interior-esta-muy-activa-y-muy-contenta\/#primaryimage"},"thumbnailUrl":"https:\/\/www.infobae.com\/resizer\/v2\/JFOT7ZIJCVHKZNQBWBOLGELGLE.jpg?auth=898d86c38c7f3d054576c590ee11a5892ab04031228509dbb415b21a75663502&amp;smart=true&amp;width=4311&amp;height=2425","datePublished":"2026-04-23T05:57:00+00:00","description":"Cristina Casta\u00f1o cumple su sue\u00f1o de la infancia en \u2018Tu cara me suena 13\u2019: \u201cMi ni\u00f1a interior est\u00e1 muy activa y muy contenta\u201d. La actriz se lanza a imitar en la nueva temporada de \u2018Tu cara me suena\u2019 sorprendiendo al p\u00fablico con su talento musical","breadcrumb":{"@id":"https:\/\/hiox.com.ar\/hiox\/cristina-castano-cumple-su-sueno-de-la-infancia-en-tu-cara-me-suena-13-mi-nina-interior-esta-muy-activa-y-muy-contenta\/#breadcrumb"},"inLanguage":"es","potentialAction":[{"@type":"ReadAction","target":["https:\/\/hiox.com.ar\/hiox\/cristina-castano-cumple-su-sueno-de-la-infancia-en-tu-cara-me-suena-13-mi-nina-interior-esta-muy-activa-y-muy-contenta\/"]}]},{"@type":"ImageObject","inLanguage":"es","@id":"https:\/\/hiox.com.ar\/hiox\/cristina-castano-cumple-su-sueno-de-la-infancia-en-tu-cara-me-suena-13-mi-nina-interior-esta-muy-activa-y-muy-contenta\/#primaryimage","url":"https:\/\/www.infobae.com\/resizer\/v2\/JFOT7ZIJCVHKZNQBWBOLGELGLE.jpg?auth=898d86c38c7f3d054576c590ee11a5892ab04031228509dbb415b21a75663502&amp;smart=true&amp;width=4311&amp;height=2425","contentUrl":"https:\/\/www.infobae.com\/resizer\/v2\/JFOT7ZIJCVHKZNQBWBOLGELGLE.jpg?auth=898d86c38c7f3d054576c590ee11a5892ab04031228509dbb415b21a75663502&amp;smart=true&amp;width=4311&amp;height=2425"},{"@type":"BreadcrumbList","@id":"https:\/\/hiox.com.ar\/hiox\/cristina-castano-cumple-su-sueno-de-la-infancia-en-tu-cara-me-suena-13-mi-nina-interior-esta-muy-activa-y-muy-contenta\/#breadcrumb","itemListElement":[{"@type":"ListItem","position":1,"name":"Portada","item":"https:\/\/hiox.com.ar\/hiox\/"},{"@type":"ListItem","position":2,"name":"Cristina Casta\u00f1o cumple su sue\u00f1o de la infancia en \u2018Tu cara me suena 13\u2019: \u201cMi ni\u00f1a interior est\u00e1 muy activa y muy contenta\u201d"}]},{"@type":"WebSite","@id":"https:\/\/hiox.com.ar\/hiox\/#website","url":"https:\/\/hiox.com.ar\/hiox\/","name":"HIOX","description":"Comercio Electronico","publisher":{"@id":"https:\/\/hiox.com.ar\/hiox\/#organization"},"potentialAction":[{"@type":"SearchAction","target":{"@type":"EntryPoint","urlTemplate":"https:\/\/hiox.com.ar\/hiox\/?s={search_term_string}"},"query-input":{"@type":"PropertyValueSpecification","valueRequired":true,"valueName":"search_term_string"}}],"inLanguage":"es"},{"@type":"Organization","@id":"https:\/\/hiox.com.ar\/hiox\/#organization","name":"HIOX","url":"https:\/\/hiox.com.ar\/hiox\/","logo":{"@type":"ImageObject","inLanguage":"es","@id":"https:\/\/hiox.com.ar\/hiox\/#\/schema\/logo\/image\/","url":"https:\/\/hiox.com.ar\/hiox\/wp-content\/uploads\/2025\/09\/cropped-hiox_logo-1.png","contentUrl":"https:\/\/hiox.com.ar\/hiox\/wp-content\/uploads\/2025\/09\/cropped-hiox_logo-1.png","width":491,"height":158,"caption":"HIOX"},"image":{"@id":"https:\/\/hiox.com.ar\/hiox\/#\/schema\/logo\/image\/"}},{"@type":"Person","@id":"https:\/\/hiox.com.ar\/hiox\/#\/schema\/person\/f70183b020df72016f0614086c3cf170","name":"Source Author","image":{"@type":"ImageObject","inLanguage":"es","@id":"https:\/\/secure.gravatar.com\/avatar\/428a8106f8313bec42aca4e38ea86950b6e88a21b0f2764f9f7a4365dc1017a5?s=96&d=mm&r=g","url":"https:\/\/secure.gravatar.com\/avatar\/428a8106f8313bec42aca4e38ea86950b6e88a21b0f2764f9f7a4365dc1017a5?s=96&d=mm&r=g","contentUrl":"https:\/\/secure.gravatar.com\/avatar\/428a8106f8313bec42aca4e38ea86950b6e88a21b0f2764f9f7a4365dc1017a5?s=96&d=mm&r=g","caption":"Source Author"},"url":"https:\/\/hiox.com.ar\/hiox\/author\/wpra-source-author-site-1\/"}]}},"_links":{"self":[{"href":"https:\/\/hiox.com.ar\/hiox\/wp-json\/wp\/v2\/posts\/3029","targetHints":{"allow":["GET"]}}],"collection":[{"href":"https:\/\/hiox.com.ar\/hiox\/wp-json\/wp\/v2\/posts"}],"about":[{"href":"https:\/\/hiox.com.ar\/hiox\/wp-json\/wp\/v2\/types\/post"}],"author":[{"embeddable":true,"href":"https:\/\/hiox.com.ar\/hiox\/wp-json\/wp\/v2\/users\/3"}],"replies":[{"embeddable":true,"href":"https:\/\/hiox.com.ar\/hiox\/wp-json\/wp\/v2\/comments?post=3029"}],"version-history":[{"count":0,"href":"https:\/\/hiox.com.ar\/hiox\/wp-json\/wp\/v2\/posts\/3029\/revisions"}],"wp:attachment":[{"href":"https:\/\/hiox.com.ar\/hiox\/wp-json\/wp\/v2\/media?parent=3029"}],"wp:term":[{"taxonomy":"category","embeddable":true,"href":"https:\/\/hiox.com.ar\/hiox\/wp-json\/wp\/v2\/categories?post=3029"},{"taxonomy":"post_tag","embeddable":true,"href":"https:\/\/hiox.com.ar\/hiox\/wp-json\/wp\/v2\/tags?post=3029"}],"curies":[{"name":"wp","href":"https:\/\/api.w.org\/{rel}","templated":true}]}}