{"id":3021,"date":"2026-04-22T02:59:17","date_gmt":"2026-04-22T05:59:17","guid":{"rendered":"https:\/\/hiox.com.ar\/hiox\/manuela-villena-sorprende-en-la-feria-de-abril-con-un-espectacular-traje-de-gitana-de-rocio-peralta-y-pendientes-del-s-xix\/"},"modified":"2026-04-22T02:59:17","modified_gmt":"2026-04-22T05:59:17","slug":"manuela-villena-sorprende-en-la-feria-de-abril-con-un-espectacular-traje-de-gitana-de-rocio-peralta-y-pendientes-del-s-xix","status":"publish","type":"post","link":"https:\/\/hiox.com.ar\/hiox\/manuela-villena-sorprende-en-la-feria-de-abril-con-un-espectacular-traje-de-gitana-de-rocio-peralta-y-pendientes-del-s-xix\/","title":{"rendered":"Manuela Villena sorprende en la Feria de Abril con un espectacular traje de gitana de Roc\u00edo Peralta y pendientes del S. XIX"},"content":{"rendered":"<p>Informaci\u00f3n detallada sobre <strong>Manuela Villena sorprende en la Feria de Abril con un espectacular traje de gitana de Roc\u00edo Peralta y pendientes del S. XIX<\/strong>. Te traemos las \u00faltimas noticias sobre Noticia Infobae, un tema de gran inter\u00e9s para hoy 22 April, 2026.<\/p>\n<div class=\"entry-content-body\">\n<div><img loading=\"lazy\" decoding=\"async\" src=\"https:\/\/www.infobae.com\/resizer\/v2\/52W4A7EXXZCYBNL5G37Z3YDVI4.jpg?auth=5ebe11ee04117f052b716789832cc04831b16f98595d222dab281d4961c6f159&amp;smart=true&amp;width=669&amp;height=376\" alt=\"Manuela Villena en una imagen compartida por redes (INSTAGRAM).\" height=\"376\" width=\"669\"><\/p>\n<p>La<b> Feria de Abril <\/b>arranc\u00f3 el pasado lunes oficialmente y lo hizo tras la tradicional noche del pesca\u00edto, dejando as\u00ed las primeras im\u00e1genes que marcan el pulso est\u00e9tico de toda la semana. El Real se ha llenado de<b> color, volantes y lunares <\/b>en una jornada inaugural donde la moda flamenca ha recuperado todo su protagonismo. En ese escenario, una figura ha vuelto a destacar con especial fuerza: <a href=\"https:\/\/www.infobae.com\/espana\/2026\/03\/09\/el-lado-personal-de-juanma-moreno-mas-alla-de-la-politica-su-historia-de-amor-con-manuela-villena-y-sus-propiedades-en-malaga-y-sevilla\/\" target=\"_blank\" rel=\"noreferrer\" title=\"https:\/\/www.infobae.com\/espana\/2026\/03\/09\/el-lado-personal-de-juanma-moreno-mas-alla-de-la-politica-su-historia-de-amor-con-manuela-villena-y-sus-propiedades-en-malaga-y-sevilla\/\">Manuela Villena<\/a>, que ha reafirmado su posici\u00f3n como uno de los referentes de estilo m\u00e1s s\u00f3lidos de esta cita.<\/p>\n<p>La <b>polit\u00f3loga y mujer de Juanma Moreno<\/b>, presidente de la Junta de Andaluc\u00eda, ha apostado en este primer d\u00eda por un dise\u00f1o firmado por<b> Roc\u00edo Peralta<\/b>, una de las creadoras m\u00e1s influyentes del panorama andaluz actual. Su elecci\u00f3n no ha sido casual. El vestido, confeccionado en un delicado tono crudo, ha combinado lunares negros con motivos florales en una paleta que se mueve entre los corales y los rojos suaves, demostrando que la mezcla de estampados, cuando se ejecuta con precisi\u00f3n, puede<a href=\"https:\/\/www.infobae.com\/espana\/2026\/04\/22\/de-un-no-me-llamo-la-atencion-a-un-matrimonio-real-27-anos-de-la-noche-en-la-feria-de-sevilla-que-cambio-la-vida-de-guillermo-y-maxima-de-holanda\/\" target=\"_blank\" rel=\"noreferrer\" title=\"https:\/\/www.infobae.com\/espana\/2026\/04\/22\/de-un-no-me-llamo-la-atencion-a-un-matrimonio-real-27-anos-de-la-noche-en-la-feria-de-sevilla-que-cambio-la-vida-de-guillermo-y-maxima-de-holanda\/\"> resultar elegante y arm\u00f3nica.<\/a><\/p>\n<p>La silueta, fiel a los<a href=\"https:\/\/www.infobae.com\/espana\/2026\/04\/21\/las-influencers-invaden-la-feria-de-sevilla-2026-con-versiones-modernas-y-clasicas-del-traje-de-gitana-de-la-reinterpretacion-de-lola-lolita-a-elena-gortari\/\" target=\"_blank\" rel=\"noreferrer\" title=\"https:\/\/www.infobae.com\/espana\/2026\/04\/21\/las-influencers-invaden-la-feria-de-sevilla-2026-con-versiones-modernas-y-clasicas-del-traje-de-gitana-de-la-reinterpretacion-de-lola-lolita-a-elena-gortari\/\"> c\u00f3digos cl\u00e1sicos del traje de flamenca, <\/a>ha dibujado una<b> figura entallada en el torso <\/b>que se abre en una falda de volantes con movimiento. Sin embargo, han sido los detalles los que han elevado la propuesta: tiras bordadas, volantes trabajados y pasacintas de terciopelo en tono coral que aportan textura y profundidad al conjunto. Todo responde a un trabajo artesanal que sigue siendo una de las se\u00f1as de identidad de la dise\u00f1adora.<\/p>\n<p><img loading=\"lazy\" decoding=\"async\" src=\"https:\/\/www.infobae.com\/resizer\/v2\/2YOYN2BS6ZDG5IZYMJWDXETXZM.jpg?auth=6b2329ad593a4edf14d353c7d80fae22fa282077778e1065318e0bd7650e21a1&amp;smart=true&amp;width=892&amp;height=1189\" alt=\"Manuela Villena en una imagen compartida por redes (INSTAGRAM).\" height=\"1189\" width=\"892\"><\/p>\n<p>El estilismo no se ha limitado al vestido. Los complementos han jugado un papel clave en la construcci\u00f3n de una imagen coherente y sofisticada. Villena ha incorporado un mantoncillo en el mismo tono base, bordado con discreci\u00f3n, que ha equilibrado visualmente el conjunto sin restarle protagonismo. A ello se han sumado unas <b>peinas de hueso del<\/b> <b>siglo XIX<\/b>, piezas de car\u00e1cter hist\u00f3rico que introducen un matiz singular y refuerzan el v\u00ednculo con la tradici\u00f3n.<\/p>\n<p>En el apartado de joyer\u00eda, la elecci\u00f3n ha reca\u00eddo en <b>pendientes de coral y \u00f3nix <\/b>firmados por<b> Ignacio de Pilar,<\/b> que han aportado contraste crom\u00e1tico sin romper la armon\u00eda general. El resultado es un ejemplo de c\u00f3mo los accesorios de El Ba\u00fal de Mariquilla pueden completar un look sin caer en el exceso.<\/p>\n<p>El peinado ha seguido la misma l\u00ednea de equilibrio. La melena rubia de Villena se ha recogido en un <b>mo\u00f1o pulido de inspiraci\u00f3n bailarina<\/b>, dejando el rostro despejado. Como toque final, ha incorporado flores naturales \u2014claveles en tonos rojo, fucsia y buganvilla\u2014 que refuerzan el car\u00e1cter festivo y tradicional de la Feria.<\/p>\n<p><img loading=\"lazy\" decoding=\"async\" src=\"https:\/\/www.infobae.com\/resizer\/v2\/53TR5HKTLJHH5P4Q27CFWG7LBM.jpg?auth=d6177927be2f8fa0ced0d24786df25b855186f62ecf1bdb274ddeaff444e81f5&amp;smart=true&amp;width=617&amp;height=822\" alt=\"Manuela Villena en una imagen compartida por redes (INSTAGRAM).\" height=\"822\" width=\"617\"><\/p>\n<h2>Una firma de renombre<\/h2>\n<p>M\u00e1s all\u00e1 de la elecci\u00f3n concreta, este estilismo confirma una tendencia que se consolida a\u00f1o tras a\u00f1o: la reivindicaci\u00f3n de la moda flamenca como un ejercicio de equilibrio entre herencia y contemporaneidad. En este sentido, la figura de Roc\u00edo Peralta resulta clave. La dise\u00f1adora ha logrado reinterpretar los elementos m\u00e1s reconocibles \u2014<b>volantes, lunares y cortes cl\u00e1sicos<\/b>\u2014 desde una mirada actual, apostando por tejidos de calidad y patrones que estilizan la figura sin renunciar a la esencia.<\/p>\n<p>No es la primera vez que sus creaciones pisan el albero de la Feria. Nombres como <b>Victoria de Marichalar o Eugenia Mart\u00ednez de Irujo<\/b> han confiado en su trabajo en anteriores ediciones, contribuyendo a consolidar su prestigio <a href=\"https:\/\/www.infobae.com\/espana\/2026\/04\/22\/silvia-intxaurrondo-confiesa-en-al-cielo-con-ella-disponer-de-tiempo-y-paciencia-para-esperar-la-disculpa-de-feijoo-tras-haberlo-corregido-en-directo\/\" target=\"_blank\" rel=\"noreferrer\" title=\"https:\/\/www.infobae.com\/espana\/2026\/04\/22\/silvia-intxaurrondo-confiesa-en-al-cielo-con-ella-disponer-de-tiempo-y-paciencia-para-esperar-la-disculpa-de-feijoo-tras-haberlo-corregido-en-directo\/\">dentro y fuera de Andaluc\u00eda<\/a>. Incluso artistas como Rosal\u00eda han encontrado en su universo una forma de proyectar la est\u00e9tica espa\u00f1ola a nivel internacional.<\/p>\n<\/div>\n<\/div>\n<hr \/>\n<p>Esta noticia sobre <strong>Manuela Villena sorprende en la Feria de Abril con un espectacular traje de gitana de Roc\u00edo Peralta y pendientes del S. XIX<\/strong> fue publicada originalmente en <a href=\"https:\/\/www.infobae.com\/arc\/outboundfeeds\/rss\/\" target=\"_blank\" rel=\"nofollow\">Infobae.com<\/a>. Puedes ampliar la informaci\u00f3n siguiendo el enlace a la fuente original: <a href=\"https:\/\/www.infobae.com\/espana\/2026\/04\/22\/manuela-villena-deslumbra-en-la-feria-de-sevilla-con-un-traje-de-gitana-de-firma-y-pendientes-del-s-xix\/\" target=\"_blank\" rel=\"noopener noreferrer\">Manuela Villena sorprende en la Feria de Abril con un espectacular traje de gitana de Roc\u00edo Peralta y pendientes del S. XIX<\/a>.<\/p>\n<p><small>Categor\u00eda: Noticia Infobae | Fecha: 22 April, 2026<\/small><\/p>\n","protected":false},"excerpt":{"rendered":"<div>La mujer del presidente de la Junta de Andaluc\u00eda ha conquistado el Real de la Feria de Abril con su primer look en el martes de feria<\/div>\n","protected":false},"author":3,"featured_media":0,"comment_status":"open","ping_status":"open","sticky":false,"template":"","format":"standard","meta":{"site-sidebar-layout":"default","site-content-layout":"","ast-site-content-layout":"default","site-content-style":"default","site-sidebar-style":"default","ast-global-header-display":"","ast-banner-title-visibility":"","ast-main-header-display":"","ast-hfb-above-header-display":"","ast-hfb-below-header-display":"","ast-hfb-mobile-header-display":"","site-post-title":"","ast-breadcrumbs-content":"","ast-featured-img":"","footer-sml-layout":"","ast-disable-related-posts":"","theme-transparent-header-meta":"","adv-header-id-meta":"","stick-header-meta":"","header-above-stick-meta":"","header-main-stick-meta":"","header-below-stick-meta":"","astra-migrate-meta-layouts":"default","ast-page-background-enabled":"default","ast-page-background-meta":{"desktop":{"background-color":"var(--ast-global-color-5)","background-image":"","background-repeat":"repeat","background-position":"center center","background-size":"auto","background-attachment":"scroll","background-type":"","background-media":"","overlay-type":"","overlay-color":"","overlay-opacity":"","overlay-gradient":""},"tablet":{"background-color":"","background-image":"","background-repeat":"repeat","background-position":"center center","background-size":"auto","background-attachment":"scroll","background-type":"","background-media":"","overlay-type":"","overlay-color":"","overlay-opacity":"","overlay-gradient":""},"mobile":{"background-color":"","background-image":"","background-repeat":"repeat","background-position":"center center","background-size":"auto","background-attachment":"scroll","background-type":"","background-media":"","overlay-type":"","overlay-color":"","overlay-opacity":"","overlay-gradient":""}},"ast-content-background-meta":{"desktop":{"background-color":"var(--ast-global-color-4)","background-image":"","background-repeat":"repeat","background-position":"center center","background-size":"auto","background-attachment":"scroll","background-type":"","background-media":"","overlay-type":"","overlay-color":"","overlay-opacity":"","overlay-gradient":""},"tablet":{"background-color":"var(--ast-global-color-4)","background-image":"","background-repeat":"repeat","background-position":"center center","background-size":"auto","background-attachment":"scroll","background-type":"","background-media":"","overlay-type":"","overlay-color":"","overlay-opacity":"","overlay-gradient":""},"mobile":{"background-color":"var(--ast-global-color-4)","background-image":"","background-repeat":"repeat","background-position":"center center","background-size":"auto","background-attachment":"scroll","background-type":"","background-media":"","overlay-type":"","overlay-color":"","overlay-opacity":"","overlay-gradient":""}},"fifu_image_url":"","fifu_image_alt":"","footnotes":""},"categories":[23],"tags":[25,27,24,26],"class_list":["post-3021","post","type-post","status-publish","format-standard","hentry","category-noticias","tag-infobae","tag-informacion-general","tag-noticias","tag-novedades"],"yoast_head":"<!-- This site is optimized with the Yoast SEO plugin v27.4 - https:\/\/yoast.com\/product\/yoast-seo-wordpress\/ -->\n<title>Manuela Villena sorprende en la Feria de Abril con un espectacular traje de gitana de Roc\u00edo Peralta y pendientes del S. XIX - HIOX<\/title>\n<meta name=\"description\" content=\"Manuela Villena sorprende en la Feria de Abril con un espectacular traje de gitana de Roc\u00edo Peralta y pendientes del S. XIX. La mujer del presidente de la Junta de Andaluc\u00eda ha conquistado el Real de la Feria de Abril con su primer look en el martes de feria\" \/>\n<meta name=\"robots\" content=\"index, follow, max-snippet:-1, max-image-preview:large, max-video-preview:-1\" \/>\n<link rel=\"canonical\" href=\"https:\/\/hiox.com.ar\/hiox\/manuela-villena-sorprende-en-la-feria-de-abril-con-un-espectacular-traje-de-gitana-de-rocio-peralta-y-pendientes-del-s-xix\/\" \/>\n<meta property=\"og:locale\" content=\"es_ES\" \/>\n<meta property=\"og:type\" content=\"article\" \/>\n<meta property=\"og:title\" content=\"Manuela Villena sorprende en la Feria de Abril con un espectacular traje de gitana de Roc\u00edo Peralta y pendientes del S. XIX - HIOX\" \/>\n<meta property=\"og:description\" content=\"Manuela Villena sorprende en la Feria de Abril con un espectacular traje de gitana de Roc\u00edo Peralta y pendientes del S. XIX. La mujer del presidente de la Junta de Andaluc\u00eda ha conquistado el Real de la Feria de Abril con su primer look en el martes de feria\" \/>\n<meta property=\"og:url\" content=\"https:\/\/hiox.com.ar\/hiox\/manuela-villena-sorprende-en-la-feria-de-abril-con-un-espectacular-traje-de-gitana-de-rocio-peralta-y-pendientes-del-s-xix\/\" \/>\n<meta property=\"og:site_name\" content=\"HIOX\" \/>\n<meta property=\"article:published_time\" content=\"2026-04-22T05:59:17+00:00\" \/>\n<meta property=\"og:image\" content=\"https:\/\/www.infobae.com\/resizer\/v2\/52W4A7EXXZCYBNL5G37Z3YDVI4.jpg?auth=5ebe11ee04117f052b716789832cc04831b16f98595d222dab281d4961c6f159&amp;smart=true&amp;width=669&amp;height=376\" \/>\n<meta name=\"author\" content=\"Source Author\" \/>\n<meta name=\"twitter:card\" content=\"summary_large_image\" \/>\n<meta name=\"twitter:label1\" content=\"Escrito por\" \/>\n\t<meta name=\"twitter:data1\" content=\"Source Author\" \/>\n\t<meta name=\"twitter:label2\" content=\"Tiempo de lectura\" \/>\n\t<meta name=\"twitter:data2\" content=\"4 minutos\" \/>\n<script type=\"application\/ld+json\" class=\"yoast-schema-graph\">{\"@context\":\"https:\\\/\\\/schema.org\",\"@graph\":[{\"@type\":\"NewsArticle\",\"@id\":\"https:\\\/\\\/hiox.com.ar\\\/hiox\\\/manuela-villena-sorprende-en-la-feria-de-abril-con-un-espectacular-traje-de-gitana-de-rocio-peralta-y-pendientes-del-s-xix\\\/#article\",\"isPartOf\":{\"@id\":\"https:\\\/\\\/hiox.com.ar\\\/hiox\\\/manuela-villena-sorprende-en-la-feria-de-abril-con-un-espectacular-traje-de-gitana-de-rocio-peralta-y-pendientes-del-s-xix\\\/\"},\"author\":{\"name\":\"Source Author\",\"@id\":\"https:\\\/\\\/hiox.com.ar\\\/hiox\\\/#\\\/schema\\\/person\\\/f70183b020df72016f0614086c3cf170\"},\"headline\":\"Manuela Villena sorprende en la Feria de Abril con un espectacular traje de gitana de Roc\u00edo Peralta y pendientes del S. XIX\",\"datePublished\":\"2026-04-22T05:59:17+00:00\",\"mainEntityOfPage\":{\"@id\":\"https:\\\/\\\/hiox.com.ar\\\/hiox\\\/manuela-villena-sorprende-en-la-feria-de-abril-con-un-espectacular-traje-de-gitana-de-rocio-peralta-y-pendientes-del-s-xix\\\/\"},\"wordCount\":759,\"commentCount\":0,\"publisher\":{\"@id\":\"https:\\\/\\\/hiox.com.ar\\\/hiox\\\/#organization\"},\"image\":{\"@id\":\"https:\\\/\\\/hiox.com.ar\\\/hiox\\\/manuela-villena-sorprende-en-la-feria-de-abril-con-un-espectacular-traje-de-gitana-de-rocio-peralta-y-pendientes-del-s-xix\\\/#primaryimage\"},\"thumbnailUrl\":\"https:\\\/\\\/www.infobae.com\\\/resizer\\\/v2\\\/52W4A7EXXZCYBNL5G37Z3YDVI4.jpg?auth=5ebe11ee04117f052b716789832cc04831b16f98595d222dab281d4961c6f159&amp;smart=true&amp;width=669&amp;height=376\",\"keywords\":[\"Infobae\",\"Informaci\u00f3n General\",\"Noticias\",\"Novedades\"],\"articleSection\":[\"\ud83d\udcf0 Noticias \ud83d\uddde\ufe0f\"],\"inLanguage\":\"es\",\"potentialAction\":[{\"@type\":\"CommentAction\",\"name\":\"Comment\",\"target\":[\"https:\\\/\\\/hiox.com.ar\\\/hiox\\\/manuela-villena-sorprende-en-la-feria-de-abril-con-un-espectacular-traje-de-gitana-de-rocio-peralta-y-pendientes-del-s-xix\\\/#respond\"]}]},{\"@type\":[\"WebPage\",\"ItemPage\"],\"@id\":\"https:\\\/\\\/hiox.com.ar\\\/hiox\\\/manuela-villena-sorprende-en-la-feria-de-abril-con-un-espectacular-traje-de-gitana-de-rocio-peralta-y-pendientes-del-s-xix\\\/\",\"url\":\"https:\\\/\\\/hiox.com.ar\\\/hiox\\\/manuela-villena-sorprende-en-la-feria-de-abril-con-un-espectacular-traje-de-gitana-de-rocio-peralta-y-pendientes-del-s-xix\\\/\",\"name\":\"Manuela Villena sorprende en la Feria de Abril con un espectacular traje de gitana de Roc\u00edo Peralta y pendientes del S. XIX - HIOX\",\"isPartOf\":{\"@id\":\"https:\\\/\\\/hiox.com.ar\\\/hiox\\\/#website\"},\"primaryImageOfPage\":{\"@id\":\"https:\\\/\\\/hiox.com.ar\\\/hiox\\\/manuela-villena-sorprende-en-la-feria-de-abril-con-un-espectacular-traje-de-gitana-de-rocio-peralta-y-pendientes-del-s-xix\\\/#primaryimage\"},\"image\":{\"@id\":\"https:\\\/\\\/hiox.com.ar\\\/hiox\\\/manuela-villena-sorprende-en-la-feria-de-abril-con-un-espectacular-traje-de-gitana-de-rocio-peralta-y-pendientes-del-s-xix\\\/#primaryimage\"},\"thumbnailUrl\":\"https:\\\/\\\/www.infobae.com\\\/resizer\\\/v2\\\/52W4A7EXXZCYBNL5G37Z3YDVI4.jpg?auth=5ebe11ee04117f052b716789832cc04831b16f98595d222dab281d4961c6f159&amp;smart=true&amp;width=669&amp;height=376\",\"datePublished\":\"2026-04-22T05:59:17+00:00\",\"description\":\"Manuela Villena sorprende en la Feria de Abril con un espectacular traje de gitana de Roc\u00edo Peralta y pendientes del S. XIX. La mujer del presidente de la Junta de Andaluc\u00eda ha conquistado el Real de la Feria de Abril con su primer look en el martes de feria\",\"breadcrumb\":{\"@id\":\"https:\\\/\\\/hiox.com.ar\\\/hiox\\\/manuela-villena-sorprende-en-la-feria-de-abril-con-un-espectacular-traje-de-gitana-de-rocio-peralta-y-pendientes-del-s-xix\\\/#breadcrumb\"},\"inLanguage\":\"es\",\"potentialAction\":[{\"@type\":\"ReadAction\",\"target\":[\"https:\\\/\\\/hiox.com.ar\\\/hiox\\\/manuela-villena-sorprende-en-la-feria-de-abril-con-un-espectacular-traje-de-gitana-de-rocio-peralta-y-pendientes-del-s-xix\\\/\"]}]},{\"@type\":\"ImageObject\",\"inLanguage\":\"es\",\"@id\":\"https:\\\/\\\/hiox.com.ar\\\/hiox\\\/manuela-villena-sorprende-en-la-feria-de-abril-con-un-espectacular-traje-de-gitana-de-rocio-peralta-y-pendientes-del-s-xix\\\/#primaryimage\",\"url\":\"https:\\\/\\\/www.infobae.com\\\/resizer\\\/v2\\\/52W4A7EXXZCYBNL5G37Z3YDVI4.jpg?auth=5ebe11ee04117f052b716789832cc04831b16f98595d222dab281d4961c6f159&amp;smart=true&amp;width=669&amp;height=376\",\"contentUrl\":\"https:\\\/\\\/www.infobae.com\\\/resizer\\\/v2\\\/52W4A7EXXZCYBNL5G37Z3YDVI4.jpg?auth=5ebe11ee04117f052b716789832cc04831b16f98595d222dab281d4961c6f159&amp;smart=true&amp;width=669&amp;height=376\"},{\"@type\":\"BreadcrumbList\",\"@id\":\"https:\\\/\\\/hiox.com.ar\\\/hiox\\\/manuela-villena-sorprende-en-la-feria-de-abril-con-un-espectacular-traje-de-gitana-de-rocio-peralta-y-pendientes-del-s-xix\\\/#breadcrumb\",\"itemListElement\":[{\"@type\":\"ListItem\",\"position\":1,\"name\":\"Portada\",\"item\":\"https:\\\/\\\/hiox.com.ar\\\/hiox\\\/\"},{\"@type\":\"ListItem\",\"position\":2,\"name\":\"Manuela Villena sorprende en la Feria de Abril con un espectacular traje de gitana de Roc\u00edo Peralta y pendientes del S. XIX\"}]},{\"@type\":\"WebSite\",\"@id\":\"https:\\\/\\\/hiox.com.ar\\\/hiox\\\/#website\",\"url\":\"https:\\\/\\\/hiox.com.ar\\\/hiox\\\/\",\"name\":\"HIOX\",\"description\":\"Comercio Electronico\",\"publisher\":{\"@id\":\"https:\\\/\\\/hiox.com.ar\\\/hiox\\\/#organization\"},\"potentialAction\":[{\"@type\":\"SearchAction\",\"target\":{\"@type\":\"EntryPoint\",\"urlTemplate\":\"https:\\\/\\\/hiox.com.ar\\\/hiox\\\/?s={search_term_string}\"},\"query-input\":{\"@type\":\"PropertyValueSpecification\",\"valueRequired\":true,\"valueName\":\"search_term_string\"}}],\"inLanguage\":\"es\"},{\"@type\":\"Organization\",\"@id\":\"https:\\\/\\\/hiox.com.ar\\\/hiox\\\/#organization\",\"name\":\"HIOX\",\"url\":\"https:\\\/\\\/hiox.com.ar\\\/hiox\\\/\",\"logo\":{\"@type\":\"ImageObject\",\"inLanguage\":\"es\",\"@id\":\"https:\\\/\\\/hiox.com.ar\\\/hiox\\\/#\\\/schema\\\/logo\\\/image\\\/\",\"url\":\"https:\\\/\\\/hiox.com.ar\\\/hiox\\\/wp-content\\\/uploads\\\/2025\\\/09\\\/cropped-hiox_logo-1.png\",\"contentUrl\":\"https:\\\/\\\/hiox.com.ar\\\/hiox\\\/wp-content\\\/uploads\\\/2025\\\/09\\\/cropped-hiox_logo-1.png\",\"width\":491,\"height\":158,\"caption\":\"HIOX\"},\"image\":{\"@id\":\"https:\\\/\\\/hiox.com.ar\\\/hiox\\\/#\\\/schema\\\/logo\\\/image\\\/\"}},{\"@type\":\"Person\",\"@id\":\"https:\\\/\\\/hiox.com.ar\\\/hiox\\\/#\\\/schema\\\/person\\\/f70183b020df72016f0614086c3cf170\",\"name\":\"Source Author\",\"image\":{\"@type\":\"ImageObject\",\"inLanguage\":\"es\",\"@id\":\"https:\\\/\\\/secure.gravatar.com\\\/avatar\\\/428a8106f8313bec42aca4e38ea86950b6e88a21b0f2764f9f7a4365dc1017a5?s=96&d=mm&r=g\",\"url\":\"https:\\\/\\\/secure.gravatar.com\\\/avatar\\\/428a8106f8313bec42aca4e38ea86950b6e88a21b0f2764f9f7a4365dc1017a5?s=96&d=mm&r=g\",\"contentUrl\":\"https:\\\/\\\/secure.gravatar.com\\\/avatar\\\/428a8106f8313bec42aca4e38ea86950b6e88a21b0f2764f9f7a4365dc1017a5?s=96&d=mm&r=g\",\"caption\":\"Source Author\"},\"url\":\"https:\\\/\\\/hiox.com.ar\\\/hiox\\\/author\\\/wpra-source-author-site-1\\\/\"}]}<\/script>\n<!-- \/ Yoast SEO plugin. -->","yoast_head_json":{"title":"Manuela Villena sorprende en la Feria de Abril con un espectacular traje de gitana de Roc\u00edo Peralta y pendientes del S. XIX - HIOX","description":"Manuela Villena sorprende en la Feria de Abril con un espectacular traje de gitana de Roc\u00edo Peralta y pendientes del S. XIX. La mujer del presidente de la Junta de Andaluc\u00eda ha conquistado el Real de la Feria de Abril con su primer look en el martes de feria","robots":{"index":"index","follow":"follow","max-snippet":"max-snippet:-1","max-image-preview":"max-image-preview:large","max-video-preview":"max-video-preview:-1"},"canonical":"https:\/\/hiox.com.ar\/hiox\/manuela-villena-sorprende-en-la-feria-de-abril-con-un-espectacular-traje-de-gitana-de-rocio-peralta-y-pendientes-del-s-xix\/","og_locale":"es_ES","og_type":"article","og_title":"Manuela Villena sorprende en la Feria de Abril con un espectacular traje de gitana de Roc\u00edo Peralta y pendientes del S. XIX - HIOX","og_description":"Manuela Villena sorprende en la Feria de Abril con un espectacular traje de gitana de Roc\u00edo Peralta y pendientes del S. XIX. La mujer del presidente de la Junta de Andaluc\u00eda ha conquistado el Real de la Feria de Abril con su primer look en el martes de feria","og_url":"https:\/\/hiox.com.ar\/hiox\/manuela-villena-sorprende-en-la-feria-de-abril-con-un-espectacular-traje-de-gitana-de-rocio-peralta-y-pendientes-del-s-xix\/","og_site_name":"HIOX","article_published_time":"2026-04-22T05:59:17+00:00","og_image":[{"url":"https:\/\/www.infobae.com\/resizer\/v2\/52W4A7EXXZCYBNL5G37Z3YDVI4.jpg?auth=5ebe11ee04117f052b716789832cc04831b16f98595d222dab281d4961c6f159&amp;smart=true&amp;width=669&amp;height=376","type":"","width":"","height":""}],"author":"Source Author","twitter_card":"summary_large_image","twitter_misc":{"Escrito por":"Source Author","Tiempo de lectura":"4 minutos"},"schema":{"@context":"https:\/\/schema.org","@graph":[{"@type":"NewsArticle","@id":"https:\/\/hiox.com.ar\/hiox\/manuela-villena-sorprende-en-la-feria-de-abril-con-un-espectacular-traje-de-gitana-de-rocio-peralta-y-pendientes-del-s-xix\/#article","isPartOf":{"@id":"https:\/\/hiox.com.ar\/hiox\/manuela-villena-sorprende-en-la-feria-de-abril-con-un-espectacular-traje-de-gitana-de-rocio-peralta-y-pendientes-del-s-xix\/"},"author":{"name":"Source Author","@id":"https:\/\/hiox.com.ar\/hiox\/#\/schema\/person\/f70183b020df72016f0614086c3cf170"},"headline":"Manuela Villena sorprende en la Feria de Abril con un espectacular traje de gitana de Roc\u00edo Peralta y pendientes del S. XIX","datePublished":"2026-04-22T05:59:17+00:00","mainEntityOfPage":{"@id":"https:\/\/hiox.com.ar\/hiox\/manuela-villena-sorprende-en-la-feria-de-abril-con-un-espectacular-traje-de-gitana-de-rocio-peralta-y-pendientes-del-s-xix\/"},"wordCount":759,"commentCount":0,"publisher":{"@id":"https:\/\/hiox.com.ar\/hiox\/#organization"},"image":{"@id":"https:\/\/hiox.com.ar\/hiox\/manuela-villena-sorprende-en-la-feria-de-abril-con-un-espectacular-traje-de-gitana-de-rocio-peralta-y-pendientes-del-s-xix\/#primaryimage"},"thumbnailUrl":"https:\/\/www.infobae.com\/resizer\/v2\/52W4A7EXXZCYBNL5G37Z3YDVI4.jpg?auth=5ebe11ee04117f052b716789832cc04831b16f98595d222dab281d4961c6f159&amp;smart=true&amp;width=669&amp;height=376","keywords":["Infobae","Informaci\u00f3n General","Noticias","Novedades"],"articleSection":["\ud83d\udcf0 Noticias \ud83d\uddde\ufe0f"],"inLanguage":"es","potentialAction":[{"@type":"CommentAction","name":"Comment","target":["https:\/\/hiox.com.ar\/hiox\/manuela-villena-sorprende-en-la-feria-de-abril-con-un-espectacular-traje-de-gitana-de-rocio-peralta-y-pendientes-del-s-xix\/#respond"]}]},{"@type":["WebPage","ItemPage"],"@id":"https:\/\/hiox.com.ar\/hiox\/manuela-villena-sorprende-en-la-feria-de-abril-con-un-espectacular-traje-de-gitana-de-rocio-peralta-y-pendientes-del-s-xix\/","url":"https:\/\/hiox.com.ar\/hiox\/manuela-villena-sorprende-en-la-feria-de-abril-con-un-espectacular-traje-de-gitana-de-rocio-peralta-y-pendientes-del-s-xix\/","name":"Manuela Villena sorprende en la Feria de Abril con un espectacular traje de gitana de Roc\u00edo Peralta y pendientes del S. XIX - HIOX","isPartOf":{"@id":"https:\/\/hiox.com.ar\/hiox\/#website"},"primaryImageOfPage":{"@id":"https:\/\/hiox.com.ar\/hiox\/manuela-villena-sorprende-en-la-feria-de-abril-con-un-espectacular-traje-de-gitana-de-rocio-peralta-y-pendientes-del-s-xix\/#primaryimage"},"image":{"@id":"https:\/\/hiox.com.ar\/hiox\/manuela-villena-sorprende-en-la-feria-de-abril-con-un-espectacular-traje-de-gitana-de-rocio-peralta-y-pendientes-del-s-xix\/#primaryimage"},"thumbnailUrl":"https:\/\/www.infobae.com\/resizer\/v2\/52W4A7EXXZCYBNL5G37Z3YDVI4.jpg?auth=5ebe11ee04117f052b716789832cc04831b16f98595d222dab281d4961c6f159&amp;smart=true&amp;width=669&amp;height=376","datePublished":"2026-04-22T05:59:17+00:00","description":"Manuela Villena sorprende en la Feria de Abril con un espectacular traje de gitana de Roc\u00edo Peralta y pendientes del S. XIX. La mujer del presidente de la Junta de Andaluc\u00eda ha conquistado el Real de la Feria de Abril con su primer look en el martes de feria","breadcrumb":{"@id":"https:\/\/hiox.com.ar\/hiox\/manuela-villena-sorprende-en-la-feria-de-abril-con-un-espectacular-traje-de-gitana-de-rocio-peralta-y-pendientes-del-s-xix\/#breadcrumb"},"inLanguage":"es","potentialAction":[{"@type":"ReadAction","target":["https:\/\/hiox.com.ar\/hiox\/manuela-villena-sorprende-en-la-feria-de-abril-con-un-espectacular-traje-de-gitana-de-rocio-peralta-y-pendientes-del-s-xix\/"]}]},{"@type":"ImageObject","inLanguage":"es","@id":"https:\/\/hiox.com.ar\/hiox\/manuela-villena-sorprende-en-la-feria-de-abril-con-un-espectacular-traje-de-gitana-de-rocio-peralta-y-pendientes-del-s-xix\/#primaryimage","url":"https:\/\/www.infobae.com\/resizer\/v2\/52W4A7EXXZCYBNL5G37Z3YDVI4.jpg?auth=5ebe11ee04117f052b716789832cc04831b16f98595d222dab281d4961c6f159&amp;smart=true&amp;width=669&amp;height=376","contentUrl":"https:\/\/www.infobae.com\/resizer\/v2\/52W4A7EXXZCYBNL5G37Z3YDVI4.jpg?auth=5ebe11ee04117f052b716789832cc04831b16f98595d222dab281d4961c6f159&amp;smart=true&amp;width=669&amp;height=376"},{"@type":"BreadcrumbList","@id":"https:\/\/hiox.com.ar\/hiox\/manuela-villena-sorprende-en-la-feria-de-abril-con-un-espectacular-traje-de-gitana-de-rocio-peralta-y-pendientes-del-s-xix\/#breadcrumb","itemListElement":[{"@type":"ListItem","position":1,"name":"Portada","item":"https:\/\/hiox.com.ar\/hiox\/"},{"@type":"ListItem","position":2,"name":"Manuela Villena sorprende en la Feria de Abril con un espectacular traje de gitana de Roc\u00edo Peralta y pendientes del S. XIX"}]},{"@type":"WebSite","@id":"https:\/\/hiox.com.ar\/hiox\/#website","url":"https:\/\/hiox.com.ar\/hiox\/","name":"HIOX","description":"Comercio Electronico","publisher":{"@id":"https:\/\/hiox.com.ar\/hiox\/#organization"},"potentialAction":[{"@type":"SearchAction","target":{"@type":"EntryPoint","urlTemplate":"https:\/\/hiox.com.ar\/hiox\/?s={search_term_string}"},"query-input":{"@type":"PropertyValueSpecification","valueRequired":true,"valueName":"search_term_string"}}],"inLanguage":"es"},{"@type":"Organization","@id":"https:\/\/hiox.com.ar\/hiox\/#organization","name":"HIOX","url":"https:\/\/hiox.com.ar\/hiox\/","logo":{"@type":"ImageObject","inLanguage":"es","@id":"https:\/\/hiox.com.ar\/hiox\/#\/schema\/logo\/image\/","url":"https:\/\/hiox.com.ar\/hiox\/wp-content\/uploads\/2025\/09\/cropped-hiox_logo-1.png","contentUrl":"https:\/\/hiox.com.ar\/hiox\/wp-content\/uploads\/2025\/09\/cropped-hiox_logo-1.png","width":491,"height":158,"caption":"HIOX"},"image":{"@id":"https:\/\/hiox.com.ar\/hiox\/#\/schema\/logo\/image\/"}},{"@type":"Person","@id":"https:\/\/hiox.com.ar\/hiox\/#\/schema\/person\/f70183b020df72016f0614086c3cf170","name":"Source Author","image":{"@type":"ImageObject","inLanguage":"es","@id":"https:\/\/secure.gravatar.com\/avatar\/428a8106f8313bec42aca4e38ea86950b6e88a21b0f2764f9f7a4365dc1017a5?s=96&d=mm&r=g","url":"https:\/\/secure.gravatar.com\/avatar\/428a8106f8313bec42aca4e38ea86950b6e88a21b0f2764f9f7a4365dc1017a5?s=96&d=mm&r=g","contentUrl":"https:\/\/secure.gravatar.com\/avatar\/428a8106f8313bec42aca4e38ea86950b6e88a21b0f2764f9f7a4365dc1017a5?s=96&d=mm&r=g","caption":"Source Author"},"url":"https:\/\/hiox.com.ar\/hiox\/author\/wpra-source-author-site-1\/"}]}},"_links":{"self":[{"href":"https:\/\/hiox.com.ar\/hiox\/wp-json\/wp\/v2\/posts\/3021","targetHints":{"allow":["GET"]}}],"collection":[{"href":"https:\/\/hiox.com.ar\/hiox\/wp-json\/wp\/v2\/posts"}],"about":[{"href":"https:\/\/hiox.com.ar\/hiox\/wp-json\/wp\/v2\/types\/post"}],"author":[{"embeddable":true,"href":"https:\/\/hiox.com.ar\/hiox\/wp-json\/wp\/v2\/users\/3"}],"replies":[{"embeddable":true,"href":"https:\/\/hiox.com.ar\/hiox\/wp-json\/wp\/v2\/comments?post=3021"}],"version-history":[{"count":0,"href":"https:\/\/hiox.com.ar\/hiox\/wp-json\/wp\/v2\/posts\/3021\/revisions"}],"wp:attachment":[{"href":"https:\/\/hiox.com.ar\/hiox\/wp-json\/wp\/v2\/media?parent=3021"}],"wp:term":[{"taxonomy":"category","embeddable":true,"href":"https:\/\/hiox.com.ar\/hiox\/wp-json\/wp\/v2\/categories?post=3021"},{"taxonomy":"post_tag","embeddable":true,"href":"https:\/\/hiox.com.ar\/hiox\/wp-json\/wp\/v2\/tags?post=3021"}],"curies":[{"name":"wp","href":"https:\/\/api.w.org\/{rel}","templated":true}]}}